








{"id":1758,"date":"2021-04-22T10:00:38","date_gmt":"2021-04-22T10:00:38","guid":{"rendered":"https:\/\/adop.deltasolucoes.com\/?p=1758"},"modified":"2022-01-25T12:32:25","modified_gmt":"2022-01-25T12:32:25","slug":"pos-graduacao-em-quimica-forense-da-universidade-de-ciencias-de-lisboa","status":"publish","type":"post","link":"https:\/\/adop.pt\/en\/pos-graduacao-em-quimica-forense-da-universidade-de-ciencias-de-lisboa\/","title":{"rendered":"P\u00f3s-Gradua\u00e7\u00e3o em Qu\u00edmica Forense da Universidade de Ci\u00eancias de Lisboa"},"content":{"rendered":"<p>O Diretor Executivo da ADoP, Doutor Ant\u00f3nio J\u00falio Nunes, foi convidado pelo quinto ano para lecionar uma aula na P\u00f3s-Gradua\u00e7\u00e3o em Qu\u00edmica Forense da Universidade de Ci\u00eancias de Lisboa.<\/p>\n<p>A aula te\u00f3rico-pr\u00e1tica abordou de forma geral os problemas jur\u00eddicos, os efeitos das subst\u00e2ncias dopantes na sa\u00fade dos praticantes desportivos, bem como os m\u00e9todos de dete\u00e7\u00e3o utilizados nos laborat\u00f3rios antidopagem acreditados pela Ag\u00eancia Mundial Antidopagem.<\/p>\n<p>Neste sentido, o objetivo da aula foi dotar os estudantes e futuros qu\u00edmicos com conhecimentos a respeito do combate realizado pela Ag\u00eancia Mundial Antidopagem e por todas as Autoridades Nacionais Antidopagem na luta contra o uso de subst\u00e2ncias dopantes no desporto, protegendo assim a verdade desportiva e a sa\u00fade dos praticantes desportivos de todo o mundo.<\/p>","protected":false},"excerpt":{"rendered":"<p>O Diretor Executivo da ADoP, Doutor Ant\u00f3nio J\u00falio Nunes, lecionou uma aula na P\u00f3s-Gradua\u00e7\u00e3o em Qu\u00edmica Forense da Universidade de Ci\u00eancias de Lisboa.<\/p>","protected":false},"author":7,"featured_media":1759,"comment_status":"open","ping_status":"open","sticky":false,"template":"","format":"standard","meta":{"_et_pb_use_builder":"","_et_pb_old_content":"","_et_gb_content_width":"","inline_featured_image":false,"footnotes":""},"categories":[1],"tags":[],"class_list":["post-1758","post","type-post","status-publish","format-standard","has-post-thumbnail","hentry","category-sem-categoria"],"acf":[],"yoast_head":"<!-- This site is optimized with the Yoast SEO plugin v25.4 - https:\/\/yoast.com\/wordpress\/plugins\/seo\/ -->\n<title>P\u00f3s-Gradua\u00e7\u00e3o em Qu\u00edmica Forense da Universidade de Ci\u00eancias de Lisboa - ADoP<\/title>\n<meta name=\"robots\" content=\"index, follow, max-snippet:-1, max-image-preview:large, max-video-preview:-1\" \/>\n<link rel=\"canonical\" href=\"https:\/\/adop.pt\/en\/pos-graduacao-em-quimica-forense-da-universidade-de-ciencias-de-lisboa\/\" \/>\n<meta property=\"og:locale\" content=\"en_GB\" \/>\n<meta property=\"og:type\" content=\"article\" \/>\n<meta property=\"og:title\" content=\"P\u00f3s-Gradua\u00e7\u00e3o em Qu\u00edmica Forense da Universidade de Ci\u00eancias de Lisboa - ADoP\" \/>\n<meta property=\"og:description\" content=\"O Diretor Executivo da ADoP, Doutor Ant\u00f3nio J\u00falio Nunes, lecionou uma aula na P\u00f3s-Gradua\u00e7\u00e3o em Qu\u00edmica Forense da Universidade de Ci\u00eancias de Lisboa.\" \/>\n<meta property=\"og:url\" content=\"https:\/\/adop.pt\/en\/pos-graduacao-em-quimica-forense-da-universidade-de-ciencias-de-lisboa\/\" \/>\n<meta property=\"og:site_name\" content=\"ADoP\" \/>\n<meta property=\"article:publisher\" content=\"https:\/\/www.facebook.com\/profile.php?id=61565720170060\" \/>\n<meta property=\"article:published_time\" content=\"2021-04-22T10:00:38+00:00\" \/>\n<meta property=\"article:modified_time\" content=\"2022-01-25T12:32:25+00:00\" \/>\n<meta property=\"og:image\" content=\"https:\/\/adop.pt\/wp-content\/uploads\/2022\/01\/fclisboa_257x320.png\" \/>\n\t<meta property=\"og:image:width\" content=\"580\" \/>\n\t<meta property=\"og:image:height\" content=\"365\" \/>\n\t<meta property=\"og:image:type\" content=\"image\/png\" \/>\n<meta name=\"author\" content=\"cesar.laranjo\" \/>\n<meta name=\"twitter:card\" content=\"summary_large_image\" \/>\n<meta name=\"twitter:label1\" content=\"Written by\" \/>\n\t<meta name=\"twitter:data1\" content=\"cesar.laranjo\" \/>\n\t<meta name=\"twitter:label2\" content=\"Estimated reading time\" \/>\n\t<meta name=\"twitter:data2\" content=\"1 minute\" \/>\n<script type=\"application\/ld+json\" class=\"yoast-schema-graph\">{\"@context\":\"https:\/\/schema.org\",\"@graph\":[{\"@type\":\"Article\",\"@id\":\"https:\/\/adop.pt\/pos-graduacao-em-quimica-forense-da-universidade-de-ciencias-de-lisboa\/#article\",\"isPartOf\":{\"@id\":\"https:\/\/adop.pt\/pos-graduacao-em-quimica-forense-da-universidade-de-ciencias-de-lisboa\/\"},\"author\":{\"name\":\"cesar.laranjo\",\"@id\":\"https:\/\/adop.pt\/#\/schema\/person\/a6e9cbdf0772431261ac9bffb7978b82\"},\"headline\":\"P\u00f3s-Gradua\u00e7\u00e3o em Qu\u00edmica Forense da Universidade de Ci\u00eancias de Lisboa\",\"datePublished\":\"2021-04-22T10:00:38+00:00\",\"dateModified\":\"2022-01-25T12:32:25+00:00\",\"mainEntityOfPage\":{\"@id\":\"https:\/\/adop.pt\/pos-graduacao-em-quimica-forense-da-universidade-de-ciencias-de-lisboa\/\"},\"wordCount\":153,\"commentCount\":0,\"publisher\":{\"@id\":\"https:\/\/adop.pt\/#organization\"},\"image\":{\"@id\":\"https:\/\/adop.pt\/pos-graduacao-em-quimica-forense-da-universidade-de-ciencias-de-lisboa\/#primaryimage\"},\"thumbnailUrl\":\"https:\/\/adop.pt\/wp-content\/uploads\/2022\/01\/fclisboa_257x320.png\",\"articleSection\":[\"Sem categoria\"],\"inLanguage\":\"en-GB\",\"potentialAction\":[{\"@type\":\"CommentAction\",\"name\":\"Comment\",\"target\":[\"https:\/\/adop.pt\/pos-graduacao-em-quimica-forense-da-universidade-de-ciencias-de-lisboa\/#respond\"]}]},{\"@type\":\"WebPage\",\"@id\":\"https:\/\/adop.pt\/pos-graduacao-em-quimica-forense-da-universidade-de-ciencias-de-lisboa\/\",\"url\":\"https:\/\/adop.pt\/pos-graduacao-em-quimica-forense-da-universidade-de-ciencias-de-lisboa\/\",\"name\":\"P\u00f3s-Gradua\u00e7\u00e3o em Qu\u00edmica Forense da Universidade de Ci\u00eancias de Lisboa - ADoP\",\"isPartOf\":{\"@id\":\"https:\/\/adop.pt\/#website\"},\"primaryImageOfPage\":{\"@id\":\"https:\/\/adop.pt\/pos-graduacao-em-quimica-forense-da-universidade-de-ciencias-de-lisboa\/#primaryimage\"},\"image\":{\"@id\":\"https:\/\/adop.pt\/pos-graduacao-em-quimica-forense-da-universidade-de-ciencias-de-lisboa\/#primaryimage\"},\"thumbnailUrl\":\"https:\/\/adop.pt\/wp-content\/uploads\/2022\/01\/fclisboa_257x320.png\",\"datePublished\":\"2021-04-22T10:00:38+00:00\",\"dateModified\":\"2022-01-25T12:32:25+00:00\",\"breadcrumb\":{\"@id\":\"https:\/\/adop.pt\/pos-graduacao-em-quimica-forense-da-universidade-de-ciencias-de-lisboa\/#breadcrumb\"},\"inLanguage\":\"en-GB\",\"potentialAction\":[{\"@type\":\"ReadAction\",\"target\":[\"https:\/\/adop.pt\/pos-graduacao-em-quimica-forense-da-universidade-de-ciencias-de-lisboa\/\"]}]},{\"@type\":\"ImageObject\",\"inLanguage\":\"en-GB\",\"@id\":\"https:\/\/adop.pt\/pos-graduacao-em-quimica-forense-da-universidade-de-ciencias-de-lisboa\/#primaryimage\",\"url\":\"https:\/\/adop.pt\/wp-content\/uploads\/2022\/01\/fclisboa_257x320.png\",\"contentUrl\":\"https:\/\/adop.pt\/wp-content\/uploads\/2022\/01\/fclisboa_257x320.png\",\"width\":580,\"height\":365},{\"@type\":\"BreadcrumbList\",\"@id\":\"https:\/\/adop.pt\/pos-graduacao-em-quimica-forense-da-universidade-de-ciencias-de-lisboa\/#breadcrumb\",\"itemListElement\":[{\"@type\":\"ListItem\",\"position\":1,\"name\":\"In\u00edcio\",\"item\":\"https:\/\/adop.pt\/\"},{\"@type\":\"ListItem\",\"position\":2,\"name\":\"P\u00f3s-Gradua\u00e7\u00e3o em Qu\u00edmica Forense da Universidade de Ci\u00eancias de Lisboa\"}]},{\"@type\":\"WebSite\",\"@id\":\"https:\/\/adop.pt\/#website\",\"url\":\"https:\/\/adop.pt\/\",\"name\":\"ADoP\",\"description\":\"Autoridade Antidopagem de Portugal\",\"publisher\":{\"@id\":\"https:\/\/adop.pt\/#organization\"},\"potentialAction\":[{\"@type\":\"SearchAction\",\"target\":{\"@type\":\"EntryPoint\",\"urlTemplate\":\"https:\/\/adop.pt\/?s={search_term_string}\"},\"query-input\":{\"@type\":\"PropertyValueSpecification\",\"valueRequired\":true,\"valueName\":\"search_term_string\"}}],\"inLanguage\":\"en-GB\"},{\"@type\":\"Organization\",\"@id\":\"https:\/\/adop.pt\/#organization\",\"name\":\"ADoP\",\"url\":\"https:\/\/adop.pt\/\",\"logo\":{\"@type\":\"ImageObject\",\"inLanguage\":\"en-GB\",\"@id\":\"https:\/\/adop.pt\/#\/schema\/logo\/image\/\",\"url\":\"https:\/\/adop.pt\/wp-content\/uploads\/2021\/11\/cropped-adop-logo-bg.jpg\",\"contentUrl\":\"https:\/\/adop.pt\/wp-content\/uploads\/2021\/11\/cropped-adop-logo-bg.jpg\",\"width\":512,\"height\":512,\"caption\":\"ADoP\"},\"image\":{\"@id\":\"https:\/\/adop.pt\/#\/schema\/logo\/image\/\"},\"sameAs\":[\"https:\/\/www.facebook.com\/profile.php?id=61565720170060\",\"https:\/\/www.instagram.com\/antidopagem\/\"]},{\"@type\":\"Person\",\"@id\":\"https:\/\/adop.pt\/#\/schema\/person\/a6e9cbdf0772431261ac9bffb7978b82\",\"name\":\"cesar.laranjo\",\"image\":{\"@type\":\"ImageObject\",\"inLanguage\":\"en-GB\",\"@id\":\"https:\/\/adop.pt\/#\/schema\/person\/image\/\",\"url\":\"https:\/\/secure.gravatar.com\/avatar\/b4f2162739a0f56788d59bb586731d24b41216b1f4bba5ede1255501e7eacaa6?s=96&d=mm&r=g\",\"contentUrl\":\"https:\/\/secure.gravatar.com\/avatar\/b4f2162739a0f56788d59bb586731d24b41216b1f4bba5ede1255501e7eacaa6?s=96&d=mm&r=g\",\"caption\":\"cesar.laranjo\"},\"url\":\"https:\/\/adop.pt\/en\/author\/cesar-laranjo\/\"}]}<\/script>\n<!-- \/ Yoast SEO plugin. -->","yoast_head_json":{"title":"P\u00f3s-Gradua\u00e7\u00e3o em Qu\u00edmica Forense da Universidade de Ci\u00eancias de Lisboa - ADoP","robots":{"index":"index","follow":"follow","max-snippet":"max-snippet:-1","max-image-preview":"max-image-preview:large","max-video-preview":"max-video-preview:-1"},"canonical":"https:\/\/adop.pt\/en\/pos-graduacao-em-quimica-forense-da-universidade-de-ciencias-de-lisboa\/","og_locale":"en_GB","og_type":"article","og_title":"P\u00f3s-Gradua\u00e7\u00e3o em Qu\u00edmica Forense da Universidade de Ci\u00eancias de Lisboa - ADoP","og_description":"O Diretor Executivo da ADoP, Doutor Ant\u00f3nio J\u00falio Nunes, lecionou uma aula na P\u00f3s-Gradua\u00e7\u00e3o em Qu\u00edmica Forense da Universidade de Ci\u00eancias de Lisboa.","og_url":"https:\/\/adop.pt\/en\/pos-graduacao-em-quimica-forense-da-universidade-de-ciencias-de-lisboa\/","og_site_name":"ADoP","article_publisher":"https:\/\/www.facebook.com\/profile.php?id=61565720170060","article_published_time":"2021-04-22T10:00:38+00:00","article_modified_time":"2022-01-25T12:32:25+00:00","og_image":[{"width":580,"height":365,"url":"https:\/\/adop.pt\/wp-content\/uploads\/2022\/01\/fclisboa_257x320.png","type":"image\/png"}],"author":"cesar.laranjo","twitter_card":"summary_large_image","twitter_misc":{"Written by":"cesar.laranjo","Estimated reading time":"1 minute"},"schema":{"@context":"https:\/\/schema.org","@graph":[{"@type":"Article","@id":"https:\/\/adop.pt\/pos-graduacao-em-quimica-forense-da-universidade-de-ciencias-de-lisboa\/#article","isPartOf":{"@id":"https:\/\/adop.pt\/pos-graduacao-em-quimica-forense-da-universidade-de-ciencias-de-lisboa\/"},"author":{"name":"cesar.laranjo","@id":"https:\/\/adop.pt\/#\/schema\/person\/a6e9cbdf0772431261ac9bffb7978b82"},"headline":"P\u00f3s-Gradua\u00e7\u00e3o em Qu\u00edmica Forense da Universidade de Ci\u00eancias de Lisboa","datePublished":"2021-04-22T10:00:38+00:00","dateModified":"2022-01-25T12:32:25+00:00","mainEntityOfPage":{"@id":"https:\/\/adop.pt\/pos-graduacao-em-quimica-forense-da-universidade-de-ciencias-de-lisboa\/"},"wordCount":153,"commentCount":0,"publisher":{"@id":"https:\/\/adop.pt\/#organization"},"image":{"@id":"https:\/\/adop.pt\/pos-graduacao-em-quimica-forense-da-universidade-de-ciencias-de-lisboa\/#primaryimage"},"thumbnailUrl":"https:\/\/adop.pt\/wp-content\/uploads\/2022\/01\/fclisboa_257x320.png","articleSection":["Sem categoria"],"inLanguage":"en-GB","potentialAction":[{"@type":"CommentAction","name":"Comment","target":["https:\/\/adop.pt\/pos-graduacao-em-quimica-forense-da-universidade-de-ciencias-de-lisboa\/#respond"]}]},{"@type":"WebPage","@id":"https:\/\/adop.pt\/pos-graduacao-em-quimica-forense-da-universidade-de-ciencias-de-lisboa\/","url":"https:\/\/adop.pt\/pos-graduacao-em-quimica-forense-da-universidade-de-ciencias-de-lisboa\/","name":"P\u00f3s-Gradua\u00e7\u00e3o em Qu\u00edmica Forense da Universidade de Ci\u00eancias de Lisboa - ADoP","isPartOf":{"@id":"https:\/\/adop.pt\/#website"},"primaryImageOfPage":{"@id":"https:\/\/adop.pt\/pos-graduacao-em-quimica-forense-da-universidade-de-ciencias-de-lisboa\/#primaryimage"},"image":{"@id":"https:\/\/adop.pt\/pos-graduacao-em-quimica-forense-da-universidade-de-ciencias-de-lisboa\/#primaryimage"},"thumbnailUrl":"https:\/\/adop.pt\/wp-content\/uploads\/2022\/01\/fclisboa_257x320.png","datePublished":"2021-04-22T10:00:38+00:00","dateModified":"2022-01-25T12:32:25+00:00","breadcrumb":{"@id":"https:\/\/adop.pt\/pos-graduacao-em-quimica-forense-da-universidade-de-ciencias-de-lisboa\/#breadcrumb"},"inLanguage":"en-GB","potentialAction":[{"@type":"ReadAction","target":["https:\/\/adop.pt\/pos-graduacao-em-quimica-forense-da-universidade-de-ciencias-de-lisboa\/"]}]},{"@type":"ImageObject","inLanguage":"en-GB","@id":"https:\/\/adop.pt\/pos-graduacao-em-quimica-forense-da-universidade-de-ciencias-de-lisboa\/#primaryimage","url":"https:\/\/adop.pt\/wp-content\/uploads\/2022\/01\/fclisboa_257x320.png","contentUrl":"https:\/\/adop.pt\/wp-content\/uploads\/2022\/01\/fclisboa_257x320.png","width":580,"height":365},{"@type":"BreadcrumbList","@id":"https:\/\/adop.pt\/pos-graduacao-em-quimica-forense-da-universidade-de-ciencias-de-lisboa\/#breadcrumb","itemListElement":[{"@type":"ListItem","position":1,"name":"In\u00edcio","item":"https:\/\/adop.pt\/"},{"@type":"ListItem","position":2,"name":"P\u00f3s-Gradua\u00e7\u00e3o em Qu\u00edmica Forense da Universidade de Ci\u00eancias de Lisboa"}]},{"@type":"WebSite","@id":"https:\/\/adop.pt\/#website","url":"https:\/\/adop.pt\/","name":"ADoP","description":"Autoridade Antidopagem de Portugal","publisher":{"@id":"https:\/\/adop.pt\/#organization"},"potentialAction":[{"@type":"SearchAction","target":{"@type":"EntryPoint","urlTemplate":"https:\/\/adop.pt\/?s={search_term_string}"},"query-input":{"@type":"PropertyValueSpecification","valueRequired":true,"valueName":"search_term_string"}}],"inLanguage":"en-GB"},{"@type":"Organization","@id":"https:\/\/adop.pt\/#organization","name":"ADoP","url":"https:\/\/adop.pt\/","logo":{"@type":"ImageObject","inLanguage":"en-GB","@id":"https:\/\/adop.pt\/#\/schema\/logo\/image\/","url":"https:\/\/adop.pt\/wp-content\/uploads\/2021\/11\/cropped-adop-logo-bg.jpg","contentUrl":"https:\/\/adop.pt\/wp-content\/uploads\/2021\/11\/cropped-adop-logo-bg.jpg","width":512,"height":512,"caption":"ADoP"},"image":{"@id":"https:\/\/adop.pt\/#\/schema\/logo\/image\/"},"sameAs":["https:\/\/www.facebook.com\/profile.php?id=61565720170060","https:\/\/www.instagram.com\/antidopagem\/"]},{"@type":"Person","@id":"https:\/\/adop.pt\/#\/schema\/person\/a6e9cbdf0772431261ac9bffb7978b82","name":"cesar.laranjo","image":{"@type":"ImageObject","inLanguage":"en-GB","@id":"https:\/\/adop.pt\/#\/schema\/person\/image\/","url":"https:\/\/secure.gravatar.com\/avatar\/b4f2162739a0f56788d59bb586731d24b41216b1f4bba5ede1255501e7eacaa6?s=96&d=mm&r=g","contentUrl":"https:\/\/secure.gravatar.com\/avatar\/b4f2162739a0f56788d59bb586731d24b41216b1f4bba5ede1255501e7eacaa6?s=96&d=mm&r=g","caption":"cesar.laranjo"},"url":"https:\/\/adop.pt\/en\/author\/cesar-laranjo\/"}]}},"_links":{"self":[{"href":"https:\/\/adop.pt\/en\/wp-json\/wp\/v2\/posts\/1758","targetHints":{"allow":["GET"]}}],"collection":[{"href":"https:\/\/adop.pt\/en\/wp-json\/wp\/v2\/posts"}],"about":[{"href":"https:\/\/adop.pt\/en\/wp-json\/wp\/v2\/types\/post"}],"author":[{"embeddable":true,"href":"https:\/\/adop.pt\/en\/wp-json\/wp\/v2\/users\/7"}],"replies":[{"embeddable":true,"href":"https:\/\/adop.pt\/en\/wp-json\/wp\/v2\/comments?post=1758"}],"version-history":[{"count":1,"href":"https:\/\/adop.pt\/en\/wp-json\/wp\/v2\/posts\/1758\/revisions"}],"predecessor-version":[{"id":1760,"href":"https:\/\/adop.pt\/en\/wp-json\/wp\/v2\/posts\/1758\/revisions\/1760"}],"wp:featuredmedia":[{"embeddable":true,"href":"https:\/\/adop.pt\/en\/wp-json\/wp\/v2\/media\/1759"}],"wp:attachment":[{"href":"https:\/\/adop.pt\/en\/wp-json\/wp\/v2\/media?parent=1758"}],"wp:term":[{"taxonomy":"category","embeddable":true,"href":"https:\/\/adop.pt\/en\/wp-json\/wp\/v2\/categories?post=1758"},{"taxonomy":"post_tag","embeddable":true,"href":"https:\/\/adop.pt\/en\/wp-json\/wp\/v2\/tags?post=1758"}],"curies":[{"name":"wp","href":"https:\/\/api.w.org\/{rel}","templated":true}]}}