








{"id":1761,"date":"2021-04-18T10:00:55","date_gmt":"2021-04-18T10:00:55","guid":{"rendered":"https:\/\/adop.deltasolucoes.com\/?p=1761"},"modified":"2022-01-25T12:41:08","modified_gmt":"2022-01-25T12:41:08","slug":"o-diretor-executivo-da-adop-doutor-antonio-julio-nunes-participou-no-1o-seminario-internacional-de-direito-do-desporto-da-lingua-portuguesa","status":"publish","type":"post","link":"https:\/\/adop.pt\/en\/o-diretor-executivo-da-adop-doutor-antonio-julio-nunes-participou-no-1o-seminario-internacional-de-direito-do-desporto-da-lingua-portuguesa\/","title":{"rendered":"O Diretor Executivo da ADoP, Doutor Ant\u00f3nio J\u00falio Nunes participou no 1\u00ba Semin\u00e1rio Internacional de Direito do Desporto da L\u00edngua Portuguesa"},"content":{"rendered":"<p>O Diretor Executivo da ADoP, Doutor Ant\u00f3nio J\u00falio Nunes, participou como orador no 1\u00ba Semin\u00e1rio Internacional de Direito do Desporto da L\u00edngua Portuguesa, que abordou atrav\u00e9s de 14 pain\u00e9is distintos temas atuais em Direito Desportivo.<\/p>\n<p>Este Semin\u00e1rio foi realizado pela Academia Nacional de Direito Desportivo e pela Comiss\u00e3o de Juventude da Academia do Brasil, juntamente com a participa\u00e7\u00e3o da Associa\u00e7\u00e3o Portuguesa de Direito do Desporto e dos Jovens Advogados de L\u00edngua Portuguesa.<\/p>\n<p>Durante tr\u00eas dias este evento reuniu especialistas das mais diversas \u00e1reas do desporto oferecendo a todos os participantes a possibilidade de discutir e enriquecer seus conhecimentos sobre o fen\u00f4meno desportivo<\/p>","protected":false},"excerpt":{"rendered":"<p>Este Semin\u00e1rio foi realizado pela Academia Nacional de Direito Desportivo e pela Comiss\u00e3o de Juventude da Academia do Brasil, juntamente com a participa\u00e7\u00e3o da Associa\u00e7\u00e3o Portuguesa de Direito do Desporto e dos Jovens Advogados de L\u00edngua Portuguesa.<\/p>","protected":false},"author":7,"featured_media":1762,"comment_status":"open","ping_status":"open","sticky":false,"template":"","format":"standard","meta":{"_et_pb_use_builder":"","_et_pb_old_content":"","_et_gb_content_width":"","inline_featured_image":false,"footnotes":""},"categories":[1],"tags":[],"class_list":["post-1761","post","type-post","status-publish","format-standard","has-post-thumbnail","hentry","category-sem-categoria"],"acf":[],"yoast_head":"<!-- This site is optimized with the Yoast SEO plugin v25.4 - https:\/\/yoast.com\/wordpress\/plugins\/seo\/ -->\n<title>O Diretor Executivo da ADoP, Doutor Ant\u00f3nio J\u00falio Nunes participou no 1\u00ba Semin\u00e1rio Internacional de Direito do Desporto da L\u00edngua Portuguesa - ADoP<\/title>\n<meta name=\"robots\" content=\"index, follow, max-snippet:-1, max-image-preview:large, max-video-preview:-1\" \/>\n<link rel=\"canonical\" href=\"https:\/\/adop.pt\/en\/o-diretor-executivo-da-adop-doutor-antonio-julio-nunes-participou-no-1o-seminario-internacional-de-direito-do-desporto-da-lingua-portuguesa\/\" \/>\n<meta property=\"og:locale\" content=\"en_GB\" \/>\n<meta property=\"og:type\" content=\"article\" \/>\n<meta property=\"og:title\" content=\"O Diretor Executivo da ADoP, Doutor Ant\u00f3nio J\u00falio Nunes participou no 1\u00ba Semin\u00e1rio Internacional de Direito do Desporto da L\u00edngua Portuguesa - ADoP\" \/>\n<meta property=\"og:description\" content=\"Este Semin\u00e1rio foi realizado pela Academia Nacional de Direito Desportivo e pela Comiss\u00e3o de Juventude da Academia do Brasil, juntamente com a participa\u00e7\u00e3o da Associa\u00e7\u00e3o Portuguesa de Direito do Desporto e dos Jovens Advogados de L\u00edngua Portuguesa.\" \/>\n<meta property=\"og:url\" content=\"https:\/\/adop.pt\/en\/o-diretor-executivo-da-adop-doutor-antonio-julio-nunes-participou-no-1o-seminario-internacional-de-direito-do-desporto-da-lingua-portuguesa\/\" \/>\n<meta property=\"og:site_name\" content=\"ADoP\" \/>\n<meta property=\"article:publisher\" content=\"https:\/\/www.facebook.com\/profile.php?id=61565720170060\" \/>\n<meta property=\"article:published_time\" content=\"2021-04-18T10:00:55+00:00\" \/>\n<meta property=\"article:modified_time\" content=\"2022-01-25T12:41:08+00:00\" \/>\n<meta property=\"og:image\" content=\"https:\/\/adop.pt\/wp-content\/uploads\/2022\/01\/1_seminario_2021_495x150.jpg\" \/>\n\t<meta property=\"og:image:width\" content=\"509\" \/>\n\t<meta property=\"og:image:height\" content=\"213\" \/>\n\t<meta property=\"og:image:type\" content=\"image\/jpeg\" \/>\n<meta name=\"author\" content=\"cesar.laranjo\" \/>\n<meta name=\"twitter:card\" content=\"summary_large_image\" \/>\n<meta name=\"twitter:label1\" content=\"Written by\" \/>\n\t<meta name=\"twitter:data1\" content=\"cesar.laranjo\" \/>\n\t<meta name=\"twitter:label2\" content=\"Estimated reading time\" \/>\n\t<meta name=\"twitter:data2\" content=\"1 minute\" \/>\n<script type=\"application\/ld+json\" class=\"yoast-schema-graph\">{\"@context\":\"https:\/\/schema.org\",\"@graph\":[{\"@type\":\"Article\",\"@id\":\"https:\/\/adop.pt\/o-diretor-executivo-da-adop-doutor-antonio-julio-nunes-participou-no-1o-seminario-internacional-de-direito-do-desporto-da-lingua-portuguesa\/#article\",\"isPartOf\":{\"@id\":\"https:\/\/adop.pt\/o-diretor-executivo-da-adop-doutor-antonio-julio-nunes-participou-no-1o-seminario-internacional-de-direito-do-desporto-da-lingua-portuguesa\/\"},\"author\":{\"name\":\"cesar.laranjo\",\"@id\":\"https:\/\/adop.pt\/#\/schema\/person\/a6e9cbdf0772431261ac9bffb7978b82\"},\"headline\":\"O Diretor Executivo da ADoP, Doutor Ant\u00f3nio J\u00falio Nunes participou no 1\u00ba Semin\u00e1rio Internacional de Direito do Desporto da L\u00edngua Portuguesa\",\"datePublished\":\"2021-04-18T10:00:55+00:00\",\"dateModified\":\"2022-01-25T12:41:08+00:00\",\"mainEntityOfPage\":{\"@id\":\"https:\/\/adop.pt\/o-diretor-executivo-da-adop-doutor-antonio-julio-nunes-participou-no-1o-seminario-internacional-de-direito-do-desporto-da-lingua-portuguesa\/\"},\"wordCount\":137,\"commentCount\":0,\"publisher\":{\"@id\":\"https:\/\/adop.pt\/#organization\"},\"image\":{\"@id\":\"https:\/\/adop.pt\/o-diretor-executivo-da-adop-doutor-antonio-julio-nunes-participou-no-1o-seminario-internacional-de-direito-do-desporto-da-lingua-portuguesa\/#primaryimage\"},\"thumbnailUrl\":\"https:\/\/adop.pt\/wp-content\/uploads\/2022\/01\/1_seminario_2021_495x150.jpg\",\"articleSection\":[\"Sem categoria\"],\"inLanguage\":\"en-GB\",\"potentialAction\":[{\"@type\":\"CommentAction\",\"name\":\"Comment\",\"target\":[\"https:\/\/adop.pt\/o-diretor-executivo-da-adop-doutor-antonio-julio-nunes-participou-no-1o-seminario-internacional-de-direito-do-desporto-da-lingua-portuguesa\/#respond\"]}]},{\"@type\":\"WebPage\",\"@id\":\"https:\/\/adop.pt\/o-diretor-executivo-da-adop-doutor-antonio-julio-nunes-participou-no-1o-seminario-internacional-de-direito-do-desporto-da-lingua-portuguesa\/\",\"url\":\"https:\/\/adop.pt\/o-diretor-executivo-da-adop-doutor-antonio-julio-nunes-participou-no-1o-seminario-internacional-de-direito-do-desporto-da-lingua-portuguesa\/\",\"name\":\"O Diretor Executivo da ADoP, Doutor Ant\u00f3nio J\u00falio Nunes participou no 1\u00ba Semin\u00e1rio Internacional de Direito do Desporto da L\u00edngua Portuguesa - ADoP\",\"isPartOf\":{\"@id\":\"https:\/\/adop.pt\/#website\"},\"primaryImageOfPage\":{\"@id\":\"https:\/\/adop.pt\/o-diretor-executivo-da-adop-doutor-antonio-julio-nunes-participou-no-1o-seminario-internacional-de-direito-do-desporto-da-lingua-portuguesa\/#primaryimage\"},\"image\":{\"@id\":\"https:\/\/adop.pt\/o-diretor-executivo-da-adop-doutor-antonio-julio-nunes-participou-no-1o-seminario-internacional-de-direito-do-desporto-da-lingua-portuguesa\/#primaryimage\"},\"thumbnailUrl\":\"https:\/\/adop.pt\/wp-content\/uploads\/2022\/01\/1_seminario_2021_495x150.jpg\",\"datePublished\":\"2021-04-18T10:00:55+00:00\",\"dateModified\":\"2022-01-25T12:41:08+00:00\",\"breadcrumb\":{\"@id\":\"https:\/\/adop.pt\/o-diretor-executivo-da-adop-doutor-antonio-julio-nunes-participou-no-1o-seminario-internacional-de-direito-do-desporto-da-lingua-portuguesa\/#breadcrumb\"},\"inLanguage\":\"en-GB\",\"potentialAction\":[{\"@type\":\"ReadAction\",\"target\":[\"https:\/\/adop.pt\/o-diretor-executivo-da-adop-doutor-antonio-julio-nunes-participou-no-1o-seminario-internacional-de-direito-do-desporto-da-lingua-portuguesa\/\"]}]},{\"@type\":\"ImageObject\",\"inLanguage\":\"en-GB\",\"@id\":\"https:\/\/adop.pt\/o-diretor-executivo-da-adop-doutor-antonio-julio-nunes-participou-no-1o-seminario-internacional-de-direito-do-desporto-da-lingua-portuguesa\/#primaryimage\",\"url\":\"https:\/\/adop.pt\/wp-content\/uploads\/2022\/01\/1_seminario_2021_495x150.jpg\",\"contentUrl\":\"https:\/\/adop.pt\/wp-content\/uploads\/2022\/01\/1_seminario_2021_495x150.jpg\",\"width\":509,\"height\":213},{\"@type\":\"BreadcrumbList\",\"@id\":\"https:\/\/adop.pt\/o-diretor-executivo-da-adop-doutor-antonio-julio-nunes-participou-no-1o-seminario-internacional-de-direito-do-desporto-da-lingua-portuguesa\/#breadcrumb\",\"itemListElement\":[{\"@type\":\"ListItem\",\"position\":1,\"name\":\"In\u00edcio\",\"item\":\"https:\/\/adop.pt\/\"},{\"@type\":\"ListItem\",\"position\":2,\"name\":\"O Diretor Executivo da ADoP, Doutor Ant\u00f3nio J\u00falio Nunes participou no 1\u00ba Semin\u00e1rio Internacional de Direito do Desporto da L\u00edngua Portuguesa\"}]},{\"@type\":\"WebSite\",\"@id\":\"https:\/\/adop.pt\/#website\",\"url\":\"https:\/\/adop.pt\/\",\"name\":\"ADoP\",\"description\":\"Autoridade Antidopagem de Portugal\",\"publisher\":{\"@id\":\"https:\/\/adop.pt\/#organization\"},\"potentialAction\":[{\"@type\":\"SearchAction\",\"target\":{\"@type\":\"EntryPoint\",\"urlTemplate\":\"https:\/\/adop.pt\/?s={search_term_string}\"},\"query-input\":{\"@type\":\"PropertyValueSpecification\",\"valueRequired\":true,\"valueName\":\"search_term_string\"}}],\"inLanguage\":\"en-GB\"},{\"@type\":\"Organization\",\"@id\":\"https:\/\/adop.pt\/#organization\",\"name\":\"ADoP\",\"url\":\"https:\/\/adop.pt\/\",\"logo\":{\"@type\":\"ImageObject\",\"inLanguage\":\"en-GB\",\"@id\":\"https:\/\/adop.pt\/#\/schema\/logo\/image\/\",\"url\":\"https:\/\/adop.pt\/wp-content\/uploads\/2021\/11\/cropped-adop-logo-bg.jpg\",\"contentUrl\":\"https:\/\/adop.pt\/wp-content\/uploads\/2021\/11\/cropped-adop-logo-bg.jpg\",\"width\":512,\"height\":512,\"caption\":\"ADoP\"},\"image\":{\"@id\":\"https:\/\/adop.pt\/#\/schema\/logo\/image\/\"},\"sameAs\":[\"https:\/\/www.facebook.com\/profile.php?id=61565720170060\",\"https:\/\/www.instagram.com\/antidopagem\/\"]},{\"@type\":\"Person\",\"@id\":\"https:\/\/adop.pt\/#\/schema\/person\/a6e9cbdf0772431261ac9bffb7978b82\",\"name\":\"cesar.laranjo\",\"image\":{\"@type\":\"ImageObject\",\"inLanguage\":\"en-GB\",\"@id\":\"https:\/\/adop.pt\/#\/schema\/person\/image\/\",\"url\":\"https:\/\/secure.gravatar.com\/avatar\/b4f2162739a0f56788d59bb586731d24b41216b1f4bba5ede1255501e7eacaa6?s=96&d=mm&r=g\",\"contentUrl\":\"https:\/\/secure.gravatar.com\/avatar\/b4f2162739a0f56788d59bb586731d24b41216b1f4bba5ede1255501e7eacaa6?s=96&d=mm&r=g\",\"caption\":\"cesar.laranjo\"},\"url\":\"https:\/\/adop.pt\/en\/author\/cesar-laranjo\/\"}]}<\/script>\n<!-- \/ Yoast SEO plugin. -->","yoast_head_json":{"title":"O Diretor Executivo da ADoP, Doutor Ant\u00f3nio J\u00falio Nunes participou no 1\u00ba Semin\u00e1rio Internacional de Direito do Desporto da L\u00edngua Portuguesa - ADoP","robots":{"index":"index","follow":"follow","max-snippet":"max-snippet:-1","max-image-preview":"max-image-preview:large","max-video-preview":"max-video-preview:-1"},"canonical":"https:\/\/adop.pt\/en\/o-diretor-executivo-da-adop-doutor-antonio-julio-nunes-participou-no-1o-seminario-internacional-de-direito-do-desporto-da-lingua-portuguesa\/","og_locale":"en_GB","og_type":"article","og_title":"O Diretor Executivo da ADoP, Doutor Ant\u00f3nio J\u00falio Nunes participou no 1\u00ba Semin\u00e1rio Internacional de Direito do Desporto da L\u00edngua Portuguesa - ADoP","og_description":"Este Semin\u00e1rio foi realizado pela Academia Nacional de Direito Desportivo e pela Comiss\u00e3o de Juventude da Academia do Brasil, juntamente com a participa\u00e7\u00e3o da Associa\u00e7\u00e3o Portuguesa de Direito do Desporto e dos Jovens Advogados de L\u00edngua Portuguesa.","og_url":"https:\/\/adop.pt\/en\/o-diretor-executivo-da-adop-doutor-antonio-julio-nunes-participou-no-1o-seminario-internacional-de-direito-do-desporto-da-lingua-portuguesa\/","og_site_name":"ADoP","article_publisher":"https:\/\/www.facebook.com\/profile.php?id=61565720170060","article_published_time":"2021-04-18T10:00:55+00:00","article_modified_time":"2022-01-25T12:41:08+00:00","og_image":[{"width":509,"height":213,"url":"https:\/\/adop.pt\/wp-content\/uploads\/2022\/01\/1_seminario_2021_495x150.jpg","type":"image\/jpeg"}],"author":"cesar.laranjo","twitter_card":"summary_large_image","twitter_misc":{"Written by":"cesar.laranjo","Estimated reading time":"1 minute"},"schema":{"@context":"https:\/\/schema.org","@graph":[{"@type":"Article","@id":"https:\/\/adop.pt\/o-diretor-executivo-da-adop-doutor-antonio-julio-nunes-participou-no-1o-seminario-internacional-de-direito-do-desporto-da-lingua-portuguesa\/#article","isPartOf":{"@id":"https:\/\/adop.pt\/o-diretor-executivo-da-adop-doutor-antonio-julio-nunes-participou-no-1o-seminario-internacional-de-direito-do-desporto-da-lingua-portuguesa\/"},"author":{"name":"cesar.laranjo","@id":"https:\/\/adop.pt\/#\/schema\/person\/a6e9cbdf0772431261ac9bffb7978b82"},"headline":"O Diretor Executivo da ADoP, Doutor Ant\u00f3nio J\u00falio Nunes participou no 1\u00ba Semin\u00e1rio Internacional de Direito do Desporto da L\u00edngua Portuguesa","datePublished":"2021-04-18T10:00:55+00:00","dateModified":"2022-01-25T12:41:08+00:00","mainEntityOfPage":{"@id":"https:\/\/adop.pt\/o-diretor-executivo-da-adop-doutor-antonio-julio-nunes-participou-no-1o-seminario-internacional-de-direito-do-desporto-da-lingua-portuguesa\/"},"wordCount":137,"commentCount":0,"publisher":{"@id":"https:\/\/adop.pt\/#organization"},"image":{"@id":"https:\/\/adop.pt\/o-diretor-executivo-da-adop-doutor-antonio-julio-nunes-participou-no-1o-seminario-internacional-de-direito-do-desporto-da-lingua-portuguesa\/#primaryimage"},"thumbnailUrl":"https:\/\/adop.pt\/wp-content\/uploads\/2022\/01\/1_seminario_2021_495x150.jpg","articleSection":["Sem categoria"],"inLanguage":"en-GB","potentialAction":[{"@type":"CommentAction","name":"Comment","target":["https:\/\/adop.pt\/o-diretor-executivo-da-adop-doutor-antonio-julio-nunes-participou-no-1o-seminario-internacional-de-direito-do-desporto-da-lingua-portuguesa\/#respond"]}]},{"@type":"WebPage","@id":"https:\/\/adop.pt\/o-diretor-executivo-da-adop-doutor-antonio-julio-nunes-participou-no-1o-seminario-internacional-de-direito-do-desporto-da-lingua-portuguesa\/","url":"https:\/\/adop.pt\/o-diretor-executivo-da-adop-doutor-antonio-julio-nunes-participou-no-1o-seminario-internacional-de-direito-do-desporto-da-lingua-portuguesa\/","name":"O Diretor Executivo da ADoP, Doutor Ant\u00f3nio J\u00falio Nunes participou no 1\u00ba Semin\u00e1rio Internacional de Direito do Desporto da L\u00edngua Portuguesa - ADoP","isPartOf":{"@id":"https:\/\/adop.pt\/#website"},"primaryImageOfPage":{"@id":"https:\/\/adop.pt\/o-diretor-executivo-da-adop-doutor-antonio-julio-nunes-participou-no-1o-seminario-internacional-de-direito-do-desporto-da-lingua-portuguesa\/#primaryimage"},"image":{"@id":"https:\/\/adop.pt\/o-diretor-executivo-da-adop-doutor-antonio-julio-nunes-participou-no-1o-seminario-internacional-de-direito-do-desporto-da-lingua-portuguesa\/#primaryimage"},"thumbnailUrl":"https:\/\/adop.pt\/wp-content\/uploads\/2022\/01\/1_seminario_2021_495x150.jpg","datePublished":"2021-04-18T10:00:55+00:00","dateModified":"2022-01-25T12:41:08+00:00","breadcrumb":{"@id":"https:\/\/adop.pt\/o-diretor-executivo-da-adop-doutor-antonio-julio-nunes-participou-no-1o-seminario-internacional-de-direito-do-desporto-da-lingua-portuguesa\/#breadcrumb"},"inLanguage":"en-GB","potentialAction":[{"@type":"ReadAction","target":["https:\/\/adop.pt\/o-diretor-executivo-da-adop-doutor-antonio-julio-nunes-participou-no-1o-seminario-internacional-de-direito-do-desporto-da-lingua-portuguesa\/"]}]},{"@type":"ImageObject","inLanguage":"en-GB","@id":"https:\/\/adop.pt\/o-diretor-executivo-da-adop-doutor-antonio-julio-nunes-participou-no-1o-seminario-internacional-de-direito-do-desporto-da-lingua-portuguesa\/#primaryimage","url":"https:\/\/adop.pt\/wp-content\/uploads\/2022\/01\/1_seminario_2021_495x150.jpg","contentUrl":"https:\/\/adop.pt\/wp-content\/uploads\/2022\/01\/1_seminario_2021_495x150.jpg","width":509,"height":213},{"@type":"BreadcrumbList","@id":"https:\/\/adop.pt\/o-diretor-executivo-da-adop-doutor-antonio-julio-nunes-participou-no-1o-seminario-internacional-de-direito-do-desporto-da-lingua-portuguesa\/#breadcrumb","itemListElement":[{"@type":"ListItem","position":1,"name":"In\u00edcio","item":"https:\/\/adop.pt\/"},{"@type":"ListItem","position":2,"name":"O Diretor Executivo da ADoP, Doutor Ant\u00f3nio J\u00falio Nunes participou no 1\u00ba Semin\u00e1rio Internacional de Direito do Desporto da L\u00edngua Portuguesa"}]},{"@type":"WebSite","@id":"https:\/\/adop.pt\/#website","url":"https:\/\/adop.pt\/","name":"ADoP","description":"Autoridade Antidopagem de Portugal","publisher":{"@id":"https:\/\/adop.pt\/#organization"},"potentialAction":[{"@type":"SearchAction","target":{"@type":"EntryPoint","urlTemplate":"https:\/\/adop.pt\/?s={search_term_string}"},"query-input":{"@type":"PropertyValueSpecification","valueRequired":true,"valueName":"search_term_string"}}],"inLanguage":"en-GB"},{"@type":"Organization","@id":"https:\/\/adop.pt\/#organization","name":"ADoP","url":"https:\/\/adop.pt\/","logo":{"@type":"ImageObject","inLanguage":"en-GB","@id":"https:\/\/adop.pt\/#\/schema\/logo\/image\/","url":"https:\/\/adop.pt\/wp-content\/uploads\/2021\/11\/cropped-adop-logo-bg.jpg","contentUrl":"https:\/\/adop.pt\/wp-content\/uploads\/2021\/11\/cropped-adop-logo-bg.jpg","width":512,"height":512,"caption":"ADoP"},"image":{"@id":"https:\/\/adop.pt\/#\/schema\/logo\/image\/"},"sameAs":["https:\/\/www.facebook.com\/profile.php?id=61565720170060","https:\/\/www.instagram.com\/antidopagem\/"]},{"@type":"Person","@id":"https:\/\/adop.pt\/#\/schema\/person\/a6e9cbdf0772431261ac9bffb7978b82","name":"cesar.laranjo","image":{"@type":"ImageObject","inLanguage":"en-GB","@id":"https:\/\/adop.pt\/#\/schema\/person\/image\/","url":"https:\/\/secure.gravatar.com\/avatar\/b4f2162739a0f56788d59bb586731d24b41216b1f4bba5ede1255501e7eacaa6?s=96&d=mm&r=g","contentUrl":"https:\/\/secure.gravatar.com\/avatar\/b4f2162739a0f56788d59bb586731d24b41216b1f4bba5ede1255501e7eacaa6?s=96&d=mm&r=g","caption":"cesar.laranjo"},"url":"https:\/\/adop.pt\/en\/author\/cesar-laranjo\/"}]}},"_links":{"self":[{"href":"https:\/\/adop.pt\/en\/wp-json\/wp\/v2\/posts\/1761","targetHints":{"allow":["GET"]}}],"collection":[{"href":"https:\/\/adop.pt\/en\/wp-json\/wp\/v2\/posts"}],"about":[{"href":"https:\/\/adop.pt\/en\/wp-json\/wp\/v2\/types\/post"}],"author":[{"embeddable":true,"href":"https:\/\/adop.pt\/en\/wp-json\/wp\/v2\/users\/7"}],"replies":[{"embeddable":true,"href":"https:\/\/adop.pt\/en\/wp-json\/wp\/v2\/comments?post=1761"}],"version-history":[{"count":1,"href":"https:\/\/adop.pt\/en\/wp-json\/wp\/v2\/posts\/1761\/revisions"}],"predecessor-version":[{"id":1763,"href":"https:\/\/adop.pt\/en\/wp-json\/wp\/v2\/posts\/1761\/revisions\/1763"}],"wp:featuredmedia":[{"embeddable":true,"href":"https:\/\/adop.pt\/en\/wp-json\/wp\/v2\/media\/1762"}],"wp:attachment":[{"href":"https:\/\/adop.pt\/en\/wp-json\/wp\/v2\/media?parent=1761"}],"wp:term":[{"taxonomy":"category","embeddable":true,"href":"https:\/\/adop.pt\/en\/wp-json\/wp\/v2\/categories?post=1761"},{"taxonomy":"post_tag","embeddable":true,"href":"https:\/\/adop.pt\/en\/wp-json\/wp\/v2\/tags?post=1761"}],"curies":[{"name":"wp","href":"https:\/\/api.w.org\/{rel}","templated":true}]}}