








{"id":1774,"date":"2021-02-25T10:00:41","date_gmt":"2021-02-25T10:00:41","guid":{"rendered":"https:\/\/adop.deltasolucoes.com\/?p=1774"},"modified":"2022-01-25T13:03:46","modified_gmt":"2022-01-25T13:03:46","slug":"a-adop-participou-num-webinar-da-wada-intitulado-2021-covid-19-and-clean-sport-update","status":"publish","type":"post","link":"https:\/\/adop.pt\/en\/a-adop-participou-num-webinar-da-wada-intitulado-2021-covid-19-and-clean-sport-update\/","title":{"rendered":"A ADoP participou num Webinar da WADA intitulado \u201c2021 COVID-19 and Clean Sport Update\u201d"},"content":{"rendered":"<p class=\"Predefinio\">A ADoP esteve representada pela Respons\u00e1vel pelo Sistema de Localiza\u00e7\u00e3o, Dra. Sofia Neves e pelo respons\u00e1vel pelo Programa de Educa\u00e7\u00e3o, Dr. Carlos Santos, no Webinar realizado pela WADA, onde foram abordados v\u00e1rios t\u00f3picos relacionados com o impacto do Covid-19 na atividade desportiva em geral e no controlo antidopagem em particular.<\/p>\n<p class=\"Predefinio\">Foram preletores neste Webinar, o Diretor da WADA para as Ci\u00eancias e Parcerias Internacionais, Olivier Rabin,<\/p>\n<p class=\"Predefinio\">O Diretor do Comit\u00e9 Paral\u00edmpico Internacional para as quest\u00f5es da antidopagem, James Sclater e a m\u00e9dica, membro do Comit\u00e9 M\u00e9dico da WADA, Lenka Wech.<\/p>\n<p class=\"Predefinio\">Moderou a sess\u00e3o o Presidente da Comiss\u00e3o de Atletas da WADA, Ben Sandford, o qual come\u00e7ou por fazer um balan\u00e7o do impacto da pandemia na atividade desportiva real\u00e7ando as quest\u00f5es relacionadas com a defesa da sa\u00fade de todos, o adiamento das principais competi\u00e7\u00f5es internacionais, a redu\u00e7\u00e3o dos controlos de antidopagem e o encerramento da quase totalidade da atividade desportiva.<\/p>\n<p><img loading=\"lazy\" decoding=\"async\" class=\"size-medium wp-image-1775 alignleft\" src=\"https:\/\/adop.deltasolucoes.com\/wp-content\/uploads\/2022\/01\/2021_covid_wada_655x367-300x168.jpg\" alt=\"\" width=\"300\" height=\"168\" \/>Olivier Rabin referiu n\u00e3o haver qualquer rela\u00e7\u00e3o entre a toma da vacina do Covid-19 e a possibilidade de apresentar um teste positivo num controlo antidopagem. O mesmo se aplica aos medicamentos usados para tratar a pandemia. Mesmo os corticoides que possam ser usados em Unidade de Cuidados Intensivos s\u00e3o somente proibidos em competi\u00e7\u00e3o pelo que n\u00e3o necessitam de solicitar uma Autoriza\u00e7\u00e3o de Uso Terap\u00eautico durante o tratamento na instala\u00e7\u00e3o hospitalar.<\/p>\n<p class=\"Predefinio\">James Sclater abordou o decr\u00e9scimo do n\u00famero de testes de controlos de antidopagem realizados, bem como o plano que ir\u00e1 ser enviado \u00e0s NADO relativo aos controlos de atletas selecionados para participar nos Jogos Paral\u00edmpicos de T\u00f3quio. Informou ainda que n\u00e3o h\u00e1 inten\u00e7\u00e3o de reduzir o n\u00famero de testes a realizar durante os Jogos e que o facto de um atleta apresentar sintomas de Covid-19 n\u00e3o ser\u00e1 fator para n\u00e3o realizar testes de controlo antidopagem se for para isso selecionado. Por ultimo, comunicou que n\u00e3o ser\u00e1 obrigat\u00f3rio vacinar-se para participar nos Jogos de T\u00f3quio, devendo sair em breve um documento (Playbook) com toda a informa\u00e7\u00e3o sobre o assunto.<\/p>\n<p class=\"Predefinio\">Finalmente, Lenka Wech, na qualidade de m\u00e9dica e ex-atleta ol\u00edmpica, deixou alguns conselhos aos atletas que tiveram Covid-19, nomeadamente no que se refere quer ao retorno mais lento e medicamente acompanhado aos treinos quer ao atraso no inicio das competi\u00e7\u00f5es. Referiu ainda que estas decis\u00f5es t\u00eam a ver com o grau de infe\u00e7\u00e3o de cada atleta (sintom\u00e1tico\/assintom\u00e1tico) bem como com as consequ\u00eancias da doen\u00e7a em cada pessoa.<\/p>","protected":false},"excerpt":{"rendered":"<p>A ADoP esteve representada pela Respons\u00e1vel pelo Sistema de Localiza\u00e7\u00e3o, Dra. Sofia Neves e pelo respons\u00e1vel pelo Programa de Educa\u00e7\u00e3o, Dr. Carlos Santos, no Webinar realizado pela WADA, onde foram abordados v\u00e1rios t\u00f3picos relacionados com o impacto do Covid-19 na atividade desportiva em geral e no controlo antidopagem em particular.<\/p>","protected":false},"author":7,"featured_media":1775,"comment_status":"open","ping_status":"open","sticky":false,"template":"","format":"standard","meta":{"_et_pb_use_builder":"","_et_pb_old_content":"","_et_gb_content_width":"","inline_featured_image":false,"footnotes":""},"categories":[1],"tags":[],"class_list":["post-1774","post","type-post","status-publish","format-standard","has-post-thumbnail","hentry","category-sem-categoria"],"acf":[],"yoast_head":"<!-- This site is optimized with the Yoast SEO plugin v25.4 - https:\/\/yoast.com\/wordpress\/plugins\/seo\/ -->\n<title>A ADoP participou num Webinar da WADA intitulado \u201c2021 COVID-19 and Clean Sport Update\u201d - ADoP<\/title>\n<meta name=\"robots\" content=\"index, follow, max-snippet:-1, max-image-preview:large, max-video-preview:-1\" \/>\n<link rel=\"canonical\" href=\"https:\/\/adop.pt\/en\/a-adop-participou-num-webinar-da-wada-intitulado-2021-covid-19-and-clean-sport-update\/\" \/>\n<meta property=\"og:locale\" content=\"en_GB\" \/>\n<meta property=\"og:type\" content=\"article\" \/>\n<meta property=\"og:title\" content=\"A ADoP participou num Webinar da WADA intitulado \u201c2021 COVID-19 and Clean Sport Update\u201d - ADoP\" \/>\n<meta property=\"og:description\" content=\"A ADoP esteve representada pela Respons\u00e1vel pelo Sistema de Localiza\u00e7\u00e3o, Dra. Sofia Neves e pelo respons\u00e1vel pelo Programa de Educa\u00e7\u00e3o, Dr. Carlos Santos, no Webinar realizado pela WADA, onde foram abordados v\u00e1rios t\u00f3picos relacionados com o impacto do Covid-19 na atividade desportiva em geral e no controlo antidopagem em particular.\" \/>\n<meta property=\"og:url\" content=\"https:\/\/adop.pt\/en\/a-adop-participou-num-webinar-da-wada-intitulado-2021-covid-19-and-clean-sport-update\/\" \/>\n<meta property=\"og:site_name\" content=\"ADoP\" \/>\n<meta property=\"article:publisher\" content=\"https:\/\/www.facebook.com\/profile.php?id=61565720170060\" \/>\n<meta property=\"article:published_time\" content=\"2021-02-25T10:00:41+00:00\" \/>\n<meta property=\"article:modified_time\" content=\"2022-01-25T13:03:46+00:00\" \/>\n<meta property=\"og:image\" content=\"https:\/\/adop.pt\/wp-content\/uploads\/2022\/01\/2021_covid_wada_655x367.jpg\" \/>\n\t<meta property=\"og:image:width\" content=\"655\" \/>\n\t<meta property=\"og:image:height\" content=\"367\" \/>\n\t<meta property=\"og:image:type\" content=\"image\/jpeg\" \/>\n<meta name=\"author\" content=\"cesar.laranjo\" \/>\n<meta name=\"twitter:card\" content=\"summary_large_image\" \/>\n<meta name=\"twitter:label1\" content=\"Written by\" \/>\n\t<meta name=\"twitter:data1\" content=\"cesar.laranjo\" \/>\n\t<meta name=\"twitter:label2\" content=\"Estimated reading time\" \/>\n\t<meta name=\"twitter:data2\" content=\"2 minutes\" \/>\n<script type=\"application\/ld+json\" class=\"yoast-schema-graph\">{\"@context\":\"https:\/\/schema.org\",\"@graph\":[{\"@type\":\"Article\",\"@id\":\"https:\/\/adop.pt\/a-adop-participou-num-webinar-da-wada-intitulado-2021-covid-19-and-clean-sport-update\/#article\",\"isPartOf\":{\"@id\":\"https:\/\/adop.pt\/a-adop-participou-num-webinar-da-wada-intitulado-2021-covid-19-and-clean-sport-update\/\"},\"author\":{\"name\":\"cesar.laranjo\",\"@id\":\"https:\/\/adop.pt\/#\/schema\/person\/a6e9cbdf0772431261ac9bffb7978b82\"},\"headline\":\"A ADoP participou num Webinar da WADA intitulado \u201c2021 COVID-19 and Clean Sport Update\u201d\",\"datePublished\":\"2021-02-25T10:00:41+00:00\",\"dateModified\":\"2022-01-25T13:03:46+00:00\",\"mainEntityOfPage\":{\"@id\":\"https:\/\/adop.pt\/a-adop-participou-num-webinar-da-wada-intitulado-2021-covid-19-and-clean-sport-update\/\"},\"wordCount\":459,\"commentCount\":0,\"publisher\":{\"@id\":\"https:\/\/adop.pt\/#organization\"},\"image\":{\"@id\":\"https:\/\/adop.pt\/a-adop-participou-num-webinar-da-wada-intitulado-2021-covid-19-and-clean-sport-update\/#primaryimage\"},\"thumbnailUrl\":\"https:\/\/adop.pt\/wp-content\/uploads\/2022\/01\/2021_covid_wada_655x367.jpg\",\"articleSection\":[\"Sem categoria\"],\"inLanguage\":\"en-GB\",\"potentialAction\":[{\"@type\":\"CommentAction\",\"name\":\"Comment\",\"target\":[\"https:\/\/adop.pt\/a-adop-participou-num-webinar-da-wada-intitulado-2021-covid-19-and-clean-sport-update\/#respond\"]}]},{\"@type\":\"WebPage\",\"@id\":\"https:\/\/adop.pt\/a-adop-participou-num-webinar-da-wada-intitulado-2021-covid-19-and-clean-sport-update\/\",\"url\":\"https:\/\/adop.pt\/a-adop-participou-num-webinar-da-wada-intitulado-2021-covid-19-and-clean-sport-update\/\",\"name\":\"A ADoP participou num Webinar da WADA intitulado \u201c2021 COVID-19 and Clean Sport Update\u201d - ADoP\",\"isPartOf\":{\"@id\":\"https:\/\/adop.pt\/#website\"},\"primaryImageOfPage\":{\"@id\":\"https:\/\/adop.pt\/a-adop-participou-num-webinar-da-wada-intitulado-2021-covid-19-and-clean-sport-update\/#primaryimage\"},\"image\":{\"@id\":\"https:\/\/adop.pt\/a-adop-participou-num-webinar-da-wada-intitulado-2021-covid-19-and-clean-sport-update\/#primaryimage\"},\"thumbnailUrl\":\"https:\/\/adop.pt\/wp-content\/uploads\/2022\/01\/2021_covid_wada_655x367.jpg\",\"datePublished\":\"2021-02-25T10:00:41+00:00\",\"dateModified\":\"2022-01-25T13:03:46+00:00\",\"breadcrumb\":{\"@id\":\"https:\/\/adop.pt\/a-adop-participou-num-webinar-da-wada-intitulado-2021-covid-19-and-clean-sport-update\/#breadcrumb\"},\"inLanguage\":\"en-GB\",\"potentialAction\":[{\"@type\":\"ReadAction\",\"target\":[\"https:\/\/adop.pt\/a-adop-participou-num-webinar-da-wada-intitulado-2021-covid-19-and-clean-sport-update\/\"]}]},{\"@type\":\"ImageObject\",\"inLanguage\":\"en-GB\",\"@id\":\"https:\/\/adop.pt\/a-adop-participou-num-webinar-da-wada-intitulado-2021-covid-19-and-clean-sport-update\/#primaryimage\",\"url\":\"https:\/\/adop.pt\/wp-content\/uploads\/2022\/01\/2021_covid_wada_655x367.jpg\",\"contentUrl\":\"https:\/\/adop.pt\/wp-content\/uploads\/2022\/01\/2021_covid_wada_655x367.jpg\",\"width\":655,\"height\":367},{\"@type\":\"BreadcrumbList\",\"@id\":\"https:\/\/adop.pt\/a-adop-participou-num-webinar-da-wada-intitulado-2021-covid-19-and-clean-sport-update\/#breadcrumb\",\"itemListElement\":[{\"@type\":\"ListItem\",\"position\":1,\"name\":\"In\u00edcio\",\"item\":\"https:\/\/adop.pt\/\"},{\"@type\":\"ListItem\",\"position\":2,\"name\":\"A ADoP participou num Webinar da WADA intitulado \u201c2021 COVID-19 and Clean Sport Update\u201d\"}]},{\"@type\":\"WebSite\",\"@id\":\"https:\/\/adop.pt\/#website\",\"url\":\"https:\/\/adop.pt\/\",\"name\":\"ADoP\",\"description\":\"Autoridade Antidopagem de Portugal\",\"publisher\":{\"@id\":\"https:\/\/adop.pt\/#organization\"},\"potentialAction\":[{\"@type\":\"SearchAction\",\"target\":{\"@type\":\"EntryPoint\",\"urlTemplate\":\"https:\/\/adop.pt\/?s={search_term_string}\"},\"query-input\":{\"@type\":\"PropertyValueSpecification\",\"valueRequired\":true,\"valueName\":\"search_term_string\"}}],\"inLanguage\":\"en-GB\"},{\"@type\":\"Organization\",\"@id\":\"https:\/\/adop.pt\/#organization\",\"name\":\"ADoP\",\"url\":\"https:\/\/adop.pt\/\",\"logo\":{\"@type\":\"ImageObject\",\"inLanguage\":\"en-GB\",\"@id\":\"https:\/\/adop.pt\/#\/schema\/logo\/image\/\",\"url\":\"https:\/\/adop.pt\/wp-content\/uploads\/2021\/11\/cropped-adop-logo-bg.jpg\",\"contentUrl\":\"https:\/\/adop.pt\/wp-content\/uploads\/2021\/11\/cropped-adop-logo-bg.jpg\",\"width\":512,\"height\":512,\"caption\":\"ADoP\"},\"image\":{\"@id\":\"https:\/\/adop.pt\/#\/schema\/logo\/image\/\"},\"sameAs\":[\"https:\/\/www.facebook.com\/profile.php?id=61565720170060\",\"https:\/\/www.instagram.com\/antidopagem\/\"]},{\"@type\":\"Person\",\"@id\":\"https:\/\/adop.pt\/#\/schema\/person\/a6e9cbdf0772431261ac9bffb7978b82\",\"name\":\"cesar.laranjo\",\"image\":{\"@type\":\"ImageObject\",\"inLanguage\":\"en-GB\",\"@id\":\"https:\/\/adop.pt\/#\/schema\/person\/image\/\",\"url\":\"https:\/\/secure.gravatar.com\/avatar\/b4f2162739a0f56788d59bb586731d24b41216b1f4bba5ede1255501e7eacaa6?s=96&d=mm&r=g\",\"contentUrl\":\"https:\/\/secure.gravatar.com\/avatar\/b4f2162739a0f56788d59bb586731d24b41216b1f4bba5ede1255501e7eacaa6?s=96&d=mm&r=g\",\"caption\":\"cesar.laranjo\"},\"url\":\"https:\/\/adop.pt\/en\/author\/cesar-laranjo\/\"}]}<\/script>\n<!-- \/ Yoast SEO plugin. -->","yoast_head_json":{"title":"A ADoP participou num Webinar da WADA intitulado \u201c2021 COVID-19 and Clean Sport Update\u201d - ADoP","robots":{"index":"index","follow":"follow","max-snippet":"max-snippet:-1","max-image-preview":"max-image-preview:large","max-video-preview":"max-video-preview:-1"},"canonical":"https:\/\/adop.pt\/en\/a-adop-participou-num-webinar-da-wada-intitulado-2021-covid-19-and-clean-sport-update\/","og_locale":"en_GB","og_type":"article","og_title":"A ADoP participou num Webinar da WADA intitulado \u201c2021 COVID-19 and Clean Sport Update\u201d - ADoP","og_description":"A ADoP esteve representada pela Respons\u00e1vel pelo Sistema de Localiza\u00e7\u00e3o, Dra. Sofia Neves e pelo respons\u00e1vel pelo Programa de Educa\u00e7\u00e3o, Dr. Carlos Santos, no Webinar realizado pela WADA, onde foram abordados v\u00e1rios t\u00f3picos relacionados com o impacto do Covid-19 na atividade desportiva em geral e no controlo antidopagem em particular.","og_url":"https:\/\/adop.pt\/en\/a-adop-participou-num-webinar-da-wada-intitulado-2021-covid-19-and-clean-sport-update\/","og_site_name":"ADoP","article_publisher":"https:\/\/www.facebook.com\/profile.php?id=61565720170060","article_published_time":"2021-02-25T10:00:41+00:00","article_modified_time":"2022-01-25T13:03:46+00:00","og_image":[{"width":655,"height":367,"url":"https:\/\/adop.pt\/wp-content\/uploads\/2022\/01\/2021_covid_wada_655x367.jpg","type":"image\/jpeg"}],"author":"cesar.laranjo","twitter_card":"summary_large_image","twitter_misc":{"Written by":"cesar.laranjo","Estimated reading time":"2 minutes"},"schema":{"@context":"https:\/\/schema.org","@graph":[{"@type":"Article","@id":"https:\/\/adop.pt\/a-adop-participou-num-webinar-da-wada-intitulado-2021-covid-19-and-clean-sport-update\/#article","isPartOf":{"@id":"https:\/\/adop.pt\/a-adop-participou-num-webinar-da-wada-intitulado-2021-covid-19-and-clean-sport-update\/"},"author":{"name":"cesar.laranjo","@id":"https:\/\/adop.pt\/#\/schema\/person\/a6e9cbdf0772431261ac9bffb7978b82"},"headline":"A ADoP participou num Webinar da WADA intitulado \u201c2021 COVID-19 and Clean Sport Update\u201d","datePublished":"2021-02-25T10:00:41+00:00","dateModified":"2022-01-25T13:03:46+00:00","mainEntityOfPage":{"@id":"https:\/\/adop.pt\/a-adop-participou-num-webinar-da-wada-intitulado-2021-covid-19-and-clean-sport-update\/"},"wordCount":459,"commentCount":0,"publisher":{"@id":"https:\/\/adop.pt\/#organization"},"image":{"@id":"https:\/\/adop.pt\/a-adop-participou-num-webinar-da-wada-intitulado-2021-covid-19-and-clean-sport-update\/#primaryimage"},"thumbnailUrl":"https:\/\/adop.pt\/wp-content\/uploads\/2022\/01\/2021_covid_wada_655x367.jpg","articleSection":["Sem categoria"],"inLanguage":"en-GB","potentialAction":[{"@type":"CommentAction","name":"Comment","target":["https:\/\/adop.pt\/a-adop-participou-num-webinar-da-wada-intitulado-2021-covid-19-and-clean-sport-update\/#respond"]}]},{"@type":"WebPage","@id":"https:\/\/adop.pt\/a-adop-participou-num-webinar-da-wada-intitulado-2021-covid-19-and-clean-sport-update\/","url":"https:\/\/adop.pt\/a-adop-participou-num-webinar-da-wada-intitulado-2021-covid-19-and-clean-sport-update\/","name":"A ADoP participou num Webinar da WADA intitulado \u201c2021 COVID-19 and Clean Sport Update\u201d - ADoP","isPartOf":{"@id":"https:\/\/adop.pt\/#website"},"primaryImageOfPage":{"@id":"https:\/\/adop.pt\/a-adop-participou-num-webinar-da-wada-intitulado-2021-covid-19-and-clean-sport-update\/#primaryimage"},"image":{"@id":"https:\/\/adop.pt\/a-adop-participou-num-webinar-da-wada-intitulado-2021-covid-19-and-clean-sport-update\/#primaryimage"},"thumbnailUrl":"https:\/\/adop.pt\/wp-content\/uploads\/2022\/01\/2021_covid_wada_655x367.jpg","datePublished":"2021-02-25T10:00:41+00:00","dateModified":"2022-01-25T13:03:46+00:00","breadcrumb":{"@id":"https:\/\/adop.pt\/a-adop-participou-num-webinar-da-wada-intitulado-2021-covid-19-and-clean-sport-update\/#breadcrumb"},"inLanguage":"en-GB","potentialAction":[{"@type":"ReadAction","target":["https:\/\/adop.pt\/a-adop-participou-num-webinar-da-wada-intitulado-2021-covid-19-and-clean-sport-update\/"]}]},{"@type":"ImageObject","inLanguage":"en-GB","@id":"https:\/\/adop.pt\/a-adop-participou-num-webinar-da-wada-intitulado-2021-covid-19-and-clean-sport-update\/#primaryimage","url":"https:\/\/adop.pt\/wp-content\/uploads\/2022\/01\/2021_covid_wada_655x367.jpg","contentUrl":"https:\/\/adop.pt\/wp-content\/uploads\/2022\/01\/2021_covid_wada_655x367.jpg","width":655,"height":367},{"@type":"BreadcrumbList","@id":"https:\/\/adop.pt\/a-adop-participou-num-webinar-da-wada-intitulado-2021-covid-19-and-clean-sport-update\/#breadcrumb","itemListElement":[{"@type":"ListItem","position":1,"name":"In\u00edcio","item":"https:\/\/adop.pt\/"},{"@type":"ListItem","position":2,"name":"A ADoP participou num Webinar da WADA intitulado \u201c2021 COVID-19 and Clean Sport Update\u201d"}]},{"@type":"WebSite","@id":"https:\/\/adop.pt\/#website","url":"https:\/\/adop.pt\/","name":"ADoP","description":"Autoridade Antidopagem de Portugal","publisher":{"@id":"https:\/\/adop.pt\/#organization"},"potentialAction":[{"@type":"SearchAction","target":{"@type":"EntryPoint","urlTemplate":"https:\/\/adop.pt\/?s={search_term_string}"},"query-input":{"@type":"PropertyValueSpecification","valueRequired":true,"valueName":"search_term_string"}}],"inLanguage":"en-GB"},{"@type":"Organization","@id":"https:\/\/adop.pt\/#organization","name":"ADoP","url":"https:\/\/adop.pt\/","logo":{"@type":"ImageObject","inLanguage":"en-GB","@id":"https:\/\/adop.pt\/#\/schema\/logo\/image\/","url":"https:\/\/adop.pt\/wp-content\/uploads\/2021\/11\/cropped-adop-logo-bg.jpg","contentUrl":"https:\/\/adop.pt\/wp-content\/uploads\/2021\/11\/cropped-adop-logo-bg.jpg","width":512,"height":512,"caption":"ADoP"},"image":{"@id":"https:\/\/adop.pt\/#\/schema\/logo\/image\/"},"sameAs":["https:\/\/www.facebook.com\/profile.php?id=61565720170060","https:\/\/www.instagram.com\/antidopagem\/"]},{"@type":"Person","@id":"https:\/\/adop.pt\/#\/schema\/person\/a6e9cbdf0772431261ac9bffb7978b82","name":"cesar.laranjo","image":{"@type":"ImageObject","inLanguage":"en-GB","@id":"https:\/\/adop.pt\/#\/schema\/person\/image\/","url":"https:\/\/secure.gravatar.com\/avatar\/b4f2162739a0f56788d59bb586731d24b41216b1f4bba5ede1255501e7eacaa6?s=96&d=mm&r=g","contentUrl":"https:\/\/secure.gravatar.com\/avatar\/b4f2162739a0f56788d59bb586731d24b41216b1f4bba5ede1255501e7eacaa6?s=96&d=mm&r=g","caption":"cesar.laranjo"},"url":"https:\/\/adop.pt\/en\/author\/cesar-laranjo\/"}]}},"_links":{"self":[{"href":"https:\/\/adop.pt\/en\/wp-json\/wp\/v2\/posts\/1774","targetHints":{"allow":["GET"]}}],"collection":[{"href":"https:\/\/adop.pt\/en\/wp-json\/wp\/v2\/posts"}],"about":[{"href":"https:\/\/adop.pt\/en\/wp-json\/wp\/v2\/types\/post"}],"author":[{"embeddable":true,"href":"https:\/\/adop.pt\/en\/wp-json\/wp\/v2\/users\/7"}],"replies":[{"embeddable":true,"href":"https:\/\/adop.pt\/en\/wp-json\/wp\/v2\/comments?post=1774"}],"version-history":[{"count":1,"href":"https:\/\/adop.pt\/en\/wp-json\/wp\/v2\/posts\/1774\/revisions"}],"predecessor-version":[{"id":1776,"href":"https:\/\/adop.pt\/en\/wp-json\/wp\/v2\/posts\/1774\/revisions\/1776"}],"wp:featuredmedia":[{"embeddable":true,"href":"https:\/\/adop.pt\/en\/wp-json\/wp\/v2\/media\/1775"}],"wp:attachment":[{"href":"https:\/\/adop.pt\/en\/wp-json\/wp\/v2\/media?parent=1774"}],"wp:term":[{"taxonomy":"category","embeddable":true,"href":"https:\/\/adop.pt\/en\/wp-json\/wp\/v2\/categories?post=1774"},{"taxonomy":"post_tag","embeddable":true,"href":"https:\/\/adop.pt\/en\/wp-json\/wp\/v2\/tags?post=1774"}],"curies":[{"name":"wp","href":"https:\/\/api.w.org\/{rel}","templated":true}]}}