








{"id":1786,"date":"2021-01-30T10:00:42","date_gmt":"2021-01-30T10:00:42","guid":{"rendered":"https:\/\/adop.deltasolucoes.com\/?p=1786"},"modified":"2022-01-25T13:20:09","modified_gmt":"2022-01-25T13:20:09","slug":"a-adop-participou-no-webinar-doping-atualidade-e-efeitos-secundarios-que-contou-com-mais-de-uma-centena-de-participantes","status":"publish","type":"post","link":"https:\/\/adop.pt\/en\/a-adop-participou-no-webinar-doping-atualidade-e-efeitos-secundarios-que-contou-com-mais-de-uma-centena-de-participantes\/","title":{"rendered":"A ADoP participou no webinar \u201cDoping \u2013 Atualidade e efeitos secund\u00e1rios\u201d que contou com mais de uma centena de participantes"},"content":{"rendered":"<p><img loading=\"lazy\" decoding=\"async\" class=\"size-full wp-image-1788 alignleft\" src=\"https:\/\/adop.deltasolucoes.com\/wp-content\/uploads\/2022\/01\/santarem_2021_500x249tna.jpg\" alt=\"\" width=\"242\" height=\"243\" srcset=\"https:\/\/adop.pt\/wp-content\/uploads\/2022\/01\/santarem_2021_500x249tna.jpg 242w, https:\/\/adop.pt\/wp-content\/uploads\/2022\/01\/santarem_2021_500x249tna-150x150.jpg 150w, https:\/\/adop.pt\/wp-content\/uploads\/2022\/01\/santarem_2021_500x249tna-12x12.jpg 12w\" sizes=\"auto, (max-width: 242px) 100vw, 242px\" \/>A ADoP participou no passado dia 30 de janeiro, no webinar intitulado \u201cDoping \u2013 Atualidade e efeitos secund\u00e1rios\u201d, promovido pela empresa municipal Viver Santar\u00e9m. Foi moderador desta sess\u00e3o das Jornadas Desportivas o Professor Alfredo Amante.<\/p>\n<p>Este encontro, que contou com mais de 100 participantes, abordou as quest\u00f5es relacionados com o tema na perspectiva de 3 oradores: Dr. Carlos Santos pela ADoP sobre \u201cA import\u00e2ncia da verdade desportiva\u201d, a Dra. Catarina Faria, nutricionista, sobre \u201cDoping e suplementa\u00e7\u00e3o\u201d e o Dr. Tiago Lopes pela Fitness Factory sobre a \u201cVis\u00e3o do Fitness\u201d.<img loading=\"lazy\" decoding=\"async\" class=\"size-full wp-image-1789 alignright\" src=\"https:\/\/adop.deltasolucoes.com\/wp-content\/uploads\/2022\/01\/santarem_2021_500x249tnb.jpg\" alt=\"\" width=\"242\" height=\"238\" srcset=\"https:\/\/adop.pt\/wp-content\/uploads\/2022\/01\/santarem_2021_500x249tnb.jpg 242w, https:\/\/adop.pt\/wp-content\/uploads\/2022\/01\/santarem_2021_500x249tnb-12x12.jpg 12w\" sizes=\"auto, (max-width: 242px) 100vw, 242px\" \/>Os participantes eram maioritariamente treinadores, dirigentes, praticantes desportivos e respetivos familiares.<\/p>\n<p>No final das apresenta\u00e7\u00f5es os participantes puderam colocar quest\u00f5es sobre o tema as quais foram respondidas pelos\u00a0tr\u00eas\u00a0oradores.<\/p>\n<p>No inicio da sess\u00e3o o Presidente da Viver Santar\u00e9m, Dr. Jo\u00e3o Leite e a Vice Presidente da C\u00e2mara Municipal de Santar\u00e9m, Dra. In\u00eas Barroso, deram as boas vindas aos oradores e aos participantes\u00a0 situando a iniciativa no \u00e2mbito da pol\u00edtica desportiva do munic\u00edpio. No final ambos agradeceram aos oradores e manifestaram o reconhecimento pelo interesse dos temas abordados, no sentido da cria\u00e7\u00e3o de um desporto limpo.<\/p>","protected":false},"excerpt":{"rendered":"<p>A ADoP, representada pelo seu respons\u00e1vel da \u00c1rea da Educa\u00e7\u00e3o, Dr. Carlos Santos, participou no webinar \u201cDoping \u2013 Atualidade e efeitos secund\u00e1rios\u201d, promovido no \u00e2mbito das Jornadas Desportivas da Viver Santar\u00e9m.<\/p>","protected":false},"author":7,"featured_media":1787,"comment_status":"open","ping_status":"open","sticky":false,"template":"","format":"standard","meta":{"_et_pb_use_builder":"","_et_pb_old_content":"","_et_gb_content_width":"","inline_featured_image":false,"footnotes":""},"categories":[1],"tags":[],"class_list":["post-1786","post","type-post","status-publish","format-standard","has-post-thumbnail","hentry","category-sem-categoria"],"acf":[],"yoast_head":"<!-- This site is optimized with the Yoast SEO plugin v25.4 - https:\/\/yoast.com\/wordpress\/plugins\/seo\/ -->\n<title>A ADoP participou no webinar \u201cDoping \u2013 Atualidade e efeitos secund\u00e1rios\u201d que contou com mais de uma centena de participantes - ADoP<\/title>\n<meta name=\"robots\" content=\"index, follow, max-snippet:-1, max-image-preview:large, max-video-preview:-1\" \/>\n<link rel=\"canonical\" href=\"https:\/\/adop.pt\/en\/a-adop-participou-no-webinar-doping-atualidade-e-efeitos-secundarios-que-contou-com-mais-de-uma-centena-de-participantes\/\" \/>\n<meta property=\"og:locale\" content=\"en_GB\" \/>\n<meta property=\"og:type\" content=\"article\" \/>\n<meta property=\"og:title\" content=\"A ADoP participou no webinar \u201cDoping \u2013 Atualidade e efeitos secund\u00e1rios\u201d que contou com mais de uma centena de participantes - ADoP\" \/>\n<meta property=\"og:description\" content=\"A ADoP, representada pelo seu respons\u00e1vel da \u00c1rea da Educa\u00e7\u00e3o, Dr. Carlos Santos, participou no webinar \u201cDoping \u2013 Atualidade e efeitos secund\u00e1rios\u201d, promovido no \u00e2mbito das Jornadas Desportivas da Viver Santar\u00e9m.\" \/>\n<meta property=\"og:url\" content=\"https:\/\/adop.pt\/en\/a-adop-participou-no-webinar-doping-atualidade-e-efeitos-secundarios-que-contou-com-mais-de-uma-centena-de-participantes\/\" \/>\n<meta property=\"og:site_name\" content=\"ADoP\" \/>\n<meta property=\"article:publisher\" content=\"https:\/\/www.facebook.com\/profile.php?id=61565720170060\" \/>\n<meta property=\"article:published_time\" content=\"2021-01-30T10:00:42+00:00\" \/>\n<meta property=\"article:modified_time\" content=\"2022-01-25T13:20:09+00:00\" \/>\n<meta property=\"og:image\" content=\"https:\/\/adop.pt\/wp-content\/uploads\/2022\/01\/santarem_2021_500x249tn.jpg\" \/>\n\t<meta property=\"og:image:width\" content=\"491\" \/>\n\t<meta property=\"og:image:height\" content=\"243\" \/>\n\t<meta property=\"og:image:type\" content=\"image\/jpeg\" \/>\n<meta name=\"author\" content=\"cesar.laranjo\" \/>\n<meta name=\"twitter:card\" content=\"summary_large_image\" \/>\n<meta name=\"twitter:label1\" content=\"Written by\" \/>\n\t<meta name=\"twitter:data1\" content=\"cesar.laranjo\" \/>\n\t<meta name=\"twitter:label2\" content=\"Estimated reading time\" \/>\n\t<meta name=\"twitter:data2\" content=\"1 minute\" \/>\n<script type=\"application\/ld+json\" class=\"yoast-schema-graph\">{\"@context\":\"https:\/\/schema.org\",\"@graph\":[{\"@type\":\"Article\",\"@id\":\"https:\/\/adop.pt\/a-adop-participou-no-webinar-doping-atualidade-e-efeitos-secundarios-que-contou-com-mais-de-uma-centena-de-participantes\/#article\",\"isPartOf\":{\"@id\":\"https:\/\/adop.pt\/a-adop-participou-no-webinar-doping-atualidade-e-efeitos-secundarios-que-contou-com-mais-de-uma-centena-de-participantes\/\"},\"author\":{\"name\":\"cesar.laranjo\",\"@id\":\"https:\/\/adop.pt\/#\/schema\/person\/a6e9cbdf0772431261ac9bffb7978b82\"},\"headline\":\"A ADoP participou no webinar \u201cDoping \u2013 Atualidade e efeitos secund\u00e1rios\u201d que contou com mais de uma centena de participantes\",\"datePublished\":\"2021-01-30T10:00:42+00:00\",\"dateModified\":\"2022-01-25T13:20:09+00:00\",\"mainEntityOfPage\":{\"@id\":\"https:\/\/adop.pt\/a-adop-participou-no-webinar-doping-atualidade-e-efeitos-secundarios-que-contou-com-mais-de-uma-centena-de-participantes\/\"},\"wordCount\":220,\"commentCount\":0,\"publisher\":{\"@id\":\"https:\/\/adop.pt\/#organization\"},\"image\":{\"@id\":\"https:\/\/adop.pt\/a-adop-participou-no-webinar-doping-atualidade-e-efeitos-secundarios-que-contou-com-mais-de-uma-centena-de-participantes\/#primaryimage\"},\"thumbnailUrl\":\"https:\/\/adop.pt\/wp-content\/uploads\/2022\/01\/santarem_2021_500x249tn.jpg\",\"articleSection\":[\"Sem categoria\"],\"inLanguage\":\"en-GB\",\"potentialAction\":[{\"@type\":\"CommentAction\",\"name\":\"Comment\",\"target\":[\"https:\/\/adop.pt\/a-adop-participou-no-webinar-doping-atualidade-e-efeitos-secundarios-que-contou-com-mais-de-uma-centena-de-participantes\/#respond\"]}]},{\"@type\":\"WebPage\",\"@id\":\"https:\/\/adop.pt\/a-adop-participou-no-webinar-doping-atualidade-e-efeitos-secundarios-que-contou-com-mais-de-uma-centena-de-participantes\/\",\"url\":\"https:\/\/adop.pt\/a-adop-participou-no-webinar-doping-atualidade-e-efeitos-secundarios-que-contou-com-mais-de-uma-centena-de-participantes\/\",\"name\":\"A ADoP participou no webinar \u201cDoping \u2013 Atualidade e efeitos secund\u00e1rios\u201d que contou com mais de uma centena de participantes - ADoP\",\"isPartOf\":{\"@id\":\"https:\/\/adop.pt\/#website\"},\"primaryImageOfPage\":{\"@id\":\"https:\/\/adop.pt\/a-adop-participou-no-webinar-doping-atualidade-e-efeitos-secundarios-que-contou-com-mais-de-uma-centena-de-participantes\/#primaryimage\"},\"image\":{\"@id\":\"https:\/\/adop.pt\/a-adop-participou-no-webinar-doping-atualidade-e-efeitos-secundarios-que-contou-com-mais-de-uma-centena-de-participantes\/#primaryimage\"},\"thumbnailUrl\":\"https:\/\/adop.pt\/wp-content\/uploads\/2022\/01\/santarem_2021_500x249tn.jpg\",\"datePublished\":\"2021-01-30T10:00:42+00:00\",\"dateModified\":\"2022-01-25T13:20:09+00:00\",\"breadcrumb\":{\"@id\":\"https:\/\/adop.pt\/a-adop-participou-no-webinar-doping-atualidade-e-efeitos-secundarios-que-contou-com-mais-de-uma-centena-de-participantes\/#breadcrumb\"},\"inLanguage\":\"en-GB\",\"potentialAction\":[{\"@type\":\"ReadAction\",\"target\":[\"https:\/\/adop.pt\/a-adop-participou-no-webinar-doping-atualidade-e-efeitos-secundarios-que-contou-com-mais-de-uma-centena-de-participantes\/\"]}]},{\"@type\":\"ImageObject\",\"inLanguage\":\"en-GB\",\"@id\":\"https:\/\/adop.pt\/a-adop-participou-no-webinar-doping-atualidade-e-efeitos-secundarios-que-contou-com-mais-de-uma-centena-de-participantes\/#primaryimage\",\"url\":\"https:\/\/adop.pt\/wp-content\/uploads\/2022\/01\/santarem_2021_500x249tn.jpg\",\"contentUrl\":\"https:\/\/adop.pt\/wp-content\/uploads\/2022\/01\/santarem_2021_500x249tn.jpg\",\"width\":491,\"height\":243},{\"@type\":\"BreadcrumbList\",\"@id\":\"https:\/\/adop.pt\/a-adop-participou-no-webinar-doping-atualidade-e-efeitos-secundarios-que-contou-com-mais-de-uma-centena-de-participantes\/#breadcrumb\",\"itemListElement\":[{\"@type\":\"ListItem\",\"position\":1,\"name\":\"In\u00edcio\",\"item\":\"https:\/\/adop.pt\/\"},{\"@type\":\"ListItem\",\"position\":2,\"name\":\"A ADoP participou no webinar \u201cDoping \u2013 Atualidade e efeitos secund\u00e1rios\u201d que contou com mais de uma centena de participantes\"}]},{\"@type\":\"WebSite\",\"@id\":\"https:\/\/adop.pt\/#website\",\"url\":\"https:\/\/adop.pt\/\",\"name\":\"ADoP\",\"description\":\"Autoridade Antidopagem de Portugal\",\"publisher\":{\"@id\":\"https:\/\/adop.pt\/#organization\"},\"potentialAction\":[{\"@type\":\"SearchAction\",\"target\":{\"@type\":\"EntryPoint\",\"urlTemplate\":\"https:\/\/adop.pt\/?s={search_term_string}\"},\"query-input\":{\"@type\":\"PropertyValueSpecification\",\"valueRequired\":true,\"valueName\":\"search_term_string\"}}],\"inLanguage\":\"en-GB\"},{\"@type\":\"Organization\",\"@id\":\"https:\/\/adop.pt\/#organization\",\"name\":\"ADoP\",\"url\":\"https:\/\/adop.pt\/\",\"logo\":{\"@type\":\"ImageObject\",\"inLanguage\":\"en-GB\",\"@id\":\"https:\/\/adop.pt\/#\/schema\/logo\/image\/\",\"url\":\"https:\/\/adop.pt\/wp-content\/uploads\/2021\/11\/cropped-adop-logo-bg.jpg\",\"contentUrl\":\"https:\/\/adop.pt\/wp-content\/uploads\/2021\/11\/cropped-adop-logo-bg.jpg\",\"width\":512,\"height\":512,\"caption\":\"ADoP\"},\"image\":{\"@id\":\"https:\/\/adop.pt\/#\/schema\/logo\/image\/\"},\"sameAs\":[\"https:\/\/www.facebook.com\/profile.php?id=61565720170060\",\"https:\/\/www.instagram.com\/antidopagem\/\"]},{\"@type\":\"Person\",\"@id\":\"https:\/\/adop.pt\/#\/schema\/person\/a6e9cbdf0772431261ac9bffb7978b82\",\"name\":\"cesar.laranjo\",\"image\":{\"@type\":\"ImageObject\",\"inLanguage\":\"en-GB\",\"@id\":\"https:\/\/adop.pt\/#\/schema\/person\/image\/\",\"url\":\"https:\/\/secure.gravatar.com\/avatar\/b4f2162739a0f56788d59bb586731d24b41216b1f4bba5ede1255501e7eacaa6?s=96&d=mm&r=g\",\"contentUrl\":\"https:\/\/secure.gravatar.com\/avatar\/b4f2162739a0f56788d59bb586731d24b41216b1f4bba5ede1255501e7eacaa6?s=96&d=mm&r=g\",\"caption\":\"cesar.laranjo\"},\"url\":\"https:\/\/adop.pt\/en\/author\/cesar-laranjo\/\"}]}<\/script>\n<!-- \/ Yoast SEO plugin. -->","yoast_head_json":{"title":"A ADoP participou no webinar \u201cDoping \u2013 Atualidade e efeitos secund\u00e1rios\u201d que contou com mais de uma centena de participantes - ADoP","robots":{"index":"index","follow":"follow","max-snippet":"max-snippet:-1","max-image-preview":"max-image-preview:large","max-video-preview":"max-video-preview:-1"},"canonical":"https:\/\/adop.pt\/en\/a-adop-participou-no-webinar-doping-atualidade-e-efeitos-secundarios-que-contou-com-mais-de-uma-centena-de-participantes\/","og_locale":"en_GB","og_type":"article","og_title":"A ADoP participou no webinar \u201cDoping \u2013 Atualidade e efeitos secund\u00e1rios\u201d que contou com mais de uma centena de participantes - ADoP","og_description":"A ADoP, representada pelo seu respons\u00e1vel da \u00c1rea da Educa\u00e7\u00e3o, Dr. Carlos Santos, participou no webinar \u201cDoping \u2013 Atualidade e efeitos secund\u00e1rios\u201d, promovido no \u00e2mbito das Jornadas Desportivas da Viver Santar\u00e9m.","og_url":"https:\/\/adop.pt\/en\/a-adop-participou-no-webinar-doping-atualidade-e-efeitos-secundarios-que-contou-com-mais-de-uma-centena-de-participantes\/","og_site_name":"ADoP","article_publisher":"https:\/\/www.facebook.com\/profile.php?id=61565720170060","article_published_time":"2021-01-30T10:00:42+00:00","article_modified_time":"2022-01-25T13:20:09+00:00","og_image":[{"width":491,"height":243,"url":"https:\/\/adop.pt\/wp-content\/uploads\/2022\/01\/santarem_2021_500x249tn.jpg","type":"image\/jpeg"}],"author":"cesar.laranjo","twitter_card":"summary_large_image","twitter_misc":{"Written by":"cesar.laranjo","Estimated reading time":"1 minute"},"schema":{"@context":"https:\/\/schema.org","@graph":[{"@type":"Article","@id":"https:\/\/adop.pt\/a-adop-participou-no-webinar-doping-atualidade-e-efeitos-secundarios-que-contou-com-mais-de-uma-centena-de-participantes\/#article","isPartOf":{"@id":"https:\/\/adop.pt\/a-adop-participou-no-webinar-doping-atualidade-e-efeitos-secundarios-que-contou-com-mais-de-uma-centena-de-participantes\/"},"author":{"name":"cesar.laranjo","@id":"https:\/\/adop.pt\/#\/schema\/person\/a6e9cbdf0772431261ac9bffb7978b82"},"headline":"A ADoP participou no webinar \u201cDoping \u2013 Atualidade e efeitos secund\u00e1rios\u201d que contou com mais de uma centena de participantes","datePublished":"2021-01-30T10:00:42+00:00","dateModified":"2022-01-25T13:20:09+00:00","mainEntityOfPage":{"@id":"https:\/\/adop.pt\/a-adop-participou-no-webinar-doping-atualidade-e-efeitos-secundarios-que-contou-com-mais-de-uma-centena-de-participantes\/"},"wordCount":220,"commentCount":0,"publisher":{"@id":"https:\/\/adop.pt\/#organization"},"image":{"@id":"https:\/\/adop.pt\/a-adop-participou-no-webinar-doping-atualidade-e-efeitos-secundarios-que-contou-com-mais-de-uma-centena-de-participantes\/#primaryimage"},"thumbnailUrl":"https:\/\/adop.pt\/wp-content\/uploads\/2022\/01\/santarem_2021_500x249tn.jpg","articleSection":["Sem categoria"],"inLanguage":"en-GB","potentialAction":[{"@type":"CommentAction","name":"Comment","target":["https:\/\/adop.pt\/a-adop-participou-no-webinar-doping-atualidade-e-efeitos-secundarios-que-contou-com-mais-de-uma-centena-de-participantes\/#respond"]}]},{"@type":"WebPage","@id":"https:\/\/adop.pt\/a-adop-participou-no-webinar-doping-atualidade-e-efeitos-secundarios-que-contou-com-mais-de-uma-centena-de-participantes\/","url":"https:\/\/adop.pt\/a-adop-participou-no-webinar-doping-atualidade-e-efeitos-secundarios-que-contou-com-mais-de-uma-centena-de-participantes\/","name":"A ADoP participou no webinar \u201cDoping \u2013 Atualidade e efeitos secund\u00e1rios\u201d que contou com mais de uma centena de participantes - ADoP","isPartOf":{"@id":"https:\/\/adop.pt\/#website"},"primaryImageOfPage":{"@id":"https:\/\/adop.pt\/a-adop-participou-no-webinar-doping-atualidade-e-efeitos-secundarios-que-contou-com-mais-de-uma-centena-de-participantes\/#primaryimage"},"image":{"@id":"https:\/\/adop.pt\/a-adop-participou-no-webinar-doping-atualidade-e-efeitos-secundarios-que-contou-com-mais-de-uma-centena-de-participantes\/#primaryimage"},"thumbnailUrl":"https:\/\/adop.pt\/wp-content\/uploads\/2022\/01\/santarem_2021_500x249tn.jpg","datePublished":"2021-01-30T10:00:42+00:00","dateModified":"2022-01-25T13:20:09+00:00","breadcrumb":{"@id":"https:\/\/adop.pt\/a-adop-participou-no-webinar-doping-atualidade-e-efeitos-secundarios-que-contou-com-mais-de-uma-centena-de-participantes\/#breadcrumb"},"inLanguage":"en-GB","potentialAction":[{"@type":"ReadAction","target":["https:\/\/adop.pt\/a-adop-participou-no-webinar-doping-atualidade-e-efeitos-secundarios-que-contou-com-mais-de-uma-centena-de-participantes\/"]}]},{"@type":"ImageObject","inLanguage":"en-GB","@id":"https:\/\/adop.pt\/a-adop-participou-no-webinar-doping-atualidade-e-efeitos-secundarios-que-contou-com-mais-de-uma-centena-de-participantes\/#primaryimage","url":"https:\/\/adop.pt\/wp-content\/uploads\/2022\/01\/santarem_2021_500x249tn.jpg","contentUrl":"https:\/\/adop.pt\/wp-content\/uploads\/2022\/01\/santarem_2021_500x249tn.jpg","width":491,"height":243},{"@type":"BreadcrumbList","@id":"https:\/\/adop.pt\/a-adop-participou-no-webinar-doping-atualidade-e-efeitos-secundarios-que-contou-com-mais-de-uma-centena-de-participantes\/#breadcrumb","itemListElement":[{"@type":"ListItem","position":1,"name":"In\u00edcio","item":"https:\/\/adop.pt\/"},{"@type":"ListItem","position":2,"name":"A ADoP participou no webinar \u201cDoping \u2013 Atualidade e efeitos secund\u00e1rios\u201d que contou com mais de uma centena de participantes"}]},{"@type":"WebSite","@id":"https:\/\/adop.pt\/#website","url":"https:\/\/adop.pt\/","name":"ADoP","description":"Autoridade Antidopagem de Portugal","publisher":{"@id":"https:\/\/adop.pt\/#organization"},"potentialAction":[{"@type":"SearchAction","target":{"@type":"EntryPoint","urlTemplate":"https:\/\/adop.pt\/?s={search_term_string}"},"query-input":{"@type":"PropertyValueSpecification","valueRequired":true,"valueName":"search_term_string"}}],"inLanguage":"en-GB"},{"@type":"Organization","@id":"https:\/\/adop.pt\/#organization","name":"ADoP","url":"https:\/\/adop.pt\/","logo":{"@type":"ImageObject","inLanguage":"en-GB","@id":"https:\/\/adop.pt\/#\/schema\/logo\/image\/","url":"https:\/\/adop.pt\/wp-content\/uploads\/2021\/11\/cropped-adop-logo-bg.jpg","contentUrl":"https:\/\/adop.pt\/wp-content\/uploads\/2021\/11\/cropped-adop-logo-bg.jpg","width":512,"height":512,"caption":"ADoP"},"image":{"@id":"https:\/\/adop.pt\/#\/schema\/logo\/image\/"},"sameAs":["https:\/\/www.facebook.com\/profile.php?id=61565720170060","https:\/\/www.instagram.com\/antidopagem\/"]},{"@type":"Person","@id":"https:\/\/adop.pt\/#\/schema\/person\/a6e9cbdf0772431261ac9bffb7978b82","name":"cesar.laranjo","image":{"@type":"ImageObject","inLanguage":"en-GB","@id":"https:\/\/adop.pt\/#\/schema\/person\/image\/","url":"https:\/\/secure.gravatar.com\/avatar\/b4f2162739a0f56788d59bb586731d24b41216b1f4bba5ede1255501e7eacaa6?s=96&d=mm&r=g","contentUrl":"https:\/\/secure.gravatar.com\/avatar\/b4f2162739a0f56788d59bb586731d24b41216b1f4bba5ede1255501e7eacaa6?s=96&d=mm&r=g","caption":"cesar.laranjo"},"url":"https:\/\/adop.pt\/en\/author\/cesar-laranjo\/"}]}},"_links":{"self":[{"href":"https:\/\/adop.pt\/en\/wp-json\/wp\/v2\/posts\/1786","targetHints":{"allow":["GET"]}}],"collection":[{"href":"https:\/\/adop.pt\/en\/wp-json\/wp\/v2\/posts"}],"about":[{"href":"https:\/\/adop.pt\/en\/wp-json\/wp\/v2\/types\/post"}],"author":[{"embeddable":true,"href":"https:\/\/adop.pt\/en\/wp-json\/wp\/v2\/users\/7"}],"replies":[{"embeddable":true,"href":"https:\/\/adop.pt\/en\/wp-json\/wp\/v2\/comments?post=1786"}],"version-history":[{"count":3,"href":"https:\/\/adop.pt\/en\/wp-json\/wp\/v2\/posts\/1786\/revisions"}],"predecessor-version":[{"id":1792,"href":"https:\/\/adop.pt\/en\/wp-json\/wp\/v2\/posts\/1786\/revisions\/1792"}],"wp:featuredmedia":[{"embeddable":true,"href":"https:\/\/adop.pt\/en\/wp-json\/wp\/v2\/media\/1787"}],"wp:attachment":[{"href":"https:\/\/adop.pt\/en\/wp-json\/wp\/v2\/media?parent=1786"}],"wp:term":[{"taxonomy":"category","embeddable":true,"href":"https:\/\/adop.pt\/en\/wp-json\/wp\/v2\/categories?post=1786"},{"taxonomy":"post_tag","embeddable":true,"href":"https:\/\/adop.pt\/en\/wp-json\/wp\/v2\/tags?post=1786"}],"curies":[{"name":"wp","href":"https:\/\/api.w.org\/{rel}","templated":true}]}}