








{"id":1793,"date":"2021-01-23T10:00:28","date_gmt":"2021-01-23T10:00:28","guid":{"rendered":"https:\/\/adop.deltasolucoes.com\/?p=1793"},"modified":"2022-01-25T13:27:48","modified_gmt":"2022-01-25T13:27:48","slug":"a-adop-participou-no-webinar-covid-19-vs-desporto-que-contou-com-mais-de-8-200-participantes","status":"publish","type":"post","link":"https:\/\/adop.pt\/en\/a-adop-participou-no-webinar-covid-19-vs-desporto-que-contou-com-mais-de-8-200-participantes\/","title":{"rendered":"A ADoP participou no webinar \u201cCOVID-19 vs. DESPORTO\u201d que contou com mais de 8.200 participantes"},"content":{"rendered":"<p>A ADoP participou no passado dia 23 de janeiro, no webinar intitulado \u201cCOVID-19 vs. DESPORTO &#8211; A Retoma no Desporto, do Escolar ao Federado\u201d, promovido pela C\u00e2mara Municipal de Odivelas.<\/p>\n<p><img loading=\"lazy\" decoding=\"async\" class=\"size-medium wp-image-1795 alignleft\" src=\"https:\/\/adop.deltasolucoes.com\/wp-content\/uploads\/2022\/01\/covid_odivelas_614x623-296x300.jpg\" alt=\"\" width=\"296\" height=\"300\" \/>Este encontro, que contou com mais de 8.200 participantes, abordou o impacto das medidas de conting\u00eancia e controlo da pandemia COVID-19 no setor desportivo e debateu a problem\u00e1tica desta doen\u00e7a no Desporto, nomeadamente a sua retoma, quer a n\u00edvel financeiro, psicol\u00f3gico e desportivo.<\/p>\n<p>Este evento dividiu-se em dois momentos: a confer\u00eancia \u201cO Impacto da COVID-19 no Desporto\u201d de Jorge Silv\u00e9rio (psic\u00f3logo desportivo) e o painel: \u201cCOVID-19 vs. Desporto: Federado\u201d com a participa\u00e7\u00e3o do Diretor Executivo da ADoP, Ant\u00f3nio J\u00falio Nunes, do representante do Comit\u00e9 Ol\u00edmpico de Portugal, Pedro Roque e do ex-\u00e1rbitro FIFA, Duarte Gomes, tendo este debate sido moderado pelo Hugo Silva do Desporto Escolar.<\/p>\n<p>Objetivos Gerais:<\/p>\n<ul>\n<li>Conhecer os exemplos de boas pr\u00e1ticas no \u00e2mbito da pandemia COVID-19;<\/li>\n<li>Debater o papel da Escola enquanto promotor de medidas inclusivas, com especial foco na atividade desportiva;<\/li>\n<li>Questionar o papel dos clubes e associa\u00e7\u00f5es na promo\u00e7\u00e3o da pr\u00e1tica desportiva em contexto de pandemia;<\/li>\n<li>Debater as oportunidades e obst\u00e1culos no \u00e2mbito do desporto nas suas diversas val\u00eancias devido a COVID-19;<\/li>\n<li>Abordar o posicionamento das institui\u00e7\u00f5es p\u00fablicas face as dificuldades encontradas;<\/li>\n<li>Saber o importante papel das federa\u00e7\u00f5es no combate a pandemia.<\/li>\n<\/ul>\n<p>A abertura deste Webinar contou com a participa\u00e7\u00e3o do Vereador do Desporto da C\u00e2mara Municipal de Odivelas, Paulo C\u00e9sar Teixeira, e de Mar\u00edlia N\u00f3brega, Diretora do Centro de Forma\u00e7\u00e3o de Associa\u00e7\u00e3o de Escolas.<\/p>\n<p>Vereador do Desporto da C\u00e2mara Municipal de Odivelas, agradeceu aos oradores e participantes, bem como aos clubes que t\u00eam dinamizado, mesmo perante esta fase desafiante, o desporto para todos.<\/p>","protected":false},"excerpt":{"rendered":"<p>A ADoP, representada pelo seu Diretor Executivo, Doutor Ant\u00f3nio J\u00falio Nunes participou no webinar \u201cCOVID-19 vs. DESPORTO &#8211; A Retoma no Desporto, do Escolar ao Federado\u201d, promovido pela C\u00e2mara Municipal de Odivelas<\/p>","protected":false},"author":7,"featured_media":1794,"comment_status":"open","ping_status":"open","sticky":false,"template":"","format":"standard","meta":{"_et_pb_use_builder":"","_et_pb_old_content":"","_et_gb_content_width":"","inline_featured_image":false,"footnotes":""},"categories":[1],"tags":[],"class_list":["post-1793","post","type-post","status-publish","format-standard","has-post-thumbnail","hentry","category-sem-categoria"],"acf":[],"yoast_head":"<!-- This site is optimized with the Yoast SEO plugin v25.4 - https:\/\/yoast.com\/wordpress\/plugins\/seo\/ -->\n<title>A ADoP participou no webinar \u201cCOVID-19 vs. DESPORTO\u201d que contou com mais de 8.200 participantes - ADoP<\/title>\n<meta name=\"robots\" content=\"index, follow, max-snippet:-1, max-image-preview:large, max-video-preview:-1\" \/>\n<link rel=\"canonical\" href=\"https:\/\/adop.pt\/en\/a-adop-participou-no-webinar-covid-19-vs-desporto-que-contou-com-mais-de-8-200-participantes\/\" \/>\n<meta property=\"og:locale\" content=\"en_GB\" \/>\n<meta property=\"og:type\" content=\"article\" \/>\n<meta property=\"og:title\" content=\"A ADoP participou no webinar \u201cCOVID-19 vs. DESPORTO\u201d que contou com mais de 8.200 participantes - ADoP\" \/>\n<meta property=\"og:description\" content=\"A ADoP, representada pelo seu Diretor Executivo, Doutor Ant\u00f3nio J\u00falio Nunes participou no webinar \u201cCOVID-19 vs. DESPORTO - A Retoma no Desporto, do Escolar ao Federado\u201d, promovido pela C\u00e2mara Municipal de Odivelas\" \/>\n<meta property=\"og:url\" content=\"https:\/\/adop.pt\/en\/a-adop-participou-no-webinar-covid-19-vs-desporto-que-contou-com-mais-de-8-200-participantes\/\" \/>\n<meta property=\"og:site_name\" content=\"ADoP\" \/>\n<meta property=\"article:publisher\" content=\"https:\/\/www.facebook.com\/profile.php?id=61565720170060\" \/>\n<meta property=\"article:published_time\" content=\"2021-01-23T10:00:28+00:00\" \/>\n<meta property=\"article:modified_time\" content=\"2022-01-25T13:27:48+00:00\" \/>\n<meta property=\"og:image\" content=\"https:\/\/adop.pt\/wp-content\/uploads\/2022\/01\/covid_odivelas_614x623tn.jpg\" \/>\n\t<meta property=\"og:image:width\" content=\"614\" \/>\n\t<meta property=\"og:image:height\" content=\"328\" \/>\n\t<meta property=\"og:image:type\" content=\"image\/jpeg\" \/>\n<meta name=\"author\" content=\"cesar.laranjo\" \/>\n<meta name=\"twitter:card\" content=\"summary_large_image\" \/>\n<meta name=\"twitter:label1\" content=\"Written by\" \/>\n\t<meta name=\"twitter:data1\" content=\"cesar.laranjo\" \/>\n\t<meta name=\"twitter:label2\" content=\"Estimated reading time\" \/>\n\t<meta name=\"twitter:data2\" content=\"2 minutes\" \/>\n<script type=\"application\/ld+json\" class=\"yoast-schema-graph\">{\"@context\":\"https:\/\/schema.org\",\"@graph\":[{\"@type\":\"Article\",\"@id\":\"https:\/\/adop.pt\/a-adop-participou-no-webinar-covid-19-vs-desporto-que-contou-com-mais-de-8-200-participantes\/#article\",\"isPartOf\":{\"@id\":\"https:\/\/adop.pt\/a-adop-participou-no-webinar-covid-19-vs-desporto-que-contou-com-mais-de-8-200-participantes\/\"},\"author\":{\"name\":\"cesar.laranjo\",\"@id\":\"https:\/\/adop.pt\/#\/schema\/person\/a6e9cbdf0772431261ac9bffb7978b82\"},\"headline\":\"A ADoP participou no webinar \u201cCOVID-19 vs. DESPORTO\u201d que contou com mais de 8.200 participantes\",\"datePublished\":\"2021-01-23T10:00:28+00:00\",\"dateModified\":\"2022-01-25T13:27:48+00:00\",\"mainEntityOfPage\":{\"@id\":\"https:\/\/adop.pt\/a-adop-participou-no-webinar-covid-19-vs-desporto-que-contou-com-mais-de-8-200-participantes\/\"},\"wordCount\":323,\"commentCount\":0,\"publisher\":{\"@id\":\"https:\/\/adop.pt\/#organization\"},\"image\":{\"@id\":\"https:\/\/adop.pt\/a-adop-participou-no-webinar-covid-19-vs-desporto-que-contou-com-mais-de-8-200-participantes\/#primaryimage\"},\"thumbnailUrl\":\"https:\/\/adop.pt\/wp-content\/uploads\/2022\/01\/covid_odivelas_614x623tn.jpg\",\"articleSection\":[\"Sem categoria\"],\"inLanguage\":\"en-GB\",\"potentialAction\":[{\"@type\":\"CommentAction\",\"name\":\"Comment\",\"target\":[\"https:\/\/adop.pt\/a-adop-participou-no-webinar-covid-19-vs-desporto-que-contou-com-mais-de-8-200-participantes\/#respond\"]}]},{\"@type\":\"WebPage\",\"@id\":\"https:\/\/adop.pt\/a-adop-participou-no-webinar-covid-19-vs-desporto-que-contou-com-mais-de-8-200-participantes\/\",\"url\":\"https:\/\/adop.pt\/a-adop-participou-no-webinar-covid-19-vs-desporto-que-contou-com-mais-de-8-200-participantes\/\",\"name\":\"A ADoP participou no webinar \u201cCOVID-19 vs. DESPORTO\u201d que contou com mais de 8.200 participantes - ADoP\",\"isPartOf\":{\"@id\":\"https:\/\/adop.pt\/#website\"},\"primaryImageOfPage\":{\"@id\":\"https:\/\/adop.pt\/a-adop-participou-no-webinar-covid-19-vs-desporto-que-contou-com-mais-de-8-200-participantes\/#primaryimage\"},\"image\":{\"@id\":\"https:\/\/adop.pt\/a-adop-participou-no-webinar-covid-19-vs-desporto-que-contou-com-mais-de-8-200-participantes\/#primaryimage\"},\"thumbnailUrl\":\"https:\/\/adop.pt\/wp-content\/uploads\/2022\/01\/covid_odivelas_614x623tn.jpg\",\"datePublished\":\"2021-01-23T10:00:28+00:00\",\"dateModified\":\"2022-01-25T13:27:48+00:00\",\"breadcrumb\":{\"@id\":\"https:\/\/adop.pt\/a-adop-participou-no-webinar-covid-19-vs-desporto-que-contou-com-mais-de-8-200-participantes\/#breadcrumb\"},\"inLanguage\":\"en-GB\",\"potentialAction\":[{\"@type\":\"ReadAction\",\"target\":[\"https:\/\/adop.pt\/a-adop-participou-no-webinar-covid-19-vs-desporto-que-contou-com-mais-de-8-200-participantes\/\"]}]},{\"@type\":\"ImageObject\",\"inLanguage\":\"en-GB\",\"@id\":\"https:\/\/adop.pt\/a-adop-participou-no-webinar-covid-19-vs-desporto-que-contou-com-mais-de-8-200-participantes\/#primaryimage\",\"url\":\"https:\/\/adop.pt\/wp-content\/uploads\/2022\/01\/covid_odivelas_614x623tn.jpg\",\"contentUrl\":\"https:\/\/adop.pt\/wp-content\/uploads\/2022\/01\/covid_odivelas_614x623tn.jpg\",\"width\":614,\"height\":328},{\"@type\":\"BreadcrumbList\",\"@id\":\"https:\/\/adop.pt\/a-adop-participou-no-webinar-covid-19-vs-desporto-que-contou-com-mais-de-8-200-participantes\/#breadcrumb\",\"itemListElement\":[{\"@type\":\"ListItem\",\"position\":1,\"name\":\"In\u00edcio\",\"item\":\"https:\/\/adop.pt\/\"},{\"@type\":\"ListItem\",\"position\":2,\"name\":\"A ADoP participou no webinar \u201cCOVID-19 vs. DESPORTO\u201d que contou com mais de 8.200 participantes\"}]},{\"@type\":\"WebSite\",\"@id\":\"https:\/\/adop.pt\/#website\",\"url\":\"https:\/\/adop.pt\/\",\"name\":\"ADoP\",\"description\":\"Autoridade Antidopagem de Portugal\",\"publisher\":{\"@id\":\"https:\/\/adop.pt\/#organization\"},\"potentialAction\":[{\"@type\":\"SearchAction\",\"target\":{\"@type\":\"EntryPoint\",\"urlTemplate\":\"https:\/\/adop.pt\/?s={search_term_string}\"},\"query-input\":{\"@type\":\"PropertyValueSpecification\",\"valueRequired\":true,\"valueName\":\"search_term_string\"}}],\"inLanguage\":\"en-GB\"},{\"@type\":\"Organization\",\"@id\":\"https:\/\/adop.pt\/#organization\",\"name\":\"ADoP\",\"url\":\"https:\/\/adop.pt\/\",\"logo\":{\"@type\":\"ImageObject\",\"inLanguage\":\"en-GB\",\"@id\":\"https:\/\/adop.pt\/#\/schema\/logo\/image\/\",\"url\":\"https:\/\/adop.pt\/wp-content\/uploads\/2021\/11\/cropped-adop-logo-bg.jpg\",\"contentUrl\":\"https:\/\/adop.pt\/wp-content\/uploads\/2021\/11\/cropped-adop-logo-bg.jpg\",\"width\":512,\"height\":512,\"caption\":\"ADoP\"},\"image\":{\"@id\":\"https:\/\/adop.pt\/#\/schema\/logo\/image\/\"},\"sameAs\":[\"https:\/\/www.facebook.com\/profile.php?id=61565720170060\",\"https:\/\/www.instagram.com\/antidopagem\/\"]},{\"@type\":\"Person\",\"@id\":\"https:\/\/adop.pt\/#\/schema\/person\/a6e9cbdf0772431261ac9bffb7978b82\",\"name\":\"cesar.laranjo\",\"image\":{\"@type\":\"ImageObject\",\"inLanguage\":\"en-GB\",\"@id\":\"https:\/\/adop.pt\/#\/schema\/person\/image\/\",\"url\":\"https:\/\/secure.gravatar.com\/avatar\/b4f2162739a0f56788d59bb586731d24b41216b1f4bba5ede1255501e7eacaa6?s=96&d=mm&r=g\",\"contentUrl\":\"https:\/\/secure.gravatar.com\/avatar\/b4f2162739a0f56788d59bb586731d24b41216b1f4bba5ede1255501e7eacaa6?s=96&d=mm&r=g\",\"caption\":\"cesar.laranjo\"},\"url\":\"https:\/\/adop.pt\/en\/author\/cesar-laranjo\/\"}]}<\/script>\n<!-- \/ Yoast SEO plugin. -->","yoast_head_json":{"title":"A ADoP participou no webinar \u201cCOVID-19 vs. DESPORTO\u201d que contou com mais de 8.200 participantes - ADoP","robots":{"index":"index","follow":"follow","max-snippet":"max-snippet:-1","max-image-preview":"max-image-preview:large","max-video-preview":"max-video-preview:-1"},"canonical":"https:\/\/adop.pt\/en\/a-adop-participou-no-webinar-covid-19-vs-desporto-que-contou-com-mais-de-8-200-participantes\/","og_locale":"en_GB","og_type":"article","og_title":"A ADoP participou no webinar \u201cCOVID-19 vs. DESPORTO\u201d que contou com mais de 8.200 participantes - ADoP","og_description":"A ADoP, representada pelo seu Diretor Executivo, Doutor Ant\u00f3nio J\u00falio Nunes participou no webinar \u201cCOVID-19 vs. DESPORTO - A Retoma no Desporto, do Escolar ao Federado\u201d, promovido pela C\u00e2mara Municipal de Odivelas","og_url":"https:\/\/adop.pt\/en\/a-adop-participou-no-webinar-covid-19-vs-desporto-que-contou-com-mais-de-8-200-participantes\/","og_site_name":"ADoP","article_publisher":"https:\/\/www.facebook.com\/profile.php?id=61565720170060","article_published_time":"2021-01-23T10:00:28+00:00","article_modified_time":"2022-01-25T13:27:48+00:00","og_image":[{"width":614,"height":328,"url":"https:\/\/adop.pt\/wp-content\/uploads\/2022\/01\/covid_odivelas_614x623tn.jpg","type":"image\/jpeg"}],"author":"cesar.laranjo","twitter_card":"summary_large_image","twitter_misc":{"Written by":"cesar.laranjo","Estimated reading time":"2 minutes"},"schema":{"@context":"https:\/\/schema.org","@graph":[{"@type":"Article","@id":"https:\/\/adop.pt\/a-adop-participou-no-webinar-covid-19-vs-desporto-que-contou-com-mais-de-8-200-participantes\/#article","isPartOf":{"@id":"https:\/\/adop.pt\/a-adop-participou-no-webinar-covid-19-vs-desporto-que-contou-com-mais-de-8-200-participantes\/"},"author":{"name":"cesar.laranjo","@id":"https:\/\/adop.pt\/#\/schema\/person\/a6e9cbdf0772431261ac9bffb7978b82"},"headline":"A ADoP participou no webinar \u201cCOVID-19 vs. DESPORTO\u201d que contou com mais de 8.200 participantes","datePublished":"2021-01-23T10:00:28+00:00","dateModified":"2022-01-25T13:27:48+00:00","mainEntityOfPage":{"@id":"https:\/\/adop.pt\/a-adop-participou-no-webinar-covid-19-vs-desporto-que-contou-com-mais-de-8-200-participantes\/"},"wordCount":323,"commentCount":0,"publisher":{"@id":"https:\/\/adop.pt\/#organization"},"image":{"@id":"https:\/\/adop.pt\/a-adop-participou-no-webinar-covid-19-vs-desporto-que-contou-com-mais-de-8-200-participantes\/#primaryimage"},"thumbnailUrl":"https:\/\/adop.pt\/wp-content\/uploads\/2022\/01\/covid_odivelas_614x623tn.jpg","articleSection":["Sem categoria"],"inLanguage":"en-GB","potentialAction":[{"@type":"CommentAction","name":"Comment","target":["https:\/\/adop.pt\/a-adop-participou-no-webinar-covid-19-vs-desporto-que-contou-com-mais-de-8-200-participantes\/#respond"]}]},{"@type":"WebPage","@id":"https:\/\/adop.pt\/a-adop-participou-no-webinar-covid-19-vs-desporto-que-contou-com-mais-de-8-200-participantes\/","url":"https:\/\/adop.pt\/a-adop-participou-no-webinar-covid-19-vs-desporto-que-contou-com-mais-de-8-200-participantes\/","name":"A ADoP participou no webinar \u201cCOVID-19 vs. DESPORTO\u201d que contou com mais de 8.200 participantes - ADoP","isPartOf":{"@id":"https:\/\/adop.pt\/#website"},"primaryImageOfPage":{"@id":"https:\/\/adop.pt\/a-adop-participou-no-webinar-covid-19-vs-desporto-que-contou-com-mais-de-8-200-participantes\/#primaryimage"},"image":{"@id":"https:\/\/adop.pt\/a-adop-participou-no-webinar-covid-19-vs-desporto-que-contou-com-mais-de-8-200-participantes\/#primaryimage"},"thumbnailUrl":"https:\/\/adop.pt\/wp-content\/uploads\/2022\/01\/covid_odivelas_614x623tn.jpg","datePublished":"2021-01-23T10:00:28+00:00","dateModified":"2022-01-25T13:27:48+00:00","breadcrumb":{"@id":"https:\/\/adop.pt\/a-adop-participou-no-webinar-covid-19-vs-desporto-que-contou-com-mais-de-8-200-participantes\/#breadcrumb"},"inLanguage":"en-GB","potentialAction":[{"@type":"ReadAction","target":["https:\/\/adop.pt\/a-adop-participou-no-webinar-covid-19-vs-desporto-que-contou-com-mais-de-8-200-participantes\/"]}]},{"@type":"ImageObject","inLanguage":"en-GB","@id":"https:\/\/adop.pt\/a-adop-participou-no-webinar-covid-19-vs-desporto-que-contou-com-mais-de-8-200-participantes\/#primaryimage","url":"https:\/\/adop.pt\/wp-content\/uploads\/2022\/01\/covid_odivelas_614x623tn.jpg","contentUrl":"https:\/\/adop.pt\/wp-content\/uploads\/2022\/01\/covid_odivelas_614x623tn.jpg","width":614,"height":328},{"@type":"BreadcrumbList","@id":"https:\/\/adop.pt\/a-adop-participou-no-webinar-covid-19-vs-desporto-que-contou-com-mais-de-8-200-participantes\/#breadcrumb","itemListElement":[{"@type":"ListItem","position":1,"name":"In\u00edcio","item":"https:\/\/adop.pt\/"},{"@type":"ListItem","position":2,"name":"A ADoP participou no webinar \u201cCOVID-19 vs. DESPORTO\u201d que contou com mais de 8.200 participantes"}]},{"@type":"WebSite","@id":"https:\/\/adop.pt\/#website","url":"https:\/\/adop.pt\/","name":"ADoP","description":"Autoridade Antidopagem de Portugal","publisher":{"@id":"https:\/\/adop.pt\/#organization"},"potentialAction":[{"@type":"SearchAction","target":{"@type":"EntryPoint","urlTemplate":"https:\/\/adop.pt\/?s={search_term_string}"},"query-input":{"@type":"PropertyValueSpecification","valueRequired":true,"valueName":"search_term_string"}}],"inLanguage":"en-GB"},{"@type":"Organization","@id":"https:\/\/adop.pt\/#organization","name":"ADoP","url":"https:\/\/adop.pt\/","logo":{"@type":"ImageObject","inLanguage":"en-GB","@id":"https:\/\/adop.pt\/#\/schema\/logo\/image\/","url":"https:\/\/adop.pt\/wp-content\/uploads\/2021\/11\/cropped-adop-logo-bg.jpg","contentUrl":"https:\/\/adop.pt\/wp-content\/uploads\/2021\/11\/cropped-adop-logo-bg.jpg","width":512,"height":512,"caption":"ADoP"},"image":{"@id":"https:\/\/adop.pt\/#\/schema\/logo\/image\/"},"sameAs":["https:\/\/www.facebook.com\/profile.php?id=61565720170060","https:\/\/www.instagram.com\/antidopagem\/"]},{"@type":"Person","@id":"https:\/\/adop.pt\/#\/schema\/person\/a6e9cbdf0772431261ac9bffb7978b82","name":"cesar.laranjo","image":{"@type":"ImageObject","inLanguage":"en-GB","@id":"https:\/\/adop.pt\/#\/schema\/person\/image\/","url":"https:\/\/secure.gravatar.com\/avatar\/b4f2162739a0f56788d59bb586731d24b41216b1f4bba5ede1255501e7eacaa6?s=96&d=mm&r=g","contentUrl":"https:\/\/secure.gravatar.com\/avatar\/b4f2162739a0f56788d59bb586731d24b41216b1f4bba5ede1255501e7eacaa6?s=96&d=mm&r=g","caption":"cesar.laranjo"},"url":"https:\/\/adop.pt\/en\/author\/cesar-laranjo\/"}]}},"_links":{"self":[{"href":"https:\/\/adop.pt\/en\/wp-json\/wp\/v2\/posts\/1793","targetHints":{"allow":["GET"]}}],"collection":[{"href":"https:\/\/adop.pt\/en\/wp-json\/wp\/v2\/posts"}],"about":[{"href":"https:\/\/adop.pt\/en\/wp-json\/wp\/v2\/types\/post"}],"author":[{"embeddable":true,"href":"https:\/\/adop.pt\/en\/wp-json\/wp\/v2\/users\/7"}],"replies":[{"embeddable":true,"href":"https:\/\/adop.pt\/en\/wp-json\/wp\/v2\/comments?post=1793"}],"version-history":[{"count":1,"href":"https:\/\/adop.pt\/en\/wp-json\/wp\/v2\/posts\/1793\/revisions"}],"predecessor-version":[{"id":1796,"href":"https:\/\/adop.pt\/en\/wp-json\/wp\/v2\/posts\/1793\/revisions\/1796"}],"wp:featuredmedia":[{"embeddable":true,"href":"https:\/\/adop.pt\/en\/wp-json\/wp\/v2\/media\/1794"}],"wp:attachment":[{"href":"https:\/\/adop.pt\/en\/wp-json\/wp\/v2\/media?parent=1793"}],"wp:term":[{"taxonomy":"category","embeddable":true,"href":"https:\/\/adop.pt\/en\/wp-json\/wp\/v2\/categories?post=1793"},{"taxonomy":"post_tag","embeddable":true,"href":"https:\/\/adop.pt\/en\/wp-json\/wp\/v2\/tags?post=1793"}],"curies":[{"name":"wp","href":"https:\/\/api.w.org\/{rel}","templated":true}]}}