








{"id":1797,"date":"2021-01-22T10:00:19","date_gmt":"2021-01-22T10:00:19","guid":{"rendered":"https:\/\/adop.deltasolucoes.com\/?p=1797"},"modified":"2022-01-25T13:27:08","modified_gmt":"2022-01-25T13:27:08","slug":"a-adop-participou-na-videoconferencia-organizada-pela-escola-superior-de-desporto-de-rio-maior","status":"publish","type":"post","link":"https:\/\/adop.pt\/en\/a-adop-participou-na-videoconferencia-organizada-pela-escola-superior-de-desporto-de-rio-maior\/","title":{"rendered":"A ADoP participou na videoconfer\u00eancia organizada pela Escola Superior de Desporto de Rio Maior"},"content":{"rendered":"<p><img loading=\"lazy\" decoding=\"async\" class=\"size-medium wp-image-1799 alignleft\" src=\"https:\/\/adop.deltasolucoes.com\/wp-content\/uploads\/2022\/01\/escola_de_rio_maior_453x582-234x300.jpg\" alt=\"\" width=\"234\" height=\"300\" srcset=\"https:\/\/adop.pt\/wp-content\/uploads\/2022\/01\/escola_de_rio_maior_453x582-234x300.jpg 234w, https:\/\/adop.pt\/wp-content\/uploads\/2022\/01\/escola_de_rio_maior_453x582-9x12.jpg 9w, https:\/\/adop.pt\/wp-content\/uploads\/2022\/01\/escola_de_rio_maior_453x582.jpg 453w\" sizes=\"auto, (max-width: 234px) 100vw, 234px\" \/>A videoconfer\u00eancia sob o tema \u201cDoping e Instrumentaliza\u00e7\u00e3o do Desporto\u201d decorreu durante os dias 15 e 22 de janeiro de 2021 com a dura\u00e7\u00e3o de 6 horas tendo sido organizada pela Escola Superior de Desporto de Rio Maior com a parceria das Escolas Superiores de Desporto do Porto, Viseu e Set\u00fabal.<\/p>\n<p>Com acredita\u00e7\u00e3o pelo IPDJ (1.2 UC) esta a\u00e7\u00e3o de forma\u00e7\u00e3o foi integrada no Programa de A\u00e7\u00f5es de Forma\u00e7\u00e3o em \u00c9tica no Desporto 2020\/2021 com o patroc\u00ednio do PNED.<\/p>\n<p>Ao longo das duas sess\u00f5es de forma\u00e7\u00e3o foram abordados os seguintes conte\u00fados program\u00e1ticos:<\/p>\n<p>1\u00aa Sess\u00e3o<\/p>\n<ul>\n<li>ADoP \/ WADA \/ INADO \u2013 Institui\u00e7\u00f5es de luta contra o doping<\/li>\n<li>Contextualiza\u00e7\u00e3o te\u00f3rica e conceito de doping<\/li>\n<li>Subst\u00e2ncias e m\u00e9todos proibidos<\/li>\n<li>Autoriza\u00e7\u00f5es de Utiliza\u00e7\u00e3o Terap\u00eautica (AUT)<\/li>\n<li>Suplementos nutricionais<\/li>\n<li>Desporto Federado \/ Desporto Recreativo<\/li>\n<li>Consequ\u00eancias do doping, incluindo san\u00e7\u00f5es, consequ\u00eancias para a sa\u00fade e sociais<\/li>\n<\/ul>\n<p>2\u00aa Sess\u00e3o<\/p>\n<ul>\n<li>Programa Nacional Antidopagem \u2013 Grupos de risco, grupos alvo<\/li>\n<li>Sistema de Localiza\u00e7\u00e3o<\/li>\n<li>Tipos de Controlo<\/li>\n<li>Procedimentos de controle de dopagem<\/li>\n<li>Passaporte biol\u00f3gico<\/li>\n<li>Direitos e responsabilidades atletas e agentes desportivos<\/li>\n<li>Atitudes face ao doping. Moral, \u00e9tica e valores s\u00e3o dissuasores<\/li>\n<\/ul>\n<p>Participaram nas duas sess\u00f5es 270 participantes entre treinadores, t\u00e9cnicos de exerc\u00edcio f\u00edsico, professores de educa\u00e7\u00e3o f\u00edsica, profissionais de sa\u00fade, alunos docente e funcion\u00e1rios de Escola Superior de Desporto de Rio Maior.<\/p>","protected":false},"excerpt":{"rendered":"<p>A ADoP, representada pelo Presidente, Dr. Manuel Brito, pelo Diretor Executivo, Dr. Ant\u00f3nio J\u00falio Nunes, pela respons\u00e1vel do Sistema de Localiza\u00e7\u00e3o, Dra. Sofia Neves e pelo respons\u00e1vel da \u00c1rea de Forma\u00e7\u00e3o e Informa\u00e7\u00e3o, Dr. Carlos Santos, participou na videoconfer\u00eancia organizada pela Escola Superior de Educa\u00e7\u00e3o de Rio Maior sob o tema \u201c Doping e Instrumentaliza\u00e7\u00e3o do Desporto\u201d<\/p>","protected":false},"author":7,"featured_media":1798,"comment_status":"open","ping_status":"open","sticky":false,"template":"","format":"standard","meta":{"_et_pb_use_builder":"","_et_pb_old_content":"","_et_gb_content_width":"","inline_featured_image":false,"footnotes":""},"categories":[1],"tags":[],"class_list":["post-1797","post","type-post","status-publish","format-standard","has-post-thumbnail","hentry","category-sem-categoria"],"acf":[],"yoast_head":"<!-- This site is optimized with the Yoast SEO plugin v25.4 - https:\/\/yoast.com\/wordpress\/plugins\/seo\/ -->\n<title>A ADoP participou na videoconfer\u00eancia organizada pela Escola Superior de Desporto de Rio Maior - ADoP<\/title>\n<meta name=\"robots\" content=\"index, follow, max-snippet:-1, max-image-preview:large, max-video-preview:-1\" \/>\n<link rel=\"canonical\" href=\"https:\/\/adop.pt\/en\/a-adop-participou-na-videoconferencia-organizada-pela-escola-superior-de-desporto-de-rio-maior\/\" \/>\n<meta property=\"og:locale\" content=\"en_GB\" \/>\n<meta property=\"og:type\" content=\"article\" \/>\n<meta property=\"og:title\" content=\"A ADoP participou na videoconfer\u00eancia organizada pela Escola Superior de Desporto de Rio Maior - ADoP\" \/>\n<meta property=\"og:description\" content=\"A ADoP, representada pelo Presidente, Dr. Manuel Brito, pelo Diretor Executivo, Dr. Ant\u00f3nio J\u00falio Nunes, pela respons\u00e1vel do Sistema de Localiza\u00e7\u00e3o, Dra. Sofia Neves e pelo respons\u00e1vel da \u00c1rea de Forma\u00e7\u00e3o e Informa\u00e7\u00e3o, Dr. Carlos Santos, participou na videoconfer\u00eancia organizada pela Escola Superior de Educa\u00e7\u00e3o de Rio Maior sob o tema \u201c Doping e Instrumentaliza\u00e7\u00e3o do Desporto\u201d\" \/>\n<meta property=\"og:url\" content=\"https:\/\/adop.pt\/en\/a-adop-participou-na-videoconferencia-organizada-pela-escola-superior-de-desporto-de-rio-maior\/\" \/>\n<meta property=\"og:site_name\" content=\"ADoP\" \/>\n<meta property=\"article:publisher\" content=\"https:\/\/www.facebook.com\/profile.php?id=61565720170060\" \/>\n<meta property=\"article:published_time\" content=\"2021-01-22T10:00:19+00:00\" \/>\n<meta property=\"article:modified_time\" content=\"2022-01-25T13:27:08+00:00\" \/>\n<meta property=\"og:image\" content=\"https:\/\/adop.pt\/wp-content\/uploads\/2022\/01\/escola_de_rio_maior_453x5822.jpg\" \/>\n\t<meta property=\"og:image:width\" content=\"449\" \/>\n\t<meta property=\"og:image:height\" content=\"315\" \/>\n\t<meta property=\"og:image:type\" content=\"image\/jpeg\" \/>\n<meta name=\"author\" content=\"cesar.laranjo\" \/>\n<meta name=\"twitter:card\" content=\"summary_large_image\" \/>\n<meta name=\"twitter:label1\" content=\"Written by\" \/>\n\t<meta name=\"twitter:data1\" content=\"cesar.laranjo\" \/>\n\t<meta name=\"twitter:label2\" content=\"Estimated reading time\" \/>\n\t<meta name=\"twitter:data2\" content=\"1 minute\" \/>\n<script type=\"application\/ld+json\" class=\"yoast-schema-graph\">{\"@context\":\"https:\/\/schema.org\",\"@graph\":[{\"@type\":\"Article\",\"@id\":\"https:\/\/adop.pt\/a-adop-participou-na-videoconferencia-organizada-pela-escola-superior-de-desporto-de-rio-maior\/#article\",\"isPartOf\":{\"@id\":\"https:\/\/adop.pt\/a-adop-participou-na-videoconferencia-organizada-pela-escola-superior-de-desporto-de-rio-maior\/\"},\"author\":{\"name\":\"cesar.laranjo\",\"@id\":\"https:\/\/adop.pt\/#\/schema\/person\/a6e9cbdf0772431261ac9bffb7978b82\"},\"headline\":\"A ADoP participou na videoconfer\u00eancia organizada pela Escola Superior de Desporto de Rio Maior\",\"datePublished\":\"2021-01-22T10:00:19+00:00\",\"dateModified\":\"2022-01-25T13:27:08+00:00\",\"mainEntityOfPage\":{\"@id\":\"https:\/\/adop.pt\/a-adop-participou-na-videoconferencia-organizada-pela-escola-superior-de-desporto-de-rio-maior\/\"},\"wordCount\":251,\"commentCount\":0,\"publisher\":{\"@id\":\"https:\/\/adop.pt\/#organization\"},\"image\":{\"@id\":\"https:\/\/adop.pt\/a-adop-participou-na-videoconferencia-organizada-pela-escola-superior-de-desporto-de-rio-maior\/#primaryimage\"},\"thumbnailUrl\":\"https:\/\/adop.pt\/wp-content\/uploads\/2022\/01\/escola_de_rio_maior_453x5822.jpg\",\"articleSection\":[\"Sem categoria\"],\"inLanguage\":\"en-GB\",\"potentialAction\":[{\"@type\":\"CommentAction\",\"name\":\"Comment\",\"target\":[\"https:\/\/adop.pt\/a-adop-participou-na-videoconferencia-organizada-pela-escola-superior-de-desporto-de-rio-maior\/#respond\"]}]},{\"@type\":\"WebPage\",\"@id\":\"https:\/\/adop.pt\/a-adop-participou-na-videoconferencia-organizada-pela-escola-superior-de-desporto-de-rio-maior\/\",\"url\":\"https:\/\/adop.pt\/a-adop-participou-na-videoconferencia-organizada-pela-escola-superior-de-desporto-de-rio-maior\/\",\"name\":\"A ADoP participou na videoconfer\u00eancia organizada pela Escola Superior de Desporto de Rio Maior - ADoP\",\"isPartOf\":{\"@id\":\"https:\/\/adop.pt\/#website\"},\"primaryImageOfPage\":{\"@id\":\"https:\/\/adop.pt\/a-adop-participou-na-videoconferencia-organizada-pela-escola-superior-de-desporto-de-rio-maior\/#primaryimage\"},\"image\":{\"@id\":\"https:\/\/adop.pt\/a-adop-participou-na-videoconferencia-organizada-pela-escola-superior-de-desporto-de-rio-maior\/#primaryimage\"},\"thumbnailUrl\":\"https:\/\/adop.pt\/wp-content\/uploads\/2022\/01\/escola_de_rio_maior_453x5822.jpg\",\"datePublished\":\"2021-01-22T10:00:19+00:00\",\"dateModified\":\"2022-01-25T13:27:08+00:00\",\"breadcrumb\":{\"@id\":\"https:\/\/adop.pt\/a-adop-participou-na-videoconferencia-organizada-pela-escola-superior-de-desporto-de-rio-maior\/#breadcrumb\"},\"inLanguage\":\"en-GB\",\"potentialAction\":[{\"@type\":\"ReadAction\",\"target\":[\"https:\/\/adop.pt\/a-adop-participou-na-videoconferencia-organizada-pela-escola-superior-de-desporto-de-rio-maior\/\"]}]},{\"@type\":\"ImageObject\",\"inLanguage\":\"en-GB\",\"@id\":\"https:\/\/adop.pt\/a-adop-participou-na-videoconferencia-organizada-pela-escola-superior-de-desporto-de-rio-maior\/#primaryimage\",\"url\":\"https:\/\/adop.pt\/wp-content\/uploads\/2022\/01\/escola_de_rio_maior_453x5822.jpg\",\"contentUrl\":\"https:\/\/adop.pt\/wp-content\/uploads\/2022\/01\/escola_de_rio_maior_453x5822.jpg\",\"width\":449,\"height\":315},{\"@type\":\"BreadcrumbList\",\"@id\":\"https:\/\/adop.pt\/a-adop-participou-na-videoconferencia-organizada-pela-escola-superior-de-desporto-de-rio-maior\/#breadcrumb\",\"itemListElement\":[{\"@type\":\"ListItem\",\"position\":1,\"name\":\"In\u00edcio\",\"item\":\"https:\/\/adop.pt\/\"},{\"@type\":\"ListItem\",\"position\":2,\"name\":\"A ADoP participou na videoconfer\u00eancia organizada pela Escola Superior de Desporto de Rio Maior\"}]},{\"@type\":\"WebSite\",\"@id\":\"https:\/\/adop.pt\/#website\",\"url\":\"https:\/\/adop.pt\/\",\"name\":\"ADoP\",\"description\":\"Autoridade Antidopagem de Portugal\",\"publisher\":{\"@id\":\"https:\/\/adop.pt\/#organization\"},\"potentialAction\":[{\"@type\":\"SearchAction\",\"target\":{\"@type\":\"EntryPoint\",\"urlTemplate\":\"https:\/\/adop.pt\/?s={search_term_string}\"},\"query-input\":{\"@type\":\"PropertyValueSpecification\",\"valueRequired\":true,\"valueName\":\"search_term_string\"}}],\"inLanguage\":\"en-GB\"},{\"@type\":\"Organization\",\"@id\":\"https:\/\/adop.pt\/#organization\",\"name\":\"ADoP\",\"url\":\"https:\/\/adop.pt\/\",\"logo\":{\"@type\":\"ImageObject\",\"inLanguage\":\"en-GB\",\"@id\":\"https:\/\/adop.pt\/#\/schema\/logo\/image\/\",\"url\":\"https:\/\/adop.pt\/wp-content\/uploads\/2021\/11\/cropped-adop-logo-bg.jpg\",\"contentUrl\":\"https:\/\/adop.pt\/wp-content\/uploads\/2021\/11\/cropped-adop-logo-bg.jpg\",\"width\":512,\"height\":512,\"caption\":\"ADoP\"},\"image\":{\"@id\":\"https:\/\/adop.pt\/#\/schema\/logo\/image\/\"},\"sameAs\":[\"https:\/\/www.facebook.com\/profile.php?id=61565720170060\",\"https:\/\/www.instagram.com\/antidopagem\/\"]},{\"@type\":\"Person\",\"@id\":\"https:\/\/adop.pt\/#\/schema\/person\/a6e9cbdf0772431261ac9bffb7978b82\",\"name\":\"cesar.laranjo\",\"image\":{\"@type\":\"ImageObject\",\"inLanguage\":\"en-GB\",\"@id\":\"https:\/\/adop.pt\/#\/schema\/person\/image\/\",\"url\":\"https:\/\/secure.gravatar.com\/avatar\/b4f2162739a0f56788d59bb586731d24b41216b1f4bba5ede1255501e7eacaa6?s=96&d=mm&r=g\",\"contentUrl\":\"https:\/\/secure.gravatar.com\/avatar\/b4f2162739a0f56788d59bb586731d24b41216b1f4bba5ede1255501e7eacaa6?s=96&d=mm&r=g\",\"caption\":\"cesar.laranjo\"},\"url\":\"https:\/\/adop.pt\/en\/author\/cesar-laranjo\/\"}]}<\/script>\n<!-- \/ Yoast SEO plugin. -->","yoast_head_json":{"title":"A ADoP participou na videoconfer\u00eancia organizada pela Escola Superior de Desporto de Rio Maior - ADoP","robots":{"index":"index","follow":"follow","max-snippet":"max-snippet:-1","max-image-preview":"max-image-preview:large","max-video-preview":"max-video-preview:-1"},"canonical":"https:\/\/adop.pt\/en\/a-adop-participou-na-videoconferencia-organizada-pela-escola-superior-de-desporto-de-rio-maior\/","og_locale":"en_GB","og_type":"article","og_title":"A ADoP participou na videoconfer\u00eancia organizada pela Escola Superior de Desporto de Rio Maior - ADoP","og_description":"A ADoP, representada pelo Presidente, Dr. Manuel Brito, pelo Diretor Executivo, Dr. Ant\u00f3nio J\u00falio Nunes, pela respons\u00e1vel do Sistema de Localiza\u00e7\u00e3o, Dra. Sofia Neves e pelo respons\u00e1vel da \u00c1rea de Forma\u00e7\u00e3o e Informa\u00e7\u00e3o, Dr. Carlos Santos, participou na videoconfer\u00eancia organizada pela Escola Superior de Educa\u00e7\u00e3o de Rio Maior sob o tema \u201c Doping e Instrumentaliza\u00e7\u00e3o do Desporto\u201d","og_url":"https:\/\/adop.pt\/en\/a-adop-participou-na-videoconferencia-organizada-pela-escola-superior-de-desporto-de-rio-maior\/","og_site_name":"ADoP","article_publisher":"https:\/\/www.facebook.com\/profile.php?id=61565720170060","article_published_time":"2021-01-22T10:00:19+00:00","article_modified_time":"2022-01-25T13:27:08+00:00","og_image":[{"width":449,"height":315,"url":"https:\/\/adop.pt\/wp-content\/uploads\/2022\/01\/escola_de_rio_maior_453x5822.jpg","type":"image\/jpeg"}],"author":"cesar.laranjo","twitter_card":"summary_large_image","twitter_misc":{"Written by":"cesar.laranjo","Estimated reading time":"1 minute"},"schema":{"@context":"https:\/\/schema.org","@graph":[{"@type":"Article","@id":"https:\/\/adop.pt\/a-adop-participou-na-videoconferencia-organizada-pela-escola-superior-de-desporto-de-rio-maior\/#article","isPartOf":{"@id":"https:\/\/adop.pt\/a-adop-participou-na-videoconferencia-organizada-pela-escola-superior-de-desporto-de-rio-maior\/"},"author":{"name":"cesar.laranjo","@id":"https:\/\/adop.pt\/#\/schema\/person\/a6e9cbdf0772431261ac9bffb7978b82"},"headline":"A ADoP participou na videoconfer\u00eancia organizada pela Escola Superior de Desporto de Rio Maior","datePublished":"2021-01-22T10:00:19+00:00","dateModified":"2022-01-25T13:27:08+00:00","mainEntityOfPage":{"@id":"https:\/\/adop.pt\/a-adop-participou-na-videoconferencia-organizada-pela-escola-superior-de-desporto-de-rio-maior\/"},"wordCount":251,"commentCount":0,"publisher":{"@id":"https:\/\/adop.pt\/#organization"},"image":{"@id":"https:\/\/adop.pt\/a-adop-participou-na-videoconferencia-organizada-pela-escola-superior-de-desporto-de-rio-maior\/#primaryimage"},"thumbnailUrl":"https:\/\/adop.pt\/wp-content\/uploads\/2022\/01\/escola_de_rio_maior_453x5822.jpg","articleSection":["Sem categoria"],"inLanguage":"en-GB","potentialAction":[{"@type":"CommentAction","name":"Comment","target":["https:\/\/adop.pt\/a-adop-participou-na-videoconferencia-organizada-pela-escola-superior-de-desporto-de-rio-maior\/#respond"]}]},{"@type":"WebPage","@id":"https:\/\/adop.pt\/a-adop-participou-na-videoconferencia-organizada-pela-escola-superior-de-desporto-de-rio-maior\/","url":"https:\/\/adop.pt\/a-adop-participou-na-videoconferencia-organizada-pela-escola-superior-de-desporto-de-rio-maior\/","name":"A ADoP participou na videoconfer\u00eancia organizada pela Escola Superior de Desporto de Rio Maior - ADoP","isPartOf":{"@id":"https:\/\/adop.pt\/#website"},"primaryImageOfPage":{"@id":"https:\/\/adop.pt\/a-adop-participou-na-videoconferencia-organizada-pela-escola-superior-de-desporto-de-rio-maior\/#primaryimage"},"image":{"@id":"https:\/\/adop.pt\/a-adop-participou-na-videoconferencia-organizada-pela-escola-superior-de-desporto-de-rio-maior\/#primaryimage"},"thumbnailUrl":"https:\/\/adop.pt\/wp-content\/uploads\/2022\/01\/escola_de_rio_maior_453x5822.jpg","datePublished":"2021-01-22T10:00:19+00:00","dateModified":"2022-01-25T13:27:08+00:00","breadcrumb":{"@id":"https:\/\/adop.pt\/a-adop-participou-na-videoconferencia-organizada-pela-escola-superior-de-desporto-de-rio-maior\/#breadcrumb"},"inLanguage":"en-GB","potentialAction":[{"@type":"ReadAction","target":["https:\/\/adop.pt\/a-adop-participou-na-videoconferencia-organizada-pela-escola-superior-de-desporto-de-rio-maior\/"]}]},{"@type":"ImageObject","inLanguage":"en-GB","@id":"https:\/\/adop.pt\/a-adop-participou-na-videoconferencia-organizada-pela-escola-superior-de-desporto-de-rio-maior\/#primaryimage","url":"https:\/\/adop.pt\/wp-content\/uploads\/2022\/01\/escola_de_rio_maior_453x5822.jpg","contentUrl":"https:\/\/adop.pt\/wp-content\/uploads\/2022\/01\/escola_de_rio_maior_453x5822.jpg","width":449,"height":315},{"@type":"BreadcrumbList","@id":"https:\/\/adop.pt\/a-adop-participou-na-videoconferencia-organizada-pela-escola-superior-de-desporto-de-rio-maior\/#breadcrumb","itemListElement":[{"@type":"ListItem","position":1,"name":"In\u00edcio","item":"https:\/\/adop.pt\/"},{"@type":"ListItem","position":2,"name":"A ADoP participou na videoconfer\u00eancia organizada pela Escola Superior de Desporto de Rio Maior"}]},{"@type":"WebSite","@id":"https:\/\/adop.pt\/#website","url":"https:\/\/adop.pt\/","name":"ADoP","description":"Autoridade Antidopagem de Portugal","publisher":{"@id":"https:\/\/adop.pt\/#organization"},"potentialAction":[{"@type":"SearchAction","target":{"@type":"EntryPoint","urlTemplate":"https:\/\/adop.pt\/?s={search_term_string}"},"query-input":{"@type":"PropertyValueSpecification","valueRequired":true,"valueName":"search_term_string"}}],"inLanguage":"en-GB"},{"@type":"Organization","@id":"https:\/\/adop.pt\/#organization","name":"ADoP","url":"https:\/\/adop.pt\/","logo":{"@type":"ImageObject","inLanguage":"en-GB","@id":"https:\/\/adop.pt\/#\/schema\/logo\/image\/","url":"https:\/\/adop.pt\/wp-content\/uploads\/2021\/11\/cropped-adop-logo-bg.jpg","contentUrl":"https:\/\/adop.pt\/wp-content\/uploads\/2021\/11\/cropped-adop-logo-bg.jpg","width":512,"height":512,"caption":"ADoP"},"image":{"@id":"https:\/\/adop.pt\/#\/schema\/logo\/image\/"},"sameAs":["https:\/\/www.facebook.com\/profile.php?id=61565720170060","https:\/\/www.instagram.com\/antidopagem\/"]},{"@type":"Person","@id":"https:\/\/adop.pt\/#\/schema\/person\/a6e9cbdf0772431261ac9bffb7978b82","name":"cesar.laranjo","image":{"@type":"ImageObject","inLanguage":"en-GB","@id":"https:\/\/adop.pt\/#\/schema\/person\/image\/","url":"https:\/\/secure.gravatar.com\/avatar\/b4f2162739a0f56788d59bb586731d24b41216b1f4bba5ede1255501e7eacaa6?s=96&d=mm&r=g","contentUrl":"https:\/\/secure.gravatar.com\/avatar\/b4f2162739a0f56788d59bb586731d24b41216b1f4bba5ede1255501e7eacaa6?s=96&d=mm&r=g","caption":"cesar.laranjo"},"url":"https:\/\/adop.pt\/en\/author\/cesar-laranjo\/"}]}},"_links":{"self":[{"href":"https:\/\/adop.pt\/en\/wp-json\/wp\/v2\/posts\/1797","targetHints":{"allow":["GET"]}}],"collection":[{"href":"https:\/\/adop.pt\/en\/wp-json\/wp\/v2\/posts"}],"about":[{"href":"https:\/\/adop.pt\/en\/wp-json\/wp\/v2\/types\/post"}],"author":[{"embeddable":true,"href":"https:\/\/adop.pt\/en\/wp-json\/wp\/v2\/users\/7"}],"replies":[{"embeddable":true,"href":"https:\/\/adop.pt\/en\/wp-json\/wp\/v2\/comments?post=1797"}],"version-history":[{"count":1,"href":"https:\/\/adop.pt\/en\/wp-json\/wp\/v2\/posts\/1797\/revisions"}],"predecessor-version":[{"id":1800,"href":"https:\/\/adop.pt\/en\/wp-json\/wp\/v2\/posts\/1797\/revisions\/1800"}],"wp:featuredmedia":[{"embeddable":true,"href":"https:\/\/adop.pt\/en\/wp-json\/wp\/v2\/media\/1798"}],"wp:attachment":[{"href":"https:\/\/adop.pt\/en\/wp-json\/wp\/v2\/media?parent=1797"}],"wp:term":[{"taxonomy":"category","embeddable":true,"href":"https:\/\/adop.pt\/en\/wp-json\/wp\/v2\/categories?post=1797"},{"taxonomy":"post_tag","embeddable":true,"href":"https:\/\/adop.pt\/en\/wp-json\/wp\/v2\/tags?post=1797"}],"curies":[{"name":"wp","href":"https:\/\/api.w.org\/{rel}","templated":true}]}}