








{"id":1809,"date":"2020-12-10T11:11:29","date_gmt":"2020-12-10T11:11:29","guid":{"rendered":"https:\/\/adop.deltasolucoes.com\/?p=1809"},"modified":"2022-01-25T13:47:50","modified_gmt":"2022-01-25T13:47:50","slug":"auditoria-do-sistema-de-gestao-da-qualidade-da-adop","status":"publish","type":"post","link":"https:\/\/adop.pt\/en\/auditoria-do-sistema-de-gestao-da-qualidade-da-adop\/","title":{"rendered":"Auditoria do Sistema de Gest\u00e3o da Qualidade da ADoP"},"content":{"rendered":"<p>No passado dias 09 e 10 de dezembro 2020 a ADoP passou, uma vez mais com sucesso por uma Auditoria Externa.<img loading=\"lazy\" decoding=\"async\" class=\"size-medium wp-image-1810 alignleft\" src=\"https:\/\/adop.deltasolucoes.com\/wp-content\/uploads\/2022\/01\/foto_auditoria_2020_653x250-300x115.jpg\" alt=\"\" width=\"300\" height=\"115\" \/><\/p>\n<p>Esta\u00a0Auditoria foi realizada remotamente, via plataforma Zoom, pela Dra. Maria Cristina Crespo Marques da APCER, tendo sido cumpridos os objetivos definidos para a Auditoria de renova\u00e7\u00e3o.<\/p>\n<p>Apesar das conting\u00eancias associadas \u00e1 pandemia &#8211; COVID-19, o Sistema de Gest\u00e3o da Qualidade manteve a sua integridade e demonstrou cumprir, com os requisitos da ISO 9001:2015 para todos os processos.<\/p>\n<p>A auditoria foi realizada aos processos, produtos e servi\u00e7os, documentos e entrevistas realizadas aos colaboradores.<\/p>\n<p>Nesta Auditoria foram destacados como pontos fortes da organiza\u00e7\u00e3o:<\/p>\n<ul>\n<li>O empenho da gest\u00e3o na melhoria cont\u00ednua;<\/li>\n<li>A qualifica\u00e7\u00e3o e compet\u00eancia da equipa;<\/li>\n<li>O Plano de Conting\u00eancia implementado para o COVID 19;<\/li>\n<li>O n\u00famero de parcerias com outras entidades estatais que potenciam o seu \u00e2mbito de atua\u00e7\u00e3o.<\/li>\n<\/ul>\n<p>Tendo a ADoP\/ESPAD evidenciado ao longo do ciclo de auditorias que culminou com esta auditoria de renova\u00e7\u00e3o, uma efetiva melhoria continua da qualidade que se pode constatar atrav\u00e9s da melhoria dos seus indicadores e cumprimentos dos objetivos, a auditora recomendou a renova\u00e7\u00e3o da certifica\u00e7\u00e3o do sistema de gest\u00e3o da qualidade desta Autoridade.<\/p>","protected":false},"excerpt":{"rendered":"<p>A ADoP no passado dia 09 e 10 de dezembro foi alvo de uma Auditoria Externa no \u00e2mbito do Sistema de Gest\u00e3o da Qualidade segundo a Norma NP EN ISO 9001:2015, realizada pela APCER<\/p>","protected":false},"author":7,"featured_media":1810,"comment_status":"open","ping_status":"open","sticky":false,"template":"","format":"standard","meta":{"_et_pb_use_builder":"","_et_pb_old_content":"","_et_gb_content_width":"","inline_featured_image":false,"footnotes":""},"categories":[1],"tags":[],"class_list":["post-1809","post","type-post","status-publish","format-standard","has-post-thumbnail","hentry","category-sem-categoria"],"acf":[],"yoast_head":"<!-- This site is optimized with the Yoast SEO plugin v25.4 - https:\/\/yoast.com\/wordpress\/plugins\/seo\/ -->\n<title>Auditoria do Sistema de Gest\u00e3o da Qualidade da ADoP - ADoP<\/title>\n<meta name=\"robots\" content=\"index, follow, max-snippet:-1, max-image-preview:large, max-video-preview:-1\" \/>\n<link rel=\"canonical\" href=\"https:\/\/adop.pt\/en\/auditoria-do-sistema-de-gestao-da-qualidade-da-adop\/\" \/>\n<meta property=\"og:locale\" content=\"en_GB\" \/>\n<meta property=\"og:type\" content=\"article\" \/>\n<meta property=\"og:title\" content=\"Auditoria do Sistema de Gest\u00e3o da Qualidade da ADoP - ADoP\" \/>\n<meta property=\"og:description\" content=\"A ADoP no passado dia 09 e 10 de dezembro foi alvo de uma Auditoria Externa no \u00e2mbito do Sistema de Gest\u00e3o da Qualidade segundo a Norma NP EN ISO 9001:2015, realizada pela APCER\" \/>\n<meta property=\"og:url\" content=\"https:\/\/adop.pt\/en\/auditoria-do-sistema-de-gestao-da-qualidade-da-adop\/\" \/>\n<meta property=\"og:site_name\" content=\"ADoP\" \/>\n<meta property=\"article:publisher\" content=\"https:\/\/www.facebook.com\/profile.php?id=61565720170060\" \/>\n<meta property=\"article:published_time\" content=\"2020-12-10T11:11:29+00:00\" \/>\n<meta property=\"article:modified_time\" content=\"2022-01-25T13:47:50+00:00\" \/>\n<meta property=\"og:image\" content=\"https:\/\/adop.pt\/wp-content\/uploads\/2022\/01\/foto_auditoria_2020_653x250.jpg\" \/>\n\t<meta property=\"og:image:width\" content=\"653\" \/>\n\t<meta property=\"og:image:height\" content=\"250\" \/>\n\t<meta property=\"og:image:type\" content=\"image\/jpeg\" \/>\n<meta name=\"author\" content=\"cesar.laranjo\" \/>\n<meta name=\"twitter:card\" content=\"summary_large_image\" \/>\n<meta name=\"twitter:label1\" content=\"Written by\" \/>\n\t<meta name=\"twitter:data1\" content=\"cesar.laranjo\" \/>\n\t<meta name=\"twitter:label2\" content=\"Estimated reading time\" \/>\n\t<meta name=\"twitter:data2\" content=\"1 minute\" \/>\n<script type=\"application\/ld+json\" class=\"yoast-schema-graph\">{\"@context\":\"https:\/\/schema.org\",\"@graph\":[{\"@type\":\"Article\",\"@id\":\"https:\/\/adop.pt\/auditoria-do-sistema-de-gestao-da-qualidade-da-adop\/#article\",\"isPartOf\":{\"@id\":\"https:\/\/adop.pt\/auditoria-do-sistema-de-gestao-da-qualidade-da-adop\/\"},\"author\":{\"name\":\"cesar.laranjo\",\"@id\":\"https:\/\/adop.pt\/#\/schema\/person\/a6e9cbdf0772431261ac9bffb7978b82\"},\"headline\":\"Auditoria do Sistema de Gest\u00e3o da Qualidade da ADoP\",\"datePublished\":\"2020-12-10T11:11:29+00:00\",\"dateModified\":\"2022-01-25T13:47:50+00:00\",\"mainEntityOfPage\":{\"@id\":\"https:\/\/adop.pt\/auditoria-do-sistema-de-gestao-da-qualidade-da-adop\/\"},\"wordCount\":214,\"commentCount\":0,\"publisher\":{\"@id\":\"https:\/\/adop.pt\/#organization\"},\"image\":{\"@id\":\"https:\/\/adop.pt\/auditoria-do-sistema-de-gestao-da-qualidade-da-adop\/#primaryimage\"},\"thumbnailUrl\":\"https:\/\/adop.pt\/wp-content\/uploads\/2022\/01\/foto_auditoria_2020_653x250.jpg\",\"articleSection\":[\"Sem categoria\"],\"inLanguage\":\"en-GB\",\"potentialAction\":[{\"@type\":\"CommentAction\",\"name\":\"Comment\",\"target\":[\"https:\/\/adop.pt\/auditoria-do-sistema-de-gestao-da-qualidade-da-adop\/#respond\"]}]},{\"@type\":\"WebPage\",\"@id\":\"https:\/\/adop.pt\/auditoria-do-sistema-de-gestao-da-qualidade-da-adop\/\",\"url\":\"https:\/\/adop.pt\/auditoria-do-sistema-de-gestao-da-qualidade-da-adop\/\",\"name\":\"Auditoria do Sistema de Gest\u00e3o da Qualidade da ADoP - ADoP\",\"isPartOf\":{\"@id\":\"https:\/\/adop.pt\/#website\"},\"primaryImageOfPage\":{\"@id\":\"https:\/\/adop.pt\/auditoria-do-sistema-de-gestao-da-qualidade-da-adop\/#primaryimage\"},\"image\":{\"@id\":\"https:\/\/adop.pt\/auditoria-do-sistema-de-gestao-da-qualidade-da-adop\/#primaryimage\"},\"thumbnailUrl\":\"https:\/\/adop.pt\/wp-content\/uploads\/2022\/01\/foto_auditoria_2020_653x250.jpg\",\"datePublished\":\"2020-12-10T11:11:29+00:00\",\"dateModified\":\"2022-01-25T13:47:50+00:00\",\"breadcrumb\":{\"@id\":\"https:\/\/adop.pt\/auditoria-do-sistema-de-gestao-da-qualidade-da-adop\/#breadcrumb\"},\"inLanguage\":\"en-GB\",\"potentialAction\":[{\"@type\":\"ReadAction\",\"target\":[\"https:\/\/adop.pt\/auditoria-do-sistema-de-gestao-da-qualidade-da-adop\/\"]}]},{\"@type\":\"ImageObject\",\"inLanguage\":\"en-GB\",\"@id\":\"https:\/\/adop.pt\/auditoria-do-sistema-de-gestao-da-qualidade-da-adop\/#primaryimage\",\"url\":\"https:\/\/adop.pt\/wp-content\/uploads\/2022\/01\/foto_auditoria_2020_653x250.jpg\",\"contentUrl\":\"https:\/\/adop.pt\/wp-content\/uploads\/2022\/01\/foto_auditoria_2020_653x250.jpg\",\"width\":653,\"height\":250},{\"@type\":\"BreadcrumbList\",\"@id\":\"https:\/\/adop.pt\/auditoria-do-sistema-de-gestao-da-qualidade-da-adop\/#breadcrumb\",\"itemListElement\":[{\"@type\":\"ListItem\",\"position\":1,\"name\":\"In\u00edcio\",\"item\":\"https:\/\/adop.pt\/\"},{\"@type\":\"ListItem\",\"position\":2,\"name\":\"Auditoria do Sistema de Gest\u00e3o da Qualidade da ADoP\"}]},{\"@type\":\"WebSite\",\"@id\":\"https:\/\/adop.pt\/#website\",\"url\":\"https:\/\/adop.pt\/\",\"name\":\"ADoP\",\"description\":\"Autoridade Antidopagem de Portugal\",\"publisher\":{\"@id\":\"https:\/\/adop.pt\/#organization\"},\"potentialAction\":[{\"@type\":\"SearchAction\",\"target\":{\"@type\":\"EntryPoint\",\"urlTemplate\":\"https:\/\/adop.pt\/?s={search_term_string}\"},\"query-input\":{\"@type\":\"PropertyValueSpecification\",\"valueRequired\":true,\"valueName\":\"search_term_string\"}}],\"inLanguage\":\"en-GB\"},{\"@type\":\"Organization\",\"@id\":\"https:\/\/adop.pt\/#organization\",\"name\":\"ADoP\",\"url\":\"https:\/\/adop.pt\/\",\"logo\":{\"@type\":\"ImageObject\",\"inLanguage\":\"en-GB\",\"@id\":\"https:\/\/adop.pt\/#\/schema\/logo\/image\/\",\"url\":\"https:\/\/adop.pt\/wp-content\/uploads\/2021\/11\/cropped-adop-logo-bg.jpg\",\"contentUrl\":\"https:\/\/adop.pt\/wp-content\/uploads\/2021\/11\/cropped-adop-logo-bg.jpg\",\"width\":512,\"height\":512,\"caption\":\"ADoP\"},\"image\":{\"@id\":\"https:\/\/adop.pt\/#\/schema\/logo\/image\/\"},\"sameAs\":[\"https:\/\/www.facebook.com\/profile.php?id=61565720170060\",\"https:\/\/www.instagram.com\/antidopagem\/\"]},{\"@type\":\"Person\",\"@id\":\"https:\/\/adop.pt\/#\/schema\/person\/a6e9cbdf0772431261ac9bffb7978b82\",\"name\":\"cesar.laranjo\",\"image\":{\"@type\":\"ImageObject\",\"inLanguage\":\"en-GB\",\"@id\":\"https:\/\/adop.pt\/#\/schema\/person\/image\/\",\"url\":\"https:\/\/secure.gravatar.com\/avatar\/b4f2162739a0f56788d59bb586731d24b41216b1f4bba5ede1255501e7eacaa6?s=96&d=mm&r=g\",\"contentUrl\":\"https:\/\/secure.gravatar.com\/avatar\/b4f2162739a0f56788d59bb586731d24b41216b1f4bba5ede1255501e7eacaa6?s=96&d=mm&r=g\",\"caption\":\"cesar.laranjo\"},\"url\":\"https:\/\/adop.pt\/en\/author\/cesar-laranjo\/\"}]}<\/script>\n<!-- \/ Yoast SEO plugin. -->","yoast_head_json":{"title":"Auditoria do Sistema de Gest\u00e3o da Qualidade da ADoP - ADoP","robots":{"index":"index","follow":"follow","max-snippet":"max-snippet:-1","max-image-preview":"max-image-preview:large","max-video-preview":"max-video-preview:-1"},"canonical":"https:\/\/adop.pt\/en\/auditoria-do-sistema-de-gestao-da-qualidade-da-adop\/","og_locale":"en_GB","og_type":"article","og_title":"Auditoria do Sistema de Gest\u00e3o da Qualidade da ADoP - ADoP","og_description":"A ADoP no passado dia 09 e 10 de dezembro foi alvo de uma Auditoria Externa no \u00e2mbito do Sistema de Gest\u00e3o da Qualidade segundo a Norma NP EN ISO 9001:2015, realizada pela APCER","og_url":"https:\/\/adop.pt\/en\/auditoria-do-sistema-de-gestao-da-qualidade-da-adop\/","og_site_name":"ADoP","article_publisher":"https:\/\/www.facebook.com\/profile.php?id=61565720170060","article_published_time":"2020-12-10T11:11:29+00:00","article_modified_time":"2022-01-25T13:47:50+00:00","og_image":[{"width":653,"height":250,"url":"https:\/\/adop.pt\/wp-content\/uploads\/2022\/01\/foto_auditoria_2020_653x250.jpg","type":"image\/jpeg"}],"author":"cesar.laranjo","twitter_card":"summary_large_image","twitter_misc":{"Written by":"cesar.laranjo","Estimated reading time":"1 minute"},"schema":{"@context":"https:\/\/schema.org","@graph":[{"@type":"Article","@id":"https:\/\/adop.pt\/auditoria-do-sistema-de-gestao-da-qualidade-da-adop\/#article","isPartOf":{"@id":"https:\/\/adop.pt\/auditoria-do-sistema-de-gestao-da-qualidade-da-adop\/"},"author":{"name":"cesar.laranjo","@id":"https:\/\/adop.pt\/#\/schema\/person\/a6e9cbdf0772431261ac9bffb7978b82"},"headline":"Auditoria do Sistema de Gest\u00e3o da Qualidade da ADoP","datePublished":"2020-12-10T11:11:29+00:00","dateModified":"2022-01-25T13:47:50+00:00","mainEntityOfPage":{"@id":"https:\/\/adop.pt\/auditoria-do-sistema-de-gestao-da-qualidade-da-adop\/"},"wordCount":214,"commentCount":0,"publisher":{"@id":"https:\/\/adop.pt\/#organization"},"image":{"@id":"https:\/\/adop.pt\/auditoria-do-sistema-de-gestao-da-qualidade-da-adop\/#primaryimage"},"thumbnailUrl":"https:\/\/adop.pt\/wp-content\/uploads\/2022\/01\/foto_auditoria_2020_653x250.jpg","articleSection":["Sem categoria"],"inLanguage":"en-GB","potentialAction":[{"@type":"CommentAction","name":"Comment","target":["https:\/\/adop.pt\/auditoria-do-sistema-de-gestao-da-qualidade-da-adop\/#respond"]}]},{"@type":"WebPage","@id":"https:\/\/adop.pt\/auditoria-do-sistema-de-gestao-da-qualidade-da-adop\/","url":"https:\/\/adop.pt\/auditoria-do-sistema-de-gestao-da-qualidade-da-adop\/","name":"Auditoria do Sistema de Gest\u00e3o da Qualidade da ADoP - ADoP","isPartOf":{"@id":"https:\/\/adop.pt\/#website"},"primaryImageOfPage":{"@id":"https:\/\/adop.pt\/auditoria-do-sistema-de-gestao-da-qualidade-da-adop\/#primaryimage"},"image":{"@id":"https:\/\/adop.pt\/auditoria-do-sistema-de-gestao-da-qualidade-da-adop\/#primaryimage"},"thumbnailUrl":"https:\/\/adop.pt\/wp-content\/uploads\/2022\/01\/foto_auditoria_2020_653x250.jpg","datePublished":"2020-12-10T11:11:29+00:00","dateModified":"2022-01-25T13:47:50+00:00","breadcrumb":{"@id":"https:\/\/adop.pt\/auditoria-do-sistema-de-gestao-da-qualidade-da-adop\/#breadcrumb"},"inLanguage":"en-GB","potentialAction":[{"@type":"ReadAction","target":["https:\/\/adop.pt\/auditoria-do-sistema-de-gestao-da-qualidade-da-adop\/"]}]},{"@type":"ImageObject","inLanguage":"en-GB","@id":"https:\/\/adop.pt\/auditoria-do-sistema-de-gestao-da-qualidade-da-adop\/#primaryimage","url":"https:\/\/adop.pt\/wp-content\/uploads\/2022\/01\/foto_auditoria_2020_653x250.jpg","contentUrl":"https:\/\/adop.pt\/wp-content\/uploads\/2022\/01\/foto_auditoria_2020_653x250.jpg","width":653,"height":250},{"@type":"BreadcrumbList","@id":"https:\/\/adop.pt\/auditoria-do-sistema-de-gestao-da-qualidade-da-adop\/#breadcrumb","itemListElement":[{"@type":"ListItem","position":1,"name":"In\u00edcio","item":"https:\/\/adop.pt\/"},{"@type":"ListItem","position":2,"name":"Auditoria do Sistema de Gest\u00e3o da Qualidade da ADoP"}]},{"@type":"WebSite","@id":"https:\/\/adop.pt\/#website","url":"https:\/\/adop.pt\/","name":"ADoP","description":"Autoridade Antidopagem de Portugal","publisher":{"@id":"https:\/\/adop.pt\/#organization"},"potentialAction":[{"@type":"SearchAction","target":{"@type":"EntryPoint","urlTemplate":"https:\/\/adop.pt\/?s={search_term_string}"},"query-input":{"@type":"PropertyValueSpecification","valueRequired":true,"valueName":"search_term_string"}}],"inLanguage":"en-GB"},{"@type":"Organization","@id":"https:\/\/adop.pt\/#organization","name":"ADoP","url":"https:\/\/adop.pt\/","logo":{"@type":"ImageObject","inLanguage":"en-GB","@id":"https:\/\/adop.pt\/#\/schema\/logo\/image\/","url":"https:\/\/adop.pt\/wp-content\/uploads\/2021\/11\/cropped-adop-logo-bg.jpg","contentUrl":"https:\/\/adop.pt\/wp-content\/uploads\/2021\/11\/cropped-adop-logo-bg.jpg","width":512,"height":512,"caption":"ADoP"},"image":{"@id":"https:\/\/adop.pt\/#\/schema\/logo\/image\/"},"sameAs":["https:\/\/www.facebook.com\/profile.php?id=61565720170060","https:\/\/www.instagram.com\/antidopagem\/"]},{"@type":"Person","@id":"https:\/\/adop.pt\/#\/schema\/person\/a6e9cbdf0772431261ac9bffb7978b82","name":"cesar.laranjo","image":{"@type":"ImageObject","inLanguage":"en-GB","@id":"https:\/\/adop.pt\/#\/schema\/person\/image\/","url":"https:\/\/secure.gravatar.com\/avatar\/b4f2162739a0f56788d59bb586731d24b41216b1f4bba5ede1255501e7eacaa6?s=96&d=mm&r=g","contentUrl":"https:\/\/secure.gravatar.com\/avatar\/b4f2162739a0f56788d59bb586731d24b41216b1f4bba5ede1255501e7eacaa6?s=96&d=mm&r=g","caption":"cesar.laranjo"},"url":"https:\/\/adop.pt\/en\/author\/cesar-laranjo\/"}]}},"_links":{"self":[{"href":"https:\/\/adop.pt\/en\/wp-json\/wp\/v2\/posts\/1809","targetHints":{"allow":["GET"]}}],"collection":[{"href":"https:\/\/adop.pt\/en\/wp-json\/wp\/v2\/posts"}],"about":[{"href":"https:\/\/adop.pt\/en\/wp-json\/wp\/v2\/types\/post"}],"author":[{"embeddable":true,"href":"https:\/\/adop.pt\/en\/wp-json\/wp\/v2\/users\/7"}],"replies":[{"embeddable":true,"href":"https:\/\/adop.pt\/en\/wp-json\/wp\/v2\/comments?post=1809"}],"version-history":[{"count":3,"href":"https:\/\/adop.pt\/en\/wp-json\/wp\/v2\/posts\/1809\/revisions"}],"predecessor-version":[{"id":1813,"href":"https:\/\/adop.pt\/en\/wp-json\/wp\/v2\/posts\/1809\/revisions\/1813"}],"wp:featuredmedia":[{"embeddable":true,"href":"https:\/\/adop.pt\/en\/wp-json\/wp\/v2\/media\/1810"}],"wp:attachment":[{"href":"https:\/\/adop.pt\/en\/wp-json\/wp\/v2\/media?parent=1809"}],"wp:term":[{"taxonomy":"category","embeddable":true,"href":"https:\/\/adop.pt\/en\/wp-json\/wp\/v2\/categories?post=1809"},{"taxonomy":"post_tag","embeddable":true,"href":"https:\/\/adop.pt\/en\/wp-json\/wp\/v2\/tags?post=1809"}],"curies":[{"name":"wp","href":"https:\/\/api.w.org\/{rel}","templated":true}]}}