








{"id":18867,"date":"2025-11-07T10:18:58","date_gmt":"2025-11-07T10:18:58","guid":{"rendered":"https:\/\/adop.pt\/?p=18867"},"modified":"2025-11-07T10:18:58","modified_gmt":"2025-11-07T10:18:58","slug":"presidente-da-adop-presente-na-assinatura-de-protocolo-entre-tap-cop-e-cpp","status":"publish","type":"post","link":"https:\/\/adop.pt\/en\/presidente-da-adop-presente-na-assinatura-de-protocolo-entre-tap-cop-e-cpp\/","title":{"rendered":"Presidente da ADoP presente na assinatura de protocolo entre TAP, COP e CPP"},"content":{"rendered":"<div class=\"xdj266r x14z9mp xat24cr x1lziwak x1vvkbs x126k92a\">\n<div dir=\"auto\"><\/div>\n<\/div>\n<div class=\"x14z9mp xat24cr x1lziwak x1vvkbs xtlvy1s x126k92a\">\n<div dir=\"auto\">A Doutora Maria Jo\u00e3o Mello Cascais, Presidente da Autoridade Antidopagem de Portugal (ADoP), esteve presente na cerim\u00f3nia de assinatura do protocolo de parceria entre a TAP Air Portugal, o Comit\u00e9 Ol\u00edmpico de Portugal (COP) e o Comit\u00e9 Paral\u00edmpico de Portugal (CPP), realizada no dia 5 de novembro de 2025, em Lisboa.<\/div>\n<div dir=\"auto\"><\/div>\n<\/div>\n<div class=\"x14z9mp xat24cr x1lziwak x1vvkbs xtlvy1s x126k92a\">\n<div dir=\"auto\">O acordo estabelece a TAP como companhia a\u00e9rea oficial da Equipa Portugal at\u00e9 aos Jogos Ol\u00edmpicos e Paral\u00edmpicos de Los Angeles 2028, assegurando o transporte da comitiva nacional para competi\u00e7\u00f5es de qualifica\u00e7\u00e3o, est\u00e1gios e outras miss\u00f5es internacionais.<\/div>\n<div dir=\"auto\"><\/div>\n<\/div>\n<div class=\"x14z9mp xat24cr x1lziwak x1vvkbs xtlvy1s x126k92a\">\n<div dir=\"auto\">A cerim\u00f3nia contou com a presen\u00e7a de diversas personalidades do desporto e da pol\u00edtica nacional, incluindo Fernando Gomes (Presidente do COP), Jos\u00e9 Manuel Louren\u00e7o (Presidente do CPP), Carlos Oliveira (Presidente da TAP), Pedro Dias (Secret\u00e1rio de Estado do Desporto) e Miguel Pinto Luz (Ministro das Infraestruturas e Habita\u00e7\u00e3o). Tamb\u00e9m marcaram presen\u00e7a atletas ol\u00edmpicos e paral\u00edmpicos medalhados em Paris 2024, como I\u00fari Leit\u00e3o, Rui Oliveira, Cristiana Gon\u00e7alves, Miguel Monteiro, Patr\u00edcia Sampaio, Pedro Pichardo, Carolina Duarte, Diogo Cancela, Djibrilo Iafa e Sandro Baessa.<\/div>\n<div dir=\"auto\"><\/div>\n<\/div>\n<div class=\"x14z9mp xat24cr x1lziwak x1vvkbs xtlvy1s x126k92a\">\n<div dir=\"auto\">A presen\u00e7a da Presidente da ADoP sublinhou a import\u00e2ncia da integridade e da \u00e9tica no desporto, num momento simb\u00f3lico de uni\u00e3o entre entidades que partilham o compromisso de elevar o nome de Portugal no panorama internacional.<\/div>\n<div dir=\"auto\"><\/div>\n<\/div>\n<div class=\"x14z9mp xat24cr x1lziwak x1vvkbs xtlvy1s x126k92a\">\n<div dir=\"auto\">Juntos pelo Desporto, rumo a LA 2028!<\/div>\n<\/div>\n<div dir=\"auto\"><\/div>\n<div class=\"x14z9mp xat24cr x1lziwak x1vvkbs xtlvy1s x126k92a\">\n<div dir=\"auto\">*fotos &#8211; Instagram <span class=\"html-span xdj266r x14z9mp xat24cr x1lziwak xexx8yu xyri2b x18d9i69 x1c1uobl x1hl2dhg x16tdsg8 x1vvkbs\"><a class=\"x1i10hfl xjbqb8w x1ejq31n x18oe1m7 x1sy0etr xstzfhl x972fbf x10w94by x1qhh985 x14e42zd x9f619 x1ypdohk xt0psk2 x3ct3a4 xdj266r x14z9mp xat24cr x1lziwak xexx8yu xyri2b x18d9i69 x1c1uobl x16tdsg8 x1hl2dhg xggy1nq x1a2a7pz xkrqix3 x1sur9pj x1fey0fg x1s688f\" tabindex=\"0\" role=\"link\" href=\"https:\/\/www.facebook.com\/comiteolimpicoportugal?__cft__[0]=AZXM4t80J9OeBM3m4xSr2EqZAdwBZPe3Y3uwWlQ_4sw2SMRmuOR1zapD2DIfZL6ihe53uTmJXNA2koCCHMOYfpEYgEEBLfw30DBE1v3edwnHrWIPYIGpDKHRzw6VQDWI8QgivBaufHTwunBwyWJvwRlR&amp;__tn__=-]K-R\"><span class=\"xt0psk2\"><span class=\"xjp7ctv\">Comit\u00e9 Ol\u00edmpico de Portugal<\/span><\/span><\/a><\/span><\/div>\n<\/div>\n<div dir=\"auto\"><\/div>\n<div dir=\"auto\"><\/div>\n<div dir=\"auto\"><img loading=\"lazy\" decoding=\"async\" class=\"alignnone size-medium wp-image-18868\" src=\"https:\/\/adop.pt\/wp-content\/uploads\/2025\/11\/572844319_18426855025107678_8890850353520557543_n-300x179.jpg\" alt=\"\" width=\"300\" height=\"179\" \/> <img loading=\"lazy\" decoding=\"async\" class=\"alignnone size-medium wp-image-18869\" src=\"https:\/\/adop.pt\/wp-content\/uploads\/2025\/11\/576108025_18426855004107678_3381474029891258237_n-300x194.jpg\" alt=\"\" width=\"300\" height=\"194\" \/><\/div>\n<div class=\"x14z9mp xat24cr x1lziwak x1vvkbs xtlvy1s x126k92a\">\n<div dir=\"auto\"><\/div>\n<\/div>","protected":false},"excerpt":{"rendered":"<p>A Doutora Maria Jo\u00e3o Mello Cascais, Presidente da Autoridade Antidopagem de Portugal (ADoP), esteve presente na cerim\u00f3nia de assinatura do protocolo de parceria entre a TAP Air Portugal, o Comit\u00e9 Ol\u00edmpico de Portugal (COP) e o Comit\u00e9 Paral\u00edmpico de Portugal (CPP), realizada no dia 5 de novembro de 2025, em Lisboa. O acordo estabelece a [&hellip;]<\/p>","protected":false},"author":10,"featured_media":18868,"comment_status":"closed","ping_status":"closed","sticky":false,"template":"","format":"standard","meta":{"_et_pb_use_builder":"","_et_pb_old_content":"","_et_gb_content_width":"","inline_featured_image":false,"footnotes":""},"categories":[1],"tags":[],"class_list":["post-18867","post","type-post","status-publish","format-standard","has-post-thumbnail","hentry","category-sem-categoria"],"acf":[],"yoast_head":"<!-- This site is optimized with the Yoast SEO plugin v25.4 - https:\/\/yoast.com\/wordpress\/plugins\/seo\/ -->\n<title>Presidente da ADoP presente na assinatura de protocolo entre TAP, COP e CPP - ADoP<\/title>\n<meta name=\"robots\" content=\"index, follow, max-snippet:-1, max-image-preview:large, max-video-preview:-1\" \/>\n<link rel=\"canonical\" href=\"https:\/\/adop.pt\/en\/presidente-da-adop-presente-na-assinatura-de-protocolo-entre-tap-cop-e-cpp\/\" \/>\n<meta property=\"og:locale\" content=\"en_GB\" \/>\n<meta property=\"og:type\" content=\"article\" \/>\n<meta property=\"og:title\" content=\"Presidente da ADoP presente na assinatura de protocolo entre TAP, COP e CPP - ADoP\" \/>\n<meta property=\"og:description\" content=\"A Doutora Maria Jo\u00e3o Mello Cascais, Presidente da Autoridade Antidopagem de Portugal (ADoP), esteve presente na cerim\u00f3nia de assinatura do protocolo de parceria entre a TAP Air Portugal, o Comit\u00e9 Ol\u00edmpico de Portugal (COP) e o Comit\u00e9 Paral\u00edmpico de Portugal (CPP), realizada no dia 5 de novembro de 2025, em Lisboa. O acordo estabelece a [&hellip;]\" \/>\n<meta property=\"og:url\" content=\"https:\/\/adop.pt\/en\/presidente-da-adop-presente-na-assinatura-de-protocolo-entre-tap-cop-e-cpp\/\" \/>\n<meta property=\"og:site_name\" content=\"ADoP\" \/>\n<meta property=\"article:publisher\" content=\"https:\/\/www.facebook.com\/profile.php?id=61565720170060\" \/>\n<meta property=\"article:published_time\" content=\"2025-11-07T10:18:58+00:00\" \/>\n<meta property=\"og:image\" content=\"https:\/\/adop.pt\/wp-content\/uploads\/2025\/11\/572844319_18426855025107678_8890850353520557543_n.jpg\" \/>\n\t<meta property=\"og:image:width\" content=\"1440\" \/>\n\t<meta property=\"og:image:height\" content=\"858\" \/>\n\t<meta property=\"og:image:type\" content=\"image\/jpeg\" \/>\n<meta name=\"author\" content=\"ricardo-godinho\" \/>\n<meta name=\"twitter:card\" content=\"summary_large_image\" \/>\n<meta name=\"twitter:label1\" content=\"Written by\" \/>\n\t<meta name=\"twitter:data1\" content=\"ricardo-godinho\" \/>\n\t<meta name=\"twitter:label2\" content=\"Estimated reading time\" \/>\n\t<meta name=\"twitter:data2\" content=\"2 minutes\" \/>\n<script type=\"application\/ld+json\" class=\"yoast-schema-graph\">{\"@context\":\"https:\/\/schema.org\",\"@graph\":[{\"@type\":\"Article\",\"@id\":\"https:\/\/adop.pt\/presidente-da-adop-presente-na-assinatura-de-protocolo-entre-tap-cop-e-cpp\/#article\",\"isPartOf\":{\"@id\":\"https:\/\/adop.pt\/presidente-da-adop-presente-na-assinatura-de-protocolo-entre-tap-cop-e-cpp\/\"},\"author\":{\"name\":\"ricardo-godinho\",\"@id\":\"https:\/\/adop.pt\/#\/schema\/person\/1611786b65fcf211f0faafbe0349b8ba\"},\"headline\":\"Presidente da ADoP presente na assinatura de protocolo entre TAP, COP e CPP\",\"datePublished\":\"2025-11-07T10:18:58+00:00\",\"mainEntityOfPage\":{\"@id\":\"https:\/\/adop.pt\/presidente-da-adop-presente-na-assinatura-de-protocolo-entre-tap-cop-e-cpp\/\"},\"wordCount\":257,\"publisher\":{\"@id\":\"https:\/\/adop.pt\/#organization\"},\"image\":{\"@id\":\"https:\/\/adop.pt\/presidente-da-adop-presente-na-assinatura-de-protocolo-entre-tap-cop-e-cpp\/#primaryimage\"},\"thumbnailUrl\":\"https:\/\/adop.pt\/wp-content\/uploads\/2025\/11\/572844319_18426855025107678_8890850353520557543_n.jpg\",\"articleSection\":[\"Sem categoria\"],\"inLanguage\":\"en-GB\"},{\"@type\":\"WebPage\",\"@id\":\"https:\/\/adop.pt\/presidente-da-adop-presente-na-assinatura-de-protocolo-entre-tap-cop-e-cpp\/\",\"url\":\"https:\/\/adop.pt\/presidente-da-adop-presente-na-assinatura-de-protocolo-entre-tap-cop-e-cpp\/\",\"name\":\"Presidente da ADoP presente na assinatura de protocolo entre TAP, COP e CPP - ADoP\",\"isPartOf\":{\"@id\":\"https:\/\/adop.pt\/#website\"},\"primaryImageOfPage\":{\"@id\":\"https:\/\/adop.pt\/presidente-da-adop-presente-na-assinatura-de-protocolo-entre-tap-cop-e-cpp\/#primaryimage\"},\"image\":{\"@id\":\"https:\/\/adop.pt\/presidente-da-adop-presente-na-assinatura-de-protocolo-entre-tap-cop-e-cpp\/#primaryimage\"},\"thumbnailUrl\":\"https:\/\/adop.pt\/wp-content\/uploads\/2025\/11\/572844319_18426855025107678_8890850353520557543_n.jpg\",\"datePublished\":\"2025-11-07T10:18:58+00:00\",\"breadcrumb\":{\"@id\":\"https:\/\/adop.pt\/presidente-da-adop-presente-na-assinatura-de-protocolo-entre-tap-cop-e-cpp\/#breadcrumb\"},\"inLanguage\":\"en-GB\",\"potentialAction\":[{\"@type\":\"ReadAction\",\"target\":[\"https:\/\/adop.pt\/presidente-da-adop-presente-na-assinatura-de-protocolo-entre-tap-cop-e-cpp\/\"]}]},{\"@type\":\"ImageObject\",\"inLanguage\":\"en-GB\",\"@id\":\"https:\/\/adop.pt\/presidente-da-adop-presente-na-assinatura-de-protocolo-entre-tap-cop-e-cpp\/#primaryimage\",\"url\":\"https:\/\/adop.pt\/wp-content\/uploads\/2025\/11\/572844319_18426855025107678_8890850353520557543_n.jpg\",\"contentUrl\":\"https:\/\/adop.pt\/wp-content\/uploads\/2025\/11\/572844319_18426855025107678_8890850353520557543_n.jpg\",\"width\":1440,\"height\":858},{\"@type\":\"BreadcrumbList\",\"@id\":\"https:\/\/adop.pt\/presidente-da-adop-presente-na-assinatura-de-protocolo-entre-tap-cop-e-cpp\/#breadcrumb\",\"itemListElement\":[{\"@type\":\"ListItem\",\"position\":1,\"name\":\"In\u00edcio\",\"item\":\"https:\/\/adop.pt\/\"},{\"@type\":\"ListItem\",\"position\":2,\"name\":\"Presidente da ADoP presente na assinatura de protocolo entre TAP, COP e CPP\"}]},{\"@type\":\"WebSite\",\"@id\":\"https:\/\/adop.pt\/#website\",\"url\":\"https:\/\/adop.pt\/\",\"name\":\"ADoP\",\"description\":\"Autoridade Antidopagem de Portugal\",\"publisher\":{\"@id\":\"https:\/\/adop.pt\/#organization\"},\"potentialAction\":[{\"@type\":\"SearchAction\",\"target\":{\"@type\":\"EntryPoint\",\"urlTemplate\":\"https:\/\/adop.pt\/?s={search_term_string}\"},\"query-input\":{\"@type\":\"PropertyValueSpecification\",\"valueRequired\":true,\"valueName\":\"search_term_string\"}}],\"inLanguage\":\"en-GB\"},{\"@type\":\"Organization\",\"@id\":\"https:\/\/adop.pt\/#organization\",\"name\":\"ADoP\",\"url\":\"https:\/\/adop.pt\/\",\"logo\":{\"@type\":\"ImageObject\",\"inLanguage\":\"en-GB\",\"@id\":\"https:\/\/adop.pt\/#\/schema\/logo\/image\/\",\"url\":\"https:\/\/adop.pt\/wp-content\/uploads\/2021\/11\/cropped-adop-logo-bg.jpg\",\"contentUrl\":\"https:\/\/adop.pt\/wp-content\/uploads\/2021\/11\/cropped-adop-logo-bg.jpg\",\"width\":512,\"height\":512,\"caption\":\"ADoP\"},\"image\":{\"@id\":\"https:\/\/adop.pt\/#\/schema\/logo\/image\/\"},\"sameAs\":[\"https:\/\/www.facebook.com\/profile.php?id=61565720170060\",\"https:\/\/www.instagram.com\/antidopagem\/\"]},{\"@type\":\"Person\",\"@id\":\"https:\/\/adop.pt\/#\/schema\/person\/1611786b65fcf211f0faafbe0349b8ba\",\"name\":\"ricardo-godinho\",\"image\":{\"@type\":\"ImageObject\",\"inLanguage\":\"en-GB\",\"@id\":\"https:\/\/adop.pt\/#\/schema\/person\/image\/\",\"url\":\"https:\/\/secure.gravatar.com\/avatar\/1791e2b4e34941471065f464b87f41e7260dab57659ad036e9524d173f1df156?s=96&d=mm&r=g\",\"contentUrl\":\"https:\/\/secure.gravatar.com\/avatar\/1791e2b4e34941471065f464b87f41e7260dab57659ad036e9524d173f1df156?s=96&d=mm&r=g\",\"caption\":\"ricardo-godinho\"},\"url\":\"https:\/\/adop.pt\/en\/author\/ricardo-godinho\/\"}]}<\/script>\n<!-- \/ Yoast SEO plugin. -->","yoast_head_json":{"title":"Presidente da ADoP presente na assinatura de protocolo entre TAP, COP e CPP - ADoP","robots":{"index":"index","follow":"follow","max-snippet":"max-snippet:-1","max-image-preview":"max-image-preview:large","max-video-preview":"max-video-preview:-1"},"canonical":"https:\/\/adop.pt\/en\/presidente-da-adop-presente-na-assinatura-de-protocolo-entre-tap-cop-e-cpp\/","og_locale":"en_GB","og_type":"article","og_title":"Presidente da ADoP presente na assinatura de protocolo entre TAP, COP e CPP - ADoP","og_description":"A Doutora Maria Jo\u00e3o Mello Cascais, Presidente da Autoridade Antidopagem de Portugal (ADoP), esteve presente na cerim\u00f3nia de assinatura do protocolo de parceria entre a TAP Air Portugal, o Comit\u00e9 Ol\u00edmpico de Portugal (COP) e o Comit\u00e9 Paral\u00edmpico de Portugal (CPP), realizada no dia 5 de novembro de 2025, em Lisboa. O acordo estabelece a [&hellip;]","og_url":"https:\/\/adop.pt\/en\/presidente-da-adop-presente-na-assinatura-de-protocolo-entre-tap-cop-e-cpp\/","og_site_name":"ADoP","article_publisher":"https:\/\/www.facebook.com\/profile.php?id=61565720170060","article_published_time":"2025-11-07T10:18:58+00:00","og_image":[{"width":1440,"height":858,"url":"https:\/\/adop.pt\/wp-content\/uploads\/2025\/11\/572844319_18426855025107678_8890850353520557543_n.jpg","type":"image\/jpeg"}],"author":"ricardo-godinho","twitter_card":"summary_large_image","twitter_misc":{"Written by":"ricardo-godinho","Estimated reading time":"2 minutes"},"schema":{"@context":"https:\/\/schema.org","@graph":[{"@type":"Article","@id":"https:\/\/adop.pt\/presidente-da-adop-presente-na-assinatura-de-protocolo-entre-tap-cop-e-cpp\/#article","isPartOf":{"@id":"https:\/\/adop.pt\/presidente-da-adop-presente-na-assinatura-de-protocolo-entre-tap-cop-e-cpp\/"},"author":{"name":"ricardo-godinho","@id":"https:\/\/adop.pt\/#\/schema\/person\/1611786b65fcf211f0faafbe0349b8ba"},"headline":"Presidente da ADoP presente na assinatura de protocolo entre TAP, COP e CPP","datePublished":"2025-11-07T10:18:58+00:00","mainEntityOfPage":{"@id":"https:\/\/adop.pt\/presidente-da-adop-presente-na-assinatura-de-protocolo-entre-tap-cop-e-cpp\/"},"wordCount":257,"publisher":{"@id":"https:\/\/adop.pt\/#organization"},"image":{"@id":"https:\/\/adop.pt\/presidente-da-adop-presente-na-assinatura-de-protocolo-entre-tap-cop-e-cpp\/#primaryimage"},"thumbnailUrl":"https:\/\/adop.pt\/wp-content\/uploads\/2025\/11\/572844319_18426855025107678_8890850353520557543_n.jpg","articleSection":["Sem categoria"],"inLanguage":"en-GB"},{"@type":"WebPage","@id":"https:\/\/adop.pt\/presidente-da-adop-presente-na-assinatura-de-protocolo-entre-tap-cop-e-cpp\/","url":"https:\/\/adop.pt\/presidente-da-adop-presente-na-assinatura-de-protocolo-entre-tap-cop-e-cpp\/","name":"Presidente da ADoP presente na assinatura de protocolo entre TAP, COP e CPP - ADoP","isPartOf":{"@id":"https:\/\/adop.pt\/#website"},"primaryImageOfPage":{"@id":"https:\/\/adop.pt\/presidente-da-adop-presente-na-assinatura-de-protocolo-entre-tap-cop-e-cpp\/#primaryimage"},"image":{"@id":"https:\/\/adop.pt\/presidente-da-adop-presente-na-assinatura-de-protocolo-entre-tap-cop-e-cpp\/#primaryimage"},"thumbnailUrl":"https:\/\/adop.pt\/wp-content\/uploads\/2025\/11\/572844319_18426855025107678_8890850353520557543_n.jpg","datePublished":"2025-11-07T10:18:58+00:00","breadcrumb":{"@id":"https:\/\/adop.pt\/presidente-da-adop-presente-na-assinatura-de-protocolo-entre-tap-cop-e-cpp\/#breadcrumb"},"inLanguage":"en-GB","potentialAction":[{"@type":"ReadAction","target":["https:\/\/adop.pt\/presidente-da-adop-presente-na-assinatura-de-protocolo-entre-tap-cop-e-cpp\/"]}]},{"@type":"ImageObject","inLanguage":"en-GB","@id":"https:\/\/adop.pt\/presidente-da-adop-presente-na-assinatura-de-protocolo-entre-tap-cop-e-cpp\/#primaryimage","url":"https:\/\/adop.pt\/wp-content\/uploads\/2025\/11\/572844319_18426855025107678_8890850353520557543_n.jpg","contentUrl":"https:\/\/adop.pt\/wp-content\/uploads\/2025\/11\/572844319_18426855025107678_8890850353520557543_n.jpg","width":1440,"height":858},{"@type":"BreadcrumbList","@id":"https:\/\/adop.pt\/presidente-da-adop-presente-na-assinatura-de-protocolo-entre-tap-cop-e-cpp\/#breadcrumb","itemListElement":[{"@type":"ListItem","position":1,"name":"In\u00edcio","item":"https:\/\/adop.pt\/"},{"@type":"ListItem","position":2,"name":"Presidente da ADoP presente na assinatura de protocolo entre TAP, COP e CPP"}]},{"@type":"WebSite","@id":"https:\/\/adop.pt\/#website","url":"https:\/\/adop.pt\/","name":"ADoP","description":"Autoridade Antidopagem de Portugal","publisher":{"@id":"https:\/\/adop.pt\/#organization"},"potentialAction":[{"@type":"SearchAction","target":{"@type":"EntryPoint","urlTemplate":"https:\/\/adop.pt\/?s={search_term_string}"},"query-input":{"@type":"PropertyValueSpecification","valueRequired":true,"valueName":"search_term_string"}}],"inLanguage":"en-GB"},{"@type":"Organization","@id":"https:\/\/adop.pt\/#organization","name":"ADoP","url":"https:\/\/adop.pt\/","logo":{"@type":"ImageObject","inLanguage":"en-GB","@id":"https:\/\/adop.pt\/#\/schema\/logo\/image\/","url":"https:\/\/adop.pt\/wp-content\/uploads\/2021\/11\/cropped-adop-logo-bg.jpg","contentUrl":"https:\/\/adop.pt\/wp-content\/uploads\/2021\/11\/cropped-adop-logo-bg.jpg","width":512,"height":512,"caption":"ADoP"},"image":{"@id":"https:\/\/adop.pt\/#\/schema\/logo\/image\/"},"sameAs":["https:\/\/www.facebook.com\/profile.php?id=61565720170060","https:\/\/www.instagram.com\/antidopagem\/"]},{"@type":"Person","@id":"https:\/\/adop.pt\/#\/schema\/person\/1611786b65fcf211f0faafbe0349b8ba","name":"ricardo-godinho","image":{"@type":"ImageObject","inLanguage":"en-GB","@id":"https:\/\/adop.pt\/#\/schema\/person\/image\/","url":"https:\/\/secure.gravatar.com\/avatar\/1791e2b4e34941471065f464b87f41e7260dab57659ad036e9524d173f1df156?s=96&d=mm&r=g","contentUrl":"https:\/\/secure.gravatar.com\/avatar\/1791e2b4e34941471065f464b87f41e7260dab57659ad036e9524d173f1df156?s=96&d=mm&r=g","caption":"ricardo-godinho"},"url":"https:\/\/adop.pt\/en\/author\/ricardo-godinho\/"}]}},"_links":{"self":[{"href":"https:\/\/adop.pt\/en\/wp-json\/wp\/v2\/posts\/18867","targetHints":{"allow":["GET"]}}],"collection":[{"href":"https:\/\/adop.pt\/en\/wp-json\/wp\/v2\/posts"}],"about":[{"href":"https:\/\/adop.pt\/en\/wp-json\/wp\/v2\/types\/post"}],"author":[{"embeddable":true,"href":"https:\/\/adop.pt\/en\/wp-json\/wp\/v2\/users\/10"}],"replies":[{"embeddable":true,"href":"https:\/\/adop.pt\/en\/wp-json\/wp\/v2\/comments?post=18867"}],"version-history":[{"count":1,"href":"https:\/\/adop.pt\/en\/wp-json\/wp\/v2\/posts\/18867\/revisions"}],"predecessor-version":[{"id":18870,"href":"https:\/\/adop.pt\/en\/wp-json\/wp\/v2\/posts\/18867\/revisions\/18870"}],"wp:featuredmedia":[{"embeddable":true,"href":"https:\/\/adop.pt\/en\/wp-json\/wp\/v2\/media\/18868"}],"wp:attachment":[{"href":"https:\/\/adop.pt\/en\/wp-json\/wp\/v2\/media?parent=18867"}],"wp:term":[{"taxonomy":"category","embeddable":true,"href":"https:\/\/adop.pt\/en\/wp-json\/wp\/v2\/categories?post=18867"},{"taxonomy":"post_tag","embeddable":true,"href":"https:\/\/adop.pt\/en\/wp-json\/wp\/v2\/tags?post=18867"}],"curies":[{"name":"wp","href":"https:\/\/api.w.org\/{rel}","templated":true}]}}