








{"id":18878,"date":"2025-11-14T11:52:42","date_gmt":"2025-11-14T11:52:42","guid":{"rendered":"https:\/\/adop.pt\/?p=18878"},"modified":"2025-11-14T11:52:42","modified_gmt":"2025-11-14T11:52:42","slug":"presidente-da-adop-marca-presenca-em-eventos-estrategicos-para-a-saude-e-o-desporto-universitario","status":"publish","type":"post","link":"https:\/\/adop.pt\/en\/presidente-da-adop-marca-presenca-em-eventos-estrategicos-para-a-saude-e-o-desporto-universitario\/","title":{"rendered":"Presidente da ADoP marca presen\u00e7a em eventos estrat\u00e9gicos para a sa\u00fade e o Desporto Universit\u00e1rio"},"content":{"rendered":"<p>No passado dia 7 de novembro, a Presidente da Autoridade Antidopagem de Portugal (ADoP), Doutora Maria Jo\u00e3o Melo Cascais, participou na sess\u00e3o evocativa do Dia do Instituto Nacional de Sa\u00fade Doutor Ricardo Jorge (INSA), integrada nas comemora\u00e7\u00f5es dos 126 anos do INSA.<\/p>\n<p>O encontro, realizado em Lisboa, teve como tema central \u201cIA e Transforma\u00e7\u00e3o Digital na Sa\u00fade\u201d, destacando os desafios e oportunidades que a intelig\u00eancia artificial traz para a \u00e1rea da sa\u00fade p\u00fablica. A presen\u00e7a da ADoP neste evento refor\u00e7a a import\u00e2ncia da colabora\u00e7\u00e3o entre institui\u00e7\u00f5es de sa\u00fade e entidades antidopagem, num contexto em que a tecnologia desempenha um papel crescente na monitoriza\u00e7\u00e3o e preven\u00e7\u00e3o de pr\u00e1ticas il\u00edcitas no desporto.<\/p>\n<p>No mesmo dia, pelas 18h, a Presidente da ADoP marcou tamb\u00e9m presen\u00e7a na Tomada de Posse dos \u00d3rg\u00e3os Sociais da Federa\u00e7\u00e3o Acad\u00e9mica do Desporto Universit\u00e1rio (FADU), realizada no T\u00e9cnico Innovation Center.<\/p>\n<p>Esta participa\u00e7\u00e3o sublinha a relev\u00e2ncia das rela\u00e7\u00f5es institucionais entre a ADoP e a FADU, fundamentais para promover a integridade e os valores \u00e9ticos no desporto universit\u00e1rio. A presen\u00e7a da ADoP nestes dois momentos evidencia a sua estrat\u00e9gia de articula\u00e7\u00e3o com parceiros-chave, tanto na \u00e1rea da sa\u00fade como no desporto, refor\u00e7ando o compromisso com a educa\u00e7\u00e3o, preven\u00e7\u00e3o e inova\u00e7\u00e3o tecnol\u00f3gica.<\/p>\n<p>Juntos pelo Desporto!!<\/p>\n<p>&nbsp;<\/p>\n<p><img loading=\"lazy\" decoding=\"async\" class=\"alignnone size-medium wp-image-18879\" src=\"https:\/\/adop.pt\/wp-content\/uploads\/2025\/11\/INSA-300x161.jpg\" alt=\"\" width=\"300\" height=\"161\" \/><img loading=\"lazy\" decoding=\"async\" class=\"alignnone size-medium wp-image-18880\" src=\"https:\/\/adop.pt\/wp-content\/uploads\/2025\/11\/tomadaposseFADU-300x162.png\" alt=\"\" width=\"300\" height=\"162\" \/><\/p>","protected":false},"excerpt":{"rendered":"<p>No passado dia 7 de novembro, a Presidente da Autoridade Antidopagem de Portugal (ADoP), Doutora Maria Jo\u00e3o Melo Cascais, participou na sess\u00e3o evocativa do Dia do Instituto Nacional de Sa\u00fade Doutor Ricardo Jorge (INSA), integrada nas comemora\u00e7\u00f5es dos 126 anos do INSA. O encontro, realizado em Lisboa, teve como tema central \u201cIA e Transforma\u00e7\u00e3o Digital [&hellip;]<\/p>","protected":false},"author":10,"featured_media":18880,"comment_status":"closed","ping_status":"closed","sticky":false,"template":"","format":"standard","meta":{"_et_pb_use_builder":"","_et_pb_old_content":"","_et_gb_content_width":"","inline_featured_image":false,"footnotes":""},"categories":[1],"tags":[],"class_list":["post-18878","post","type-post","status-publish","format-standard","has-post-thumbnail","hentry","category-sem-categoria"],"acf":[],"yoast_head":"<!-- This site is optimized with the Yoast SEO plugin v25.4 - https:\/\/yoast.com\/wordpress\/plugins\/seo\/ -->\n<title>Presidente da ADoP marca presen\u00e7a em eventos estrat\u00e9gicos para a sa\u00fade e o Desporto Universit\u00e1rio - ADoP<\/title>\n<meta name=\"robots\" content=\"index, follow, max-snippet:-1, max-image-preview:large, max-video-preview:-1\" \/>\n<link rel=\"canonical\" href=\"https:\/\/adop.pt\/en\/presidente-da-adop-marca-presenca-em-eventos-estrategicos-para-a-saude-e-o-desporto-universitario\/\" \/>\n<meta property=\"og:locale\" content=\"en_GB\" \/>\n<meta property=\"og:type\" content=\"article\" \/>\n<meta property=\"og:title\" content=\"Presidente da ADoP marca presen\u00e7a em eventos estrat\u00e9gicos para a sa\u00fade e o Desporto Universit\u00e1rio - ADoP\" \/>\n<meta property=\"og:description\" content=\"No passado dia 7 de novembro, a Presidente da Autoridade Antidopagem de Portugal (ADoP), Doutora Maria Jo\u00e3o Melo Cascais, participou na sess\u00e3o evocativa do Dia do Instituto Nacional de Sa\u00fade Doutor Ricardo Jorge (INSA), integrada nas comemora\u00e7\u00f5es dos 126 anos do INSA. O encontro, realizado em Lisboa, teve como tema central \u201cIA e Transforma\u00e7\u00e3o Digital [&hellip;]\" \/>\n<meta property=\"og:url\" content=\"https:\/\/adop.pt\/en\/presidente-da-adop-marca-presenca-em-eventos-estrategicos-para-a-saude-e-o-desporto-universitario\/\" \/>\n<meta property=\"og:site_name\" content=\"ADoP\" \/>\n<meta property=\"article:publisher\" content=\"https:\/\/www.facebook.com\/profile.php?id=61565720170060\" \/>\n<meta property=\"article:published_time\" content=\"2025-11-14T11:52:42+00:00\" \/>\n<meta property=\"og:image\" content=\"https:\/\/adop.pt\/wp-content\/uploads\/2025\/11\/tomadaposseFADU.png\" \/>\n\t<meta property=\"og:image:width\" content=\"1129\" \/>\n\t<meta property=\"og:image:height\" content=\"608\" \/>\n\t<meta property=\"og:image:type\" content=\"image\/png\" \/>\n<meta name=\"author\" content=\"ricardo-godinho\" \/>\n<meta name=\"twitter:card\" content=\"summary_large_image\" \/>\n<meta name=\"twitter:label1\" content=\"Written by\" \/>\n\t<meta name=\"twitter:data1\" content=\"ricardo-godinho\" \/>\n\t<meta name=\"twitter:label2\" content=\"Estimated reading time\" \/>\n\t<meta name=\"twitter:data2\" content=\"2 minutes\" \/>\n<script type=\"application\/ld+json\" class=\"yoast-schema-graph\">{\"@context\":\"https:\/\/schema.org\",\"@graph\":[{\"@type\":\"Article\",\"@id\":\"https:\/\/adop.pt\/presidente-da-adop-marca-presenca-em-eventos-estrategicos-para-a-saude-e-o-desporto-universitario\/#article\",\"isPartOf\":{\"@id\":\"https:\/\/adop.pt\/presidente-da-adop-marca-presenca-em-eventos-estrategicos-para-a-saude-e-o-desporto-universitario\/\"},\"author\":{\"name\":\"ricardo-godinho\",\"@id\":\"https:\/\/adop.pt\/#\/schema\/person\/1611786b65fcf211f0faafbe0349b8ba\"},\"headline\":\"Presidente da ADoP marca presen\u00e7a em eventos estrat\u00e9gicos para a sa\u00fade e o Desporto Universit\u00e1rio\",\"datePublished\":\"2025-11-14T11:52:42+00:00\",\"mainEntityOfPage\":{\"@id\":\"https:\/\/adop.pt\/presidente-da-adop-marca-presenca-em-eventos-estrategicos-para-a-saude-e-o-desporto-universitario\/\"},\"wordCount\":260,\"publisher\":{\"@id\":\"https:\/\/adop.pt\/#organization\"},\"image\":{\"@id\":\"https:\/\/adop.pt\/presidente-da-adop-marca-presenca-em-eventos-estrategicos-para-a-saude-e-o-desporto-universitario\/#primaryimage\"},\"thumbnailUrl\":\"https:\/\/adop.pt\/wp-content\/uploads\/2025\/11\/tomadaposseFADU.png\",\"articleSection\":[\"Sem categoria\"],\"inLanguage\":\"en-GB\"},{\"@type\":\"WebPage\",\"@id\":\"https:\/\/adop.pt\/presidente-da-adop-marca-presenca-em-eventos-estrategicos-para-a-saude-e-o-desporto-universitario\/\",\"url\":\"https:\/\/adop.pt\/presidente-da-adop-marca-presenca-em-eventos-estrategicos-para-a-saude-e-o-desporto-universitario\/\",\"name\":\"Presidente da ADoP marca presen\u00e7a em eventos estrat\u00e9gicos para a sa\u00fade e o Desporto Universit\u00e1rio - ADoP\",\"isPartOf\":{\"@id\":\"https:\/\/adop.pt\/#website\"},\"primaryImageOfPage\":{\"@id\":\"https:\/\/adop.pt\/presidente-da-adop-marca-presenca-em-eventos-estrategicos-para-a-saude-e-o-desporto-universitario\/#primaryimage\"},\"image\":{\"@id\":\"https:\/\/adop.pt\/presidente-da-adop-marca-presenca-em-eventos-estrategicos-para-a-saude-e-o-desporto-universitario\/#primaryimage\"},\"thumbnailUrl\":\"https:\/\/adop.pt\/wp-content\/uploads\/2025\/11\/tomadaposseFADU.png\",\"datePublished\":\"2025-11-14T11:52:42+00:00\",\"breadcrumb\":{\"@id\":\"https:\/\/adop.pt\/presidente-da-adop-marca-presenca-em-eventos-estrategicos-para-a-saude-e-o-desporto-universitario\/#breadcrumb\"},\"inLanguage\":\"en-GB\",\"potentialAction\":[{\"@type\":\"ReadAction\",\"target\":[\"https:\/\/adop.pt\/presidente-da-adop-marca-presenca-em-eventos-estrategicos-para-a-saude-e-o-desporto-universitario\/\"]}]},{\"@type\":\"ImageObject\",\"inLanguage\":\"en-GB\",\"@id\":\"https:\/\/adop.pt\/presidente-da-adop-marca-presenca-em-eventos-estrategicos-para-a-saude-e-o-desporto-universitario\/#primaryimage\",\"url\":\"https:\/\/adop.pt\/wp-content\/uploads\/2025\/11\/tomadaposseFADU.png\",\"contentUrl\":\"https:\/\/adop.pt\/wp-content\/uploads\/2025\/11\/tomadaposseFADU.png\",\"width\":1129,\"height\":608},{\"@type\":\"BreadcrumbList\",\"@id\":\"https:\/\/adop.pt\/presidente-da-adop-marca-presenca-em-eventos-estrategicos-para-a-saude-e-o-desporto-universitario\/#breadcrumb\",\"itemListElement\":[{\"@type\":\"ListItem\",\"position\":1,\"name\":\"In\u00edcio\",\"item\":\"https:\/\/adop.pt\/\"},{\"@type\":\"ListItem\",\"position\":2,\"name\":\"Presidente da ADoP marca presen\u00e7a em eventos estrat\u00e9gicos para a sa\u00fade e o Desporto Universit\u00e1rio\"}]},{\"@type\":\"WebSite\",\"@id\":\"https:\/\/adop.pt\/#website\",\"url\":\"https:\/\/adop.pt\/\",\"name\":\"ADoP\",\"description\":\"Autoridade Antidopagem de Portugal\",\"publisher\":{\"@id\":\"https:\/\/adop.pt\/#organization\"},\"potentialAction\":[{\"@type\":\"SearchAction\",\"target\":{\"@type\":\"EntryPoint\",\"urlTemplate\":\"https:\/\/adop.pt\/?s={search_term_string}\"},\"query-input\":{\"@type\":\"PropertyValueSpecification\",\"valueRequired\":true,\"valueName\":\"search_term_string\"}}],\"inLanguage\":\"en-GB\"},{\"@type\":\"Organization\",\"@id\":\"https:\/\/adop.pt\/#organization\",\"name\":\"ADoP\",\"url\":\"https:\/\/adop.pt\/\",\"logo\":{\"@type\":\"ImageObject\",\"inLanguage\":\"en-GB\",\"@id\":\"https:\/\/adop.pt\/#\/schema\/logo\/image\/\",\"url\":\"https:\/\/adop.pt\/wp-content\/uploads\/2021\/11\/cropped-adop-logo-bg.jpg\",\"contentUrl\":\"https:\/\/adop.pt\/wp-content\/uploads\/2021\/11\/cropped-adop-logo-bg.jpg\",\"width\":512,\"height\":512,\"caption\":\"ADoP\"},\"image\":{\"@id\":\"https:\/\/adop.pt\/#\/schema\/logo\/image\/\"},\"sameAs\":[\"https:\/\/www.facebook.com\/profile.php?id=61565720170060\",\"https:\/\/www.instagram.com\/antidopagem\/\"]},{\"@type\":\"Person\",\"@id\":\"https:\/\/adop.pt\/#\/schema\/person\/1611786b65fcf211f0faafbe0349b8ba\",\"name\":\"ricardo-godinho\",\"image\":{\"@type\":\"ImageObject\",\"inLanguage\":\"en-GB\",\"@id\":\"https:\/\/adop.pt\/#\/schema\/person\/image\/\",\"url\":\"https:\/\/secure.gravatar.com\/avatar\/1791e2b4e34941471065f464b87f41e7260dab57659ad036e9524d173f1df156?s=96&d=mm&r=g\",\"contentUrl\":\"https:\/\/secure.gravatar.com\/avatar\/1791e2b4e34941471065f464b87f41e7260dab57659ad036e9524d173f1df156?s=96&d=mm&r=g\",\"caption\":\"ricardo-godinho\"},\"url\":\"https:\/\/adop.pt\/en\/author\/ricardo-godinho\/\"}]}<\/script>\n<!-- \/ Yoast SEO plugin. -->","yoast_head_json":{"title":"Presidente da ADoP marca presen\u00e7a em eventos estrat\u00e9gicos para a sa\u00fade e o Desporto Universit\u00e1rio - ADoP","robots":{"index":"index","follow":"follow","max-snippet":"max-snippet:-1","max-image-preview":"max-image-preview:large","max-video-preview":"max-video-preview:-1"},"canonical":"https:\/\/adop.pt\/en\/presidente-da-adop-marca-presenca-em-eventos-estrategicos-para-a-saude-e-o-desporto-universitario\/","og_locale":"en_GB","og_type":"article","og_title":"Presidente da ADoP marca presen\u00e7a em eventos estrat\u00e9gicos para a sa\u00fade e o Desporto Universit\u00e1rio - ADoP","og_description":"No passado dia 7 de novembro, a Presidente da Autoridade Antidopagem de Portugal (ADoP), Doutora Maria Jo\u00e3o Melo Cascais, participou na sess\u00e3o evocativa do Dia do Instituto Nacional de Sa\u00fade Doutor Ricardo Jorge (INSA), integrada nas comemora\u00e7\u00f5es dos 126 anos do INSA. O encontro, realizado em Lisboa, teve como tema central \u201cIA e Transforma\u00e7\u00e3o Digital [&hellip;]","og_url":"https:\/\/adop.pt\/en\/presidente-da-adop-marca-presenca-em-eventos-estrategicos-para-a-saude-e-o-desporto-universitario\/","og_site_name":"ADoP","article_publisher":"https:\/\/www.facebook.com\/profile.php?id=61565720170060","article_published_time":"2025-11-14T11:52:42+00:00","og_image":[{"width":1129,"height":608,"url":"https:\/\/adop.pt\/wp-content\/uploads\/2025\/11\/tomadaposseFADU.png","type":"image\/png"}],"author":"ricardo-godinho","twitter_card":"summary_large_image","twitter_misc":{"Written by":"ricardo-godinho","Estimated reading time":"2 minutes"},"schema":{"@context":"https:\/\/schema.org","@graph":[{"@type":"Article","@id":"https:\/\/adop.pt\/presidente-da-adop-marca-presenca-em-eventos-estrategicos-para-a-saude-e-o-desporto-universitario\/#article","isPartOf":{"@id":"https:\/\/adop.pt\/presidente-da-adop-marca-presenca-em-eventos-estrategicos-para-a-saude-e-o-desporto-universitario\/"},"author":{"name":"ricardo-godinho","@id":"https:\/\/adop.pt\/#\/schema\/person\/1611786b65fcf211f0faafbe0349b8ba"},"headline":"Presidente da ADoP marca presen\u00e7a em eventos estrat\u00e9gicos para a sa\u00fade e o Desporto Universit\u00e1rio","datePublished":"2025-11-14T11:52:42+00:00","mainEntityOfPage":{"@id":"https:\/\/adop.pt\/presidente-da-adop-marca-presenca-em-eventos-estrategicos-para-a-saude-e-o-desporto-universitario\/"},"wordCount":260,"publisher":{"@id":"https:\/\/adop.pt\/#organization"},"image":{"@id":"https:\/\/adop.pt\/presidente-da-adop-marca-presenca-em-eventos-estrategicos-para-a-saude-e-o-desporto-universitario\/#primaryimage"},"thumbnailUrl":"https:\/\/adop.pt\/wp-content\/uploads\/2025\/11\/tomadaposseFADU.png","articleSection":["Sem categoria"],"inLanguage":"en-GB"},{"@type":"WebPage","@id":"https:\/\/adop.pt\/presidente-da-adop-marca-presenca-em-eventos-estrategicos-para-a-saude-e-o-desporto-universitario\/","url":"https:\/\/adop.pt\/presidente-da-adop-marca-presenca-em-eventos-estrategicos-para-a-saude-e-o-desporto-universitario\/","name":"Presidente da ADoP marca presen\u00e7a em eventos estrat\u00e9gicos para a sa\u00fade e o Desporto Universit\u00e1rio - ADoP","isPartOf":{"@id":"https:\/\/adop.pt\/#website"},"primaryImageOfPage":{"@id":"https:\/\/adop.pt\/presidente-da-adop-marca-presenca-em-eventos-estrategicos-para-a-saude-e-o-desporto-universitario\/#primaryimage"},"image":{"@id":"https:\/\/adop.pt\/presidente-da-adop-marca-presenca-em-eventos-estrategicos-para-a-saude-e-o-desporto-universitario\/#primaryimage"},"thumbnailUrl":"https:\/\/adop.pt\/wp-content\/uploads\/2025\/11\/tomadaposseFADU.png","datePublished":"2025-11-14T11:52:42+00:00","breadcrumb":{"@id":"https:\/\/adop.pt\/presidente-da-adop-marca-presenca-em-eventos-estrategicos-para-a-saude-e-o-desporto-universitario\/#breadcrumb"},"inLanguage":"en-GB","potentialAction":[{"@type":"ReadAction","target":["https:\/\/adop.pt\/presidente-da-adop-marca-presenca-em-eventos-estrategicos-para-a-saude-e-o-desporto-universitario\/"]}]},{"@type":"ImageObject","inLanguage":"en-GB","@id":"https:\/\/adop.pt\/presidente-da-adop-marca-presenca-em-eventos-estrategicos-para-a-saude-e-o-desporto-universitario\/#primaryimage","url":"https:\/\/adop.pt\/wp-content\/uploads\/2025\/11\/tomadaposseFADU.png","contentUrl":"https:\/\/adop.pt\/wp-content\/uploads\/2025\/11\/tomadaposseFADU.png","width":1129,"height":608},{"@type":"BreadcrumbList","@id":"https:\/\/adop.pt\/presidente-da-adop-marca-presenca-em-eventos-estrategicos-para-a-saude-e-o-desporto-universitario\/#breadcrumb","itemListElement":[{"@type":"ListItem","position":1,"name":"In\u00edcio","item":"https:\/\/adop.pt\/"},{"@type":"ListItem","position":2,"name":"Presidente da ADoP marca presen\u00e7a em eventos estrat\u00e9gicos para a sa\u00fade e o Desporto Universit\u00e1rio"}]},{"@type":"WebSite","@id":"https:\/\/adop.pt\/#website","url":"https:\/\/adop.pt\/","name":"ADoP","description":"Autoridade Antidopagem de Portugal","publisher":{"@id":"https:\/\/adop.pt\/#organization"},"potentialAction":[{"@type":"SearchAction","target":{"@type":"EntryPoint","urlTemplate":"https:\/\/adop.pt\/?s={search_term_string}"},"query-input":{"@type":"PropertyValueSpecification","valueRequired":true,"valueName":"search_term_string"}}],"inLanguage":"en-GB"},{"@type":"Organization","@id":"https:\/\/adop.pt\/#organization","name":"ADoP","url":"https:\/\/adop.pt\/","logo":{"@type":"ImageObject","inLanguage":"en-GB","@id":"https:\/\/adop.pt\/#\/schema\/logo\/image\/","url":"https:\/\/adop.pt\/wp-content\/uploads\/2021\/11\/cropped-adop-logo-bg.jpg","contentUrl":"https:\/\/adop.pt\/wp-content\/uploads\/2021\/11\/cropped-adop-logo-bg.jpg","width":512,"height":512,"caption":"ADoP"},"image":{"@id":"https:\/\/adop.pt\/#\/schema\/logo\/image\/"},"sameAs":["https:\/\/www.facebook.com\/profile.php?id=61565720170060","https:\/\/www.instagram.com\/antidopagem\/"]},{"@type":"Person","@id":"https:\/\/adop.pt\/#\/schema\/person\/1611786b65fcf211f0faafbe0349b8ba","name":"ricardo-godinho","image":{"@type":"ImageObject","inLanguage":"en-GB","@id":"https:\/\/adop.pt\/#\/schema\/person\/image\/","url":"https:\/\/secure.gravatar.com\/avatar\/1791e2b4e34941471065f464b87f41e7260dab57659ad036e9524d173f1df156?s=96&d=mm&r=g","contentUrl":"https:\/\/secure.gravatar.com\/avatar\/1791e2b4e34941471065f464b87f41e7260dab57659ad036e9524d173f1df156?s=96&d=mm&r=g","caption":"ricardo-godinho"},"url":"https:\/\/adop.pt\/en\/author\/ricardo-godinho\/"}]}},"_links":{"self":[{"href":"https:\/\/adop.pt\/en\/wp-json\/wp\/v2\/posts\/18878","targetHints":{"allow":["GET"]}}],"collection":[{"href":"https:\/\/adop.pt\/en\/wp-json\/wp\/v2\/posts"}],"about":[{"href":"https:\/\/adop.pt\/en\/wp-json\/wp\/v2\/types\/post"}],"author":[{"embeddable":true,"href":"https:\/\/adop.pt\/en\/wp-json\/wp\/v2\/users\/10"}],"replies":[{"embeddable":true,"href":"https:\/\/adop.pt\/en\/wp-json\/wp\/v2\/comments?post=18878"}],"version-history":[{"count":1,"href":"https:\/\/adop.pt\/en\/wp-json\/wp\/v2\/posts\/18878\/revisions"}],"predecessor-version":[{"id":18881,"href":"https:\/\/adop.pt\/en\/wp-json\/wp\/v2\/posts\/18878\/revisions\/18881"}],"wp:featuredmedia":[{"embeddable":true,"href":"https:\/\/adop.pt\/en\/wp-json\/wp\/v2\/media\/18880"}],"wp:attachment":[{"href":"https:\/\/adop.pt\/en\/wp-json\/wp\/v2\/media?parent=18878"}],"wp:term":[{"taxonomy":"category","embeddable":true,"href":"https:\/\/adop.pt\/en\/wp-json\/wp\/v2\/categories?post=18878"},{"taxonomy":"post_tag","embeddable":true,"href":"https:\/\/adop.pt\/en\/wp-json\/wp\/v2\/tags?post=18878"}],"curies":[{"name":"wp","href":"https:\/\/api.w.org\/{rel}","templated":true}]}}