








{"id":18882,"date":"2025-11-14T14:25:15","date_gmt":"2025-11-14T14:25:15","guid":{"rendered":"https:\/\/adop.pt\/?p=18882"},"modified":"2025-11-14T14:25:15","modified_gmt":"2025-11-14T14:25:15","slug":"presidente-da-adop-presente-na-celebracao-olimpica-2025-em-lisboa","status":"publish","type":"post","link":"https:\/\/adop.pt\/en\/presidente-da-adop-presente-na-celebracao-olimpica-2025-em-lisboa\/","title":{"rendered":"Presidente da ADoP presente na Celebra\u00e7\u00e3o Ol\u00edmpica 2025 em Lisboa"},"content":{"rendered":"<p>A Presidente da Autoridade Antidopagem de Portugal (ADoP), Doutora Maria Jo\u00e3o Melo Cascais, marcou presen\u00e7a na Celebra\u00e7\u00e3o Ol\u00edmpica 2025, realizada ontem, 13 de novembro, no SUD Lisboa Hall, um dos espa\u00e7os mais emblem\u00e1ticos da capital.<\/p>\n<p>O evento, promovido pelo Comit\u00e9 Ol\u00edmpico de Portugal (COP), reuniu o movimento desportivo nacional para homenagear atletas e agentes desportivos que se destacaram ao longo do ano e nas suas carreiras.<\/p>\n<p>A gala contou com a presen\u00e7a do Presidente da Rep\u00fablica, Marcelo Rebelo de Sousa, bem como do Secret\u00e1rio de Estado do Desporto, Pedro Dias e distinguiu figuras de refer\u00eancia como Carlos Lopes, galardoado com a Ordem Ol\u00edmpica Nacional, e atletas como Pedro Pichardo e Isaac Nader, campe\u00f5es mundiais de atletismo, al\u00e9m da antiga basquetebolista Ticha Penicheiro, premiada com o Pr\u00e9mio Prest\u00edgio pela sua not\u00e1vel carreira internacional.<\/p>\n<p>A participa\u00e7\u00e3o da ADoP neste evento refor\u00e7a a import\u00e2ncia da articula\u00e7\u00e3o entre a integridade desportiva e o movimento ol\u00edmpico, sublinhando o papel da Autoridade na promo\u00e7\u00e3o de valores \u00e9ticos e da luta contra a dopagem.<\/p>\n<p>Esta presen\u00e7a institucional contribui para estreitar rela\u00e7\u00f5es com o COP e outros parceiros estrat\u00e9gicos, fundamentais para garantir um desporto limpo, justo e transparente.<\/p>\n<p>Juntos pelo Desporto!<\/p>\n<div id=\"attachment_18883\" style=\"width: 310px\" class=\"wp-caption alignnone\"><img loading=\"lazy\" decoding=\"async\" aria-describedby=\"caption-attachment-18883\" class=\"size-medium wp-image-18883\" src=\"https:\/\/adop.pt\/wp-content\/uploads\/2025\/11\/celebracao-olimpica-300x183.jpg\" alt=\"\" width=\"300\" height=\"183\" \/><p id=\"caption-attachment-18883\" class=\"wp-caption-text\">Celebra\u00e7\u00e3o Ol\u00edmpica 2025<br \/>Comit\u00e9 Olimpico Portugal<br \/>Sud Lisboa<br \/>@Francisco Para\u00edso\/ShootHappens<\/p><\/div>","protected":false},"excerpt":{"rendered":"<p>A Presidente da Autoridade Antidopagem de Portugal (ADoP), Doutora Maria Jo\u00e3o Melo Cascais, marcou presen\u00e7a na Celebra\u00e7\u00e3o Ol\u00edmpica 2025, realizada ontem, 13 de novembro, no SUD Lisboa Hall, um dos espa\u00e7os mais emblem\u00e1ticos da capital. O evento, promovido pelo Comit\u00e9 Ol\u00edmpico de Portugal (COP), reuniu o movimento desportivo nacional para homenagear atletas e agentes desportivos [&hellip;]<\/p>","protected":false},"author":10,"featured_media":18883,"comment_status":"closed","ping_status":"closed","sticky":false,"template":"","format":"standard","meta":{"_et_pb_use_builder":"","_et_pb_old_content":"","_et_gb_content_width":"","inline_featured_image":false,"footnotes":""},"categories":[1],"tags":[],"class_list":["post-18882","post","type-post","status-publish","format-standard","has-post-thumbnail","hentry","category-sem-categoria"],"acf":[],"yoast_head":"<!-- This site is optimized with the Yoast SEO plugin v25.4 - https:\/\/yoast.com\/wordpress\/plugins\/seo\/ -->\n<title>Presidente da ADoP presente na Celebra\u00e7\u00e3o Ol\u00edmpica 2025 em Lisboa - ADoP<\/title>\n<meta name=\"robots\" content=\"index, follow, max-snippet:-1, max-image-preview:large, max-video-preview:-1\" \/>\n<link rel=\"canonical\" href=\"https:\/\/adop.pt\/en\/presidente-da-adop-presente-na-celebracao-olimpica-2025-em-lisboa\/\" \/>\n<meta property=\"og:locale\" content=\"en_GB\" \/>\n<meta property=\"og:type\" content=\"article\" \/>\n<meta property=\"og:title\" content=\"Presidente da ADoP presente na Celebra\u00e7\u00e3o Ol\u00edmpica 2025 em Lisboa - ADoP\" \/>\n<meta property=\"og:description\" content=\"A Presidente da Autoridade Antidopagem de Portugal (ADoP), Doutora Maria Jo\u00e3o Melo Cascais, marcou presen\u00e7a na Celebra\u00e7\u00e3o Ol\u00edmpica 2025, realizada ontem, 13 de novembro, no SUD Lisboa Hall, um dos espa\u00e7os mais emblem\u00e1ticos da capital. O evento, promovido pelo Comit\u00e9 Ol\u00edmpico de Portugal (COP), reuniu o movimento desportivo nacional para homenagear atletas e agentes desportivos [&hellip;]\" \/>\n<meta property=\"og:url\" content=\"https:\/\/adop.pt\/en\/presidente-da-adop-presente-na-celebracao-olimpica-2025-em-lisboa\/\" \/>\n<meta property=\"og:site_name\" content=\"ADoP\" \/>\n<meta property=\"article:publisher\" content=\"https:\/\/www.facebook.com\/profile.php?id=61565720170060\" \/>\n<meta property=\"article:published_time\" content=\"2025-11-14T14:25:15+00:00\" \/>\n<meta property=\"og:image\" content=\"https:\/\/adop.pt\/wp-content\/uploads\/2025\/11\/celebracao-olimpica.jpg\" \/>\n\t<meta property=\"og:image:width\" content=\"2048\" \/>\n\t<meta property=\"og:image:height\" content=\"1252\" \/>\n\t<meta property=\"og:image:type\" content=\"image\/jpeg\" \/>\n<meta name=\"author\" content=\"ricardo-godinho\" \/>\n<meta name=\"twitter:card\" content=\"summary_large_image\" \/>\n<meta name=\"twitter:label1\" content=\"Written by\" \/>\n\t<meta name=\"twitter:data1\" content=\"ricardo-godinho\" \/>\n\t<meta name=\"twitter:label2\" content=\"Estimated reading time\" \/>\n\t<meta name=\"twitter:data2\" content=\"2 minutes\" \/>\n<script type=\"application\/ld+json\" class=\"yoast-schema-graph\">{\"@context\":\"https:\/\/schema.org\",\"@graph\":[{\"@type\":\"Article\",\"@id\":\"https:\/\/adop.pt\/presidente-da-adop-presente-na-celebracao-olimpica-2025-em-lisboa\/#article\",\"isPartOf\":{\"@id\":\"https:\/\/adop.pt\/presidente-da-adop-presente-na-celebracao-olimpica-2025-em-lisboa\/\"},\"author\":{\"name\":\"ricardo-godinho\",\"@id\":\"https:\/\/adop.pt\/#\/schema\/person\/1611786b65fcf211f0faafbe0349b8ba\"},\"headline\":\"Presidente da ADoP presente na Celebra\u00e7\u00e3o Ol\u00edmpica 2025 em Lisboa\",\"datePublished\":\"2025-11-14T14:25:15+00:00\",\"mainEntityOfPage\":{\"@id\":\"https:\/\/adop.pt\/presidente-da-adop-presente-na-celebracao-olimpica-2025-em-lisboa\/\"},\"wordCount\":247,\"publisher\":{\"@id\":\"https:\/\/adop.pt\/#organization\"},\"image\":{\"@id\":\"https:\/\/adop.pt\/presidente-da-adop-presente-na-celebracao-olimpica-2025-em-lisboa\/#primaryimage\"},\"thumbnailUrl\":\"https:\/\/adop.pt\/wp-content\/uploads\/2025\/11\/celebracao-olimpica.jpg\",\"articleSection\":[\"Sem categoria\"],\"inLanguage\":\"en-GB\"},{\"@type\":\"WebPage\",\"@id\":\"https:\/\/adop.pt\/presidente-da-adop-presente-na-celebracao-olimpica-2025-em-lisboa\/\",\"url\":\"https:\/\/adop.pt\/presidente-da-adop-presente-na-celebracao-olimpica-2025-em-lisboa\/\",\"name\":\"Presidente da ADoP presente na Celebra\u00e7\u00e3o Ol\u00edmpica 2025 em Lisboa - ADoP\",\"isPartOf\":{\"@id\":\"https:\/\/adop.pt\/#website\"},\"primaryImageOfPage\":{\"@id\":\"https:\/\/adop.pt\/presidente-da-adop-presente-na-celebracao-olimpica-2025-em-lisboa\/#primaryimage\"},\"image\":{\"@id\":\"https:\/\/adop.pt\/presidente-da-adop-presente-na-celebracao-olimpica-2025-em-lisboa\/#primaryimage\"},\"thumbnailUrl\":\"https:\/\/adop.pt\/wp-content\/uploads\/2025\/11\/celebracao-olimpica.jpg\",\"datePublished\":\"2025-11-14T14:25:15+00:00\",\"breadcrumb\":{\"@id\":\"https:\/\/adop.pt\/presidente-da-adop-presente-na-celebracao-olimpica-2025-em-lisboa\/#breadcrumb\"},\"inLanguage\":\"en-GB\",\"potentialAction\":[{\"@type\":\"ReadAction\",\"target\":[\"https:\/\/adop.pt\/presidente-da-adop-presente-na-celebracao-olimpica-2025-em-lisboa\/\"]}]},{\"@type\":\"ImageObject\",\"inLanguage\":\"en-GB\",\"@id\":\"https:\/\/adop.pt\/presidente-da-adop-presente-na-celebracao-olimpica-2025-em-lisboa\/#primaryimage\",\"url\":\"https:\/\/adop.pt\/wp-content\/uploads\/2025\/11\/celebracao-olimpica.jpg\",\"contentUrl\":\"https:\/\/adop.pt\/wp-content\/uploads\/2025\/11\/celebracao-olimpica.jpg\",\"width\":2048,\"height\":1252,\"caption\":\"Celebra\u00e7\u00e3o Ol\u00edmpica 2025 Comit\u00e9 Olimpico Portugal Sud Lisboa @Francisco Para\u00edso\/ShootHappens\"},{\"@type\":\"BreadcrumbList\",\"@id\":\"https:\/\/adop.pt\/presidente-da-adop-presente-na-celebracao-olimpica-2025-em-lisboa\/#breadcrumb\",\"itemListElement\":[{\"@type\":\"ListItem\",\"position\":1,\"name\":\"In\u00edcio\",\"item\":\"https:\/\/adop.pt\/\"},{\"@type\":\"ListItem\",\"position\":2,\"name\":\"Presidente da ADoP presente na Celebra\u00e7\u00e3o Ol\u00edmpica 2025 em Lisboa\"}]},{\"@type\":\"WebSite\",\"@id\":\"https:\/\/adop.pt\/#website\",\"url\":\"https:\/\/adop.pt\/\",\"name\":\"ADoP\",\"description\":\"Autoridade Antidopagem de Portugal\",\"publisher\":{\"@id\":\"https:\/\/adop.pt\/#organization\"},\"potentialAction\":[{\"@type\":\"SearchAction\",\"target\":{\"@type\":\"EntryPoint\",\"urlTemplate\":\"https:\/\/adop.pt\/?s={search_term_string}\"},\"query-input\":{\"@type\":\"PropertyValueSpecification\",\"valueRequired\":true,\"valueName\":\"search_term_string\"}}],\"inLanguage\":\"en-GB\"},{\"@type\":\"Organization\",\"@id\":\"https:\/\/adop.pt\/#organization\",\"name\":\"ADoP\",\"url\":\"https:\/\/adop.pt\/\",\"logo\":{\"@type\":\"ImageObject\",\"inLanguage\":\"en-GB\",\"@id\":\"https:\/\/adop.pt\/#\/schema\/logo\/image\/\",\"url\":\"https:\/\/adop.pt\/wp-content\/uploads\/2021\/11\/cropped-adop-logo-bg.jpg\",\"contentUrl\":\"https:\/\/adop.pt\/wp-content\/uploads\/2021\/11\/cropped-adop-logo-bg.jpg\",\"width\":512,\"height\":512,\"caption\":\"ADoP\"},\"image\":{\"@id\":\"https:\/\/adop.pt\/#\/schema\/logo\/image\/\"},\"sameAs\":[\"https:\/\/www.facebook.com\/profile.php?id=61565720170060\",\"https:\/\/www.instagram.com\/antidopagem\/\"]},{\"@type\":\"Person\",\"@id\":\"https:\/\/adop.pt\/#\/schema\/person\/1611786b65fcf211f0faafbe0349b8ba\",\"name\":\"ricardo-godinho\",\"image\":{\"@type\":\"ImageObject\",\"inLanguage\":\"en-GB\",\"@id\":\"https:\/\/adop.pt\/#\/schema\/person\/image\/\",\"url\":\"https:\/\/secure.gravatar.com\/avatar\/1791e2b4e34941471065f464b87f41e7260dab57659ad036e9524d173f1df156?s=96&d=mm&r=g\",\"contentUrl\":\"https:\/\/secure.gravatar.com\/avatar\/1791e2b4e34941471065f464b87f41e7260dab57659ad036e9524d173f1df156?s=96&d=mm&r=g\",\"caption\":\"ricardo-godinho\"},\"url\":\"https:\/\/adop.pt\/en\/author\/ricardo-godinho\/\"}]}<\/script>\n<!-- \/ Yoast SEO plugin. -->","yoast_head_json":{"title":"Presidente da ADoP presente na Celebra\u00e7\u00e3o Ol\u00edmpica 2025 em Lisboa - ADoP","robots":{"index":"index","follow":"follow","max-snippet":"max-snippet:-1","max-image-preview":"max-image-preview:large","max-video-preview":"max-video-preview:-1"},"canonical":"https:\/\/adop.pt\/en\/presidente-da-adop-presente-na-celebracao-olimpica-2025-em-lisboa\/","og_locale":"en_GB","og_type":"article","og_title":"Presidente da ADoP presente na Celebra\u00e7\u00e3o Ol\u00edmpica 2025 em Lisboa - ADoP","og_description":"A Presidente da Autoridade Antidopagem de Portugal (ADoP), Doutora Maria Jo\u00e3o Melo Cascais, marcou presen\u00e7a na Celebra\u00e7\u00e3o Ol\u00edmpica 2025, realizada ontem, 13 de novembro, no SUD Lisboa Hall, um dos espa\u00e7os mais emblem\u00e1ticos da capital. O evento, promovido pelo Comit\u00e9 Ol\u00edmpico de Portugal (COP), reuniu o movimento desportivo nacional para homenagear atletas e agentes desportivos [&hellip;]","og_url":"https:\/\/adop.pt\/en\/presidente-da-adop-presente-na-celebracao-olimpica-2025-em-lisboa\/","og_site_name":"ADoP","article_publisher":"https:\/\/www.facebook.com\/profile.php?id=61565720170060","article_published_time":"2025-11-14T14:25:15+00:00","og_image":[{"width":2048,"height":1252,"url":"https:\/\/adop.pt\/wp-content\/uploads\/2025\/11\/celebracao-olimpica.jpg","type":"image\/jpeg"}],"author":"ricardo-godinho","twitter_card":"summary_large_image","twitter_misc":{"Written by":"ricardo-godinho","Estimated reading time":"2 minutes"},"schema":{"@context":"https:\/\/schema.org","@graph":[{"@type":"Article","@id":"https:\/\/adop.pt\/presidente-da-adop-presente-na-celebracao-olimpica-2025-em-lisboa\/#article","isPartOf":{"@id":"https:\/\/adop.pt\/presidente-da-adop-presente-na-celebracao-olimpica-2025-em-lisboa\/"},"author":{"name":"ricardo-godinho","@id":"https:\/\/adop.pt\/#\/schema\/person\/1611786b65fcf211f0faafbe0349b8ba"},"headline":"Presidente da ADoP presente na Celebra\u00e7\u00e3o Ol\u00edmpica 2025 em Lisboa","datePublished":"2025-11-14T14:25:15+00:00","mainEntityOfPage":{"@id":"https:\/\/adop.pt\/presidente-da-adop-presente-na-celebracao-olimpica-2025-em-lisboa\/"},"wordCount":247,"publisher":{"@id":"https:\/\/adop.pt\/#organization"},"image":{"@id":"https:\/\/adop.pt\/presidente-da-adop-presente-na-celebracao-olimpica-2025-em-lisboa\/#primaryimage"},"thumbnailUrl":"https:\/\/adop.pt\/wp-content\/uploads\/2025\/11\/celebracao-olimpica.jpg","articleSection":["Sem categoria"],"inLanguage":"en-GB"},{"@type":"WebPage","@id":"https:\/\/adop.pt\/presidente-da-adop-presente-na-celebracao-olimpica-2025-em-lisboa\/","url":"https:\/\/adop.pt\/presidente-da-adop-presente-na-celebracao-olimpica-2025-em-lisboa\/","name":"Presidente da ADoP presente na Celebra\u00e7\u00e3o Ol\u00edmpica 2025 em Lisboa - ADoP","isPartOf":{"@id":"https:\/\/adop.pt\/#website"},"primaryImageOfPage":{"@id":"https:\/\/adop.pt\/presidente-da-adop-presente-na-celebracao-olimpica-2025-em-lisboa\/#primaryimage"},"image":{"@id":"https:\/\/adop.pt\/presidente-da-adop-presente-na-celebracao-olimpica-2025-em-lisboa\/#primaryimage"},"thumbnailUrl":"https:\/\/adop.pt\/wp-content\/uploads\/2025\/11\/celebracao-olimpica.jpg","datePublished":"2025-11-14T14:25:15+00:00","breadcrumb":{"@id":"https:\/\/adop.pt\/presidente-da-adop-presente-na-celebracao-olimpica-2025-em-lisboa\/#breadcrumb"},"inLanguage":"en-GB","potentialAction":[{"@type":"ReadAction","target":["https:\/\/adop.pt\/presidente-da-adop-presente-na-celebracao-olimpica-2025-em-lisboa\/"]}]},{"@type":"ImageObject","inLanguage":"en-GB","@id":"https:\/\/adop.pt\/presidente-da-adop-presente-na-celebracao-olimpica-2025-em-lisboa\/#primaryimage","url":"https:\/\/adop.pt\/wp-content\/uploads\/2025\/11\/celebracao-olimpica.jpg","contentUrl":"https:\/\/adop.pt\/wp-content\/uploads\/2025\/11\/celebracao-olimpica.jpg","width":2048,"height":1252,"caption":"Celebra\u00e7\u00e3o Ol\u00edmpica 2025 Comit\u00e9 Olimpico Portugal Sud Lisboa @Francisco Para\u00edso\/ShootHappens"},{"@type":"BreadcrumbList","@id":"https:\/\/adop.pt\/presidente-da-adop-presente-na-celebracao-olimpica-2025-em-lisboa\/#breadcrumb","itemListElement":[{"@type":"ListItem","position":1,"name":"In\u00edcio","item":"https:\/\/adop.pt\/"},{"@type":"ListItem","position":2,"name":"Presidente da ADoP presente na Celebra\u00e7\u00e3o Ol\u00edmpica 2025 em Lisboa"}]},{"@type":"WebSite","@id":"https:\/\/adop.pt\/#website","url":"https:\/\/adop.pt\/","name":"ADoP","description":"Autoridade Antidopagem de Portugal","publisher":{"@id":"https:\/\/adop.pt\/#organization"},"potentialAction":[{"@type":"SearchAction","target":{"@type":"EntryPoint","urlTemplate":"https:\/\/adop.pt\/?s={search_term_string}"},"query-input":{"@type":"PropertyValueSpecification","valueRequired":true,"valueName":"search_term_string"}}],"inLanguage":"en-GB"},{"@type":"Organization","@id":"https:\/\/adop.pt\/#organization","name":"ADoP","url":"https:\/\/adop.pt\/","logo":{"@type":"ImageObject","inLanguage":"en-GB","@id":"https:\/\/adop.pt\/#\/schema\/logo\/image\/","url":"https:\/\/adop.pt\/wp-content\/uploads\/2021\/11\/cropped-adop-logo-bg.jpg","contentUrl":"https:\/\/adop.pt\/wp-content\/uploads\/2021\/11\/cropped-adop-logo-bg.jpg","width":512,"height":512,"caption":"ADoP"},"image":{"@id":"https:\/\/adop.pt\/#\/schema\/logo\/image\/"},"sameAs":["https:\/\/www.facebook.com\/profile.php?id=61565720170060","https:\/\/www.instagram.com\/antidopagem\/"]},{"@type":"Person","@id":"https:\/\/adop.pt\/#\/schema\/person\/1611786b65fcf211f0faafbe0349b8ba","name":"ricardo-godinho","image":{"@type":"ImageObject","inLanguage":"en-GB","@id":"https:\/\/adop.pt\/#\/schema\/person\/image\/","url":"https:\/\/secure.gravatar.com\/avatar\/1791e2b4e34941471065f464b87f41e7260dab57659ad036e9524d173f1df156?s=96&d=mm&r=g","contentUrl":"https:\/\/secure.gravatar.com\/avatar\/1791e2b4e34941471065f464b87f41e7260dab57659ad036e9524d173f1df156?s=96&d=mm&r=g","caption":"ricardo-godinho"},"url":"https:\/\/adop.pt\/en\/author\/ricardo-godinho\/"}]}},"_links":{"self":[{"href":"https:\/\/adop.pt\/en\/wp-json\/wp\/v2\/posts\/18882","targetHints":{"allow":["GET"]}}],"collection":[{"href":"https:\/\/adop.pt\/en\/wp-json\/wp\/v2\/posts"}],"about":[{"href":"https:\/\/adop.pt\/en\/wp-json\/wp\/v2\/types\/post"}],"author":[{"embeddable":true,"href":"https:\/\/adop.pt\/en\/wp-json\/wp\/v2\/users\/10"}],"replies":[{"embeddable":true,"href":"https:\/\/adop.pt\/en\/wp-json\/wp\/v2\/comments?post=18882"}],"version-history":[{"count":1,"href":"https:\/\/adop.pt\/en\/wp-json\/wp\/v2\/posts\/18882\/revisions"}],"predecessor-version":[{"id":18884,"href":"https:\/\/adop.pt\/en\/wp-json\/wp\/v2\/posts\/18882\/revisions\/18884"}],"wp:featuredmedia":[{"embeddable":true,"href":"https:\/\/adop.pt\/en\/wp-json\/wp\/v2\/media\/18883"}],"wp:attachment":[{"href":"https:\/\/adop.pt\/en\/wp-json\/wp\/v2\/media?parent=18882"}],"wp:term":[{"taxonomy":"category","embeddable":true,"href":"https:\/\/adop.pt\/en\/wp-json\/wp\/v2\/categories?post=18882"},{"taxonomy":"post_tag","embeddable":true,"href":"https:\/\/adop.pt\/en\/wp-json\/wp\/v2\/tags?post=18882"}],"curies":[{"name":"wp","href":"https:\/\/api.w.org\/{rel}","templated":true}]}}