








{"id":19118,"date":"2025-11-21T12:52:41","date_gmt":"2025-11-21T12:52:41","guid":{"rendered":"https:\/\/adop.pt\/?p=19118"},"modified":"2025-11-21T12:52:41","modified_gmt":"2025-11-21T12:52:41","slug":"adop-participou-em-acao-de-sensibilizacao-sobre-prevencao-da-dopagem-na-escola-secundaria-oliveira-junior","status":"publish","type":"post","link":"https:\/\/adop.pt\/en\/adop-participou-em-acao-de-sensibilizacao-sobre-prevencao-da-dopagem-na-escola-secundaria-oliveira-junior\/","title":{"rendered":"ADoP participou em a\u00e7\u00e3o de sensibiliza\u00e7\u00e3o sobre Preven\u00e7\u00e3o da Dopagem na Escola Secund\u00e1ria Oliveira J\u00fanior"},"content":{"rendered":"<div class=\"xdj266r x14z9mp xat24cr x1lziwak x1vvkbs x126k92a\">\n<div dir=\"auto\"><\/div>\n<\/div>\n<div class=\"x14z9mp xat24cr x1lziwak x1vvkbs xtlvy1s x126k92a\">\n<div dir=\"auto\">No dia 20 de novembro de 2025, a Autoridade Antidopagem de Portugal (ADoP) esteve presente na Escola Secund\u00e1ria Oliveira J\u00fanior, em S\u00e3o Jo\u00e3o da Madeira, para dinamizar uma palestra sobre Preven\u00e7\u00e3o da Dopagem, integrada no programa \u201c0%Doping, 100% TU!\u201d.<\/div>\n<div dir=\"auto\"><\/div>\n<\/div>\n<div class=\"x14z9mp xat24cr x1lziwak x1vvkbs xtlvy1s x126k92a\">\n<div dir=\"auto\">A iniciativa, organizada pela escola e coordenada pela Professora S\u00edlvia Fernandes, reuniu cerca de 200 alunos dos diferentes cursos do Ensino Secund\u00e1rio, bem como professores, promovendo a reflex\u00e3o sobre os riscos da dopagem e a import\u00e2ncia da \u00e9tica no desporto.<\/div>\n<div dir=\"auto\"><\/div>\n<\/div>\n<div class=\"x14z9mp xat24cr x1lziwak x1vvkbs xtlvy1s x126k92a\">\n<div dir=\"auto\">A forma\u00e7\u00e3o foi conduzida pelo Professor Ricardo Godinho, que abordou os principais mecanismos de preven\u00e7\u00e3o, os impactos da dopagem na sa\u00fade e na verdade desportiva, e apresentou tamb\u00e9m o projeto europeu ERASMUS+ EPCS-TE (European Partnership for Clean Sports in Tertiary Education). Este projeto tem como objetivo integrar conte\u00fados sobre integridade e antidopagem nos programas de ensino superior, promovendo uma abordagem educativa consistente e alinhada com as orienta\u00e7\u00f5es da Ag\u00eancia Mundial Antidopagem (WADA).<\/div>\n<div dir=\"auto\"><\/div>\n<\/div>\n<div class=\"x14z9mp xat24cr x1lziwak x1vvkbs xtlvy1s x126k92a\">\n<div dir=\"auto\">Antes desta sess\u00e3o, os participantes assistiram a uma palestra sobre Les\u00f5es Desportivas, apresentada pelo Professor Eduardo Oliveira, da Faculdade de Desporto da Universidade do Porto, enriquecendo ainda mais a experi\u00eancia formativa.<\/div>\n<div dir=\"auto\"><\/div>\n<div dir=\"auto\">Com esta participa\u00e7\u00e3o, a ADoP refor\u00e7a o seu compromisso com a promo\u00e7\u00e3o de um desporto limpo e justo, envolvendo a comunidade escolar na constru\u00e7\u00e3o de uma cultura de integridade.<\/div>\n<div dir=\"auto\"><\/div>\n<\/div>\n<div class=\"x14z9mp xat24cr x1lziwak x1vvkbs xtlvy1s x126k92a\">\n<div dir=\"auto\">Juntos pelo Desporto!!<\/div>\n<\/div>\n<div dir=\"auto\"><\/div>\n<div dir=\"auto\"><img loading=\"lazy\" decoding=\"async\" class=\"alignnone size-medium wp-image-19119\" src=\"https:\/\/adop.pt\/wp-content\/uploads\/2025\/11\/04-300x169.jpeg\" alt=\"\" width=\"300\" height=\"169\" \/> <img loading=\"lazy\" decoding=\"async\" class=\"alignnone size-medium wp-image-19120\" src=\"https:\/\/adop.pt\/wp-content\/uploads\/2025\/11\/05-300x169.jpeg\" alt=\"\" width=\"300\" height=\"169\" \/> <img loading=\"lazy\" decoding=\"async\" class=\"alignnone size-medium wp-image-19121\" src=\"https:\/\/adop.pt\/wp-content\/uploads\/2025\/11\/WhatsApp-Image-2025-11-20-at-17.07.17-169x300.jpeg\" alt=\"\" width=\"169\" height=\"300\" \/> <img loading=\"lazy\" decoding=\"async\" class=\"alignnone size-medium wp-image-19122\" src=\"https:\/\/adop.pt\/wp-content\/uploads\/2025\/11\/WhatsApp-Image-2025-11-20-at-17.07.18-300x169.jpeg\" alt=\"\" width=\"300\" height=\"169\" \/><\/div>","protected":false},"excerpt":{"rendered":"<p>No dia 20 de novembro de 2025, a Autoridade Antidopagem de Portugal (ADoP) esteve presente na Escola Secund\u00e1ria Oliveira J\u00fanior, em S\u00e3o Jo\u00e3o da Madeira, para dinamizar uma palestra sobre Preven\u00e7\u00e3o da Dopagem, integrada no programa \u201c0%Doping, 100% TU!\u201d. A iniciativa, organizada pela escola e coordenada pela Professora S\u00edlvia Fernandes, reuniu cerca de 200 alunos [&hellip;]<\/p>","protected":false},"author":10,"featured_media":19119,"comment_status":"closed","ping_status":"closed","sticky":false,"template":"","format":"standard","meta":{"_et_pb_use_builder":"","_et_pb_old_content":"","_et_gb_content_width":"","inline_featured_image":false,"footnotes":""},"categories":[1],"tags":[],"class_list":["post-19118","post","type-post","status-publish","format-standard","has-post-thumbnail","hentry","category-sem-categoria"],"acf":[],"yoast_head":"<!-- This site is optimized with the Yoast SEO plugin v25.4 - https:\/\/yoast.com\/wordpress\/plugins\/seo\/ -->\n<title>ADoP participou em a\u00e7\u00e3o de sensibiliza\u00e7\u00e3o sobre Preven\u00e7\u00e3o da Dopagem na Escola Secund\u00e1ria Oliveira J\u00fanior - ADoP<\/title>\n<meta name=\"robots\" content=\"index, follow, max-snippet:-1, max-image-preview:large, max-video-preview:-1\" \/>\n<link rel=\"canonical\" href=\"https:\/\/adop.pt\/en\/adop-participou-em-acao-de-sensibilizacao-sobre-prevencao-da-dopagem-na-escola-secundaria-oliveira-junior\/\" \/>\n<meta property=\"og:locale\" content=\"en_GB\" \/>\n<meta property=\"og:type\" content=\"article\" \/>\n<meta property=\"og:title\" content=\"ADoP participou em a\u00e7\u00e3o de sensibiliza\u00e7\u00e3o sobre Preven\u00e7\u00e3o da Dopagem na Escola Secund\u00e1ria Oliveira J\u00fanior - ADoP\" \/>\n<meta property=\"og:description\" content=\"No dia 20 de novembro de 2025, a Autoridade Antidopagem de Portugal (ADoP) esteve presente na Escola Secund\u00e1ria Oliveira J\u00fanior, em S\u00e3o Jo\u00e3o da Madeira, para dinamizar uma palestra sobre Preven\u00e7\u00e3o da Dopagem, integrada no programa \u201c0%Doping, 100% TU!\u201d. A iniciativa, organizada pela escola e coordenada pela Professora S\u00edlvia Fernandes, reuniu cerca de 200 alunos [&hellip;]\" \/>\n<meta property=\"og:url\" content=\"https:\/\/adop.pt\/en\/adop-participou-em-acao-de-sensibilizacao-sobre-prevencao-da-dopagem-na-escola-secundaria-oliveira-junior\/\" \/>\n<meta property=\"og:site_name\" content=\"ADoP\" \/>\n<meta property=\"article:publisher\" content=\"https:\/\/www.facebook.com\/profile.php?id=61565720170060\" \/>\n<meta property=\"article:published_time\" content=\"2025-11-21T12:52:41+00:00\" \/>\n<meta property=\"og:image\" content=\"https:\/\/adop.pt\/wp-content\/uploads\/2025\/11\/04.jpeg\" \/>\n\t<meta property=\"og:image:width\" content=\"2048\" \/>\n\t<meta property=\"og:image:height\" content=\"1152\" \/>\n\t<meta property=\"og:image:type\" content=\"image\/jpeg\" \/>\n<meta name=\"author\" content=\"ricardo-godinho\" \/>\n<meta name=\"twitter:card\" content=\"summary_large_image\" \/>\n<meta name=\"twitter:label1\" content=\"Written by\" \/>\n\t<meta name=\"twitter:data1\" content=\"ricardo-godinho\" \/>\n\t<meta name=\"twitter:label2\" content=\"Estimated reading time\" \/>\n\t<meta name=\"twitter:data2\" content=\"3 minutes\" \/>\n<script type=\"application\/ld+json\" class=\"yoast-schema-graph\">{\"@context\":\"https:\/\/schema.org\",\"@graph\":[{\"@type\":\"Article\",\"@id\":\"https:\/\/adop.pt\/adop-participou-em-acao-de-sensibilizacao-sobre-prevencao-da-dopagem-na-escola-secundaria-oliveira-junior\/#article\",\"isPartOf\":{\"@id\":\"https:\/\/adop.pt\/adop-participou-em-acao-de-sensibilizacao-sobre-prevencao-da-dopagem-na-escola-secundaria-oliveira-junior\/\"},\"author\":{\"name\":\"ricardo-godinho\",\"@id\":\"https:\/\/adop.pt\/#\/schema\/person\/1611786b65fcf211f0faafbe0349b8ba\"},\"headline\":\"ADoP participou em a\u00e7\u00e3o de sensibiliza\u00e7\u00e3o sobre Preven\u00e7\u00e3o da Dopagem na Escola Secund\u00e1ria Oliveira J\u00fanior\",\"datePublished\":\"2025-11-21T12:52:41+00:00\",\"mainEntityOfPage\":{\"@id\":\"https:\/\/adop.pt\/adop-participou-em-acao-de-sensibilizacao-sobre-prevencao-da-dopagem-na-escola-secundaria-oliveira-junior\/\"},\"wordCount\":253,\"publisher\":{\"@id\":\"https:\/\/adop.pt\/#organization\"},\"image\":{\"@id\":\"https:\/\/adop.pt\/adop-participou-em-acao-de-sensibilizacao-sobre-prevencao-da-dopagem-na-escola-secundaria-oliveira-junior\/#primaryimage\"},\"thumbnailUrl\":\"https:\/\/adop.pt\/wp-content\/uploads\/2025\/11\/04.jpeg\",\"articleSection\":[\"Sem categoria\"],\"inLanguage\":\"en-GB\"},{\"@type\":\"WebPage\",\"@id\":\"https:\/\/adop.pt\/adop-participou-em-acao-de-sensibilizacao-sobre-prevencao-da-dopagem-na-escola-secundaria-oliveira-junior\/\",\"url\":\"https:\/\/adop.pt\/adop-participou-em-acao-de-sensibilizacao-sobre-prevencao-da-dopagem-na-escola-secundaria-oliveira-junior\/\",\"name\":\"ADoP participou em a\u00e7\u00e3o de sensibiliza\u00e7\u00e3o sobre Preven\u00e7\u00e3o da Dopagem na Escola Secund\u00e1ria Oliveira J\u00fanior - ADoP\",\"isPartOf\":{\"@id\":\"https:\/\/adop.pt\/#website\"},\"primaryImageOfPage\":{\"@id\":\"https:\/\/adop.pt\/adop-participou-em-acao-de-sensibilizacao-sobre-prevencao-da-dopagem-na-escola-secundaria-oliveira-junior\/#primaryimage\"},\"image\":{\"@id\":\"https:\/\/adop.pt\/adop-participou-em-acao-de-sensibilizacao-sobre-prevencao-da-dopagem-na-escola-secundaria-oliveira-junior\/#primaryimage\"},\"thumbnailUrl\":\"https:\/\/adop.pt\/wp-content\/uploads\/2025\/11\/04.jpeg\",\"datePublished\":\"2025-11-21T12:52:41+00:00\",\"breadcrumb\":{\"@id\":\"https:\/\/adop.pt\/adop-participou-em-acao-de-sensibilizacao-sobre-prevencao-da-dopagem-na-escola-secundaria-oliveira-junior\/#breadcrumb\"},\"inLanguage\":\"en-GB\",\"potentialAction\":[{\"@type\":\"ReadAction\",\"target\":[\"https:\/\/adop.pt\/adop-participou-em-acao-de-sensibilizacao-sobre-prevencao-da-dopagem-na-escola-secundaria-oliveira-junior\/\"]}]},{\"@type\":\"ImageObject\",\"inLanguage\":\"en-GB\",\"@id\":\"https:\/\/adop.pt\/adop-participou-em-acao-de-sensibilizacao-sobre-prevencao-da-dopagem-na-escola-secundaria-oliveira-junior\/#primaryimage\",\"url\":\"https:\/\/adop.pt\/wp-content\/uploads\/2025\/11\/04.jpeg\",\"contentUrl\":\"https:\/\/adop.pt\/wp-content\/uploads\/2025\/11\/04.jpeg\",\"width\":2048,\"height\":1152},{\"@type\":\"BreadcrumbList\",\"@id\":\"https:\/\/adop.pt\/adop-participou-em-acao-de-sensibilizacao-sobre-prevencao-da-dopagem-na-escola-secundaria-oliveira-junior\/#breadcrumb\",\"itemListElement\":[{\"@type\":\"ListItem\",\"position\":1,\"name\":\"In\u00edcio\",\"item\":\"https:\/\/adop.pt\/\"},{\"@type\":\"ListItem\",\"position\":2,\"name\":\"ADoP participou em a\u00e7\u00e3o de sensibiliza\u00e7\u00e3o sobre Preven\u00e7\u00e3o da Dopagem na Escola Secund\u00e1ria Oliveira J\u00fanior\"}]},{\"@type\":\"WebSite\",\"@id\":\"https:\/\/adop.pt\/#website\",\"url\":\"https:\/\/adop.pt\/\",\"name\":\"ADoP\",\"description\":\"Autoridade Antidopagem de Portugal\",\"publisher\":{\"@id\":\"https:\/\/adop.pt\/#organization\"},\"potentialAction\":[{\"@type\":\"SearchAction\",\"target\":{\"@type\":\"EntryPoint\",\"urlTemplate\":\"https:\/\/adop.pt\/?s={search_term_string}\"},\"query-input\":{\"@type\":\"PropertyValueSpecification\",\"valueRequired\":true,\"valueName\":\"search_term_string\"}}],\"inLanguage\":\"en-GB\"},{\"@type\":\"Organization\",\"@id\":\"https:\/\/adop.pt\/#organization\",\"name\":\"ADoP\",\"url\":\"https:\/\/adop.pt\/\",\"logo\":{\"@type\":\"ImageObject\",\"inLanguage\":\"en-GB\",\"@id\":\"https:\/\/adop.pt\/#\/schema\/logo\/image\/\",\"url\":\"https:\/\/adop.pt\/wp-content\/uploads\/2021\/11\/cropped-adop-logo-bg.jpg\",\"contentUrl\":\"https:\/\/adop.pt\/wp-content\/uploads\/2021\/11\/cropped-adop-logo-bg.jpg\",\"width\":512,\"height\":512,\"caption\":\"ADoP\"},\"image\":{\"@id\":\"https:\/\/adop.pt\/#\/schema\/logo\/image\/\"},\"sameAs\":[\"https:\/\/www.facebook.com\/profile.php?id=61565720170060\",\"https:\/\/www.instagram.com\/antidopagem\/\"]},{\"@type\":\"Person\",\"@id\":\"https:\/\/adop.pt\/#\/schema\/person\/1611786b65fcf211f0faafbe0349b8ba\",\"name\":\"ricardo-godinho\",\"image\":{\"@type\":\"ImageObject\",\"inLanguage\":\"en-GB\",\"@id\":\"https:\/\/adop.pt\/#\/schema\/person\/image\/\",\"url\":\"https:\/\/secure.gravatar.com\/avatar\/1791e2b4e34941471065f464b87f41e7260dab57659ad036e9524d173f1df156?s=96&d=mm&r=g\",\"contentUrl\":\"https:\/\/secure.gravatar.com\/avatar\/1791e2b4e34941471065f464b87f41e7260dab57659ad036e9524d173f1df156?s=96&d=mm&r=g\",\"caption\":\"ricardo-godinho\"},\"url\":\"https:\/\/adop.pt\/en\/author\/ricardo-godinho\/\"}]}<\/script>\n<!-- \/ Yoast SEO plugin. -->","yoast_head_json":{"title":"ADoP participou em a\u00e7\u00e3o de sensibiliza\u00e7\u00e3o sobre Preven\u00e7\u00e3o da Dopagem na Escola Secund\u00e1ria Oliveira J\u00fanior - ADoP","robots":{"index":"index","follow":"follow","max-snippet":"max-snippet:-1","max-image-preview":"max-image-preview:large","max-video-preview":"max-video-preview:-1"},"canonical":"https:\/\/adop.pt\/en\/adop-participou-em-acao-de-sensibilizacao-sobre-prevencao-da-dopagem-na-escola-secundaria-oliveira-junior\/","og_locale":"en_GB","og_type":"article","og_title":"ADoP participou em a\u00e7\u00e3o de sensibiliza\u00e7\u00e3o sobre Preven\u00e7\u00e3o da Dopagem na Escola Secund\u00e1ria Oliveira J\u00fanior - ADoP","og_description":"No dia 20 de novembro de 2025, a Autoridade Antidopagem de Portugal (ADoP) esteve presente na Escola Secund\u00e1ria Oliveira J\u00fanior, em S\u00e3o Jo\u00e3o da Madeira, para dinamizar uma palestra sobre Preven\u00e7\u00e3o da Dopagem, integrada no programa \u201c0%Doping, 100% TU!\u201d. A iniciativa, organizada pela escola e coordenada pela Professora S\u00edlvia Fernandes, reuniu cerca de 200 alunos [&hellip;]","og_url":"https:\/\/adop.pt\/en\/adop-participou-em-acao-de-sensibilizacao-sobre-prevencao-da-dopagem-na-escola-secundaria-oliveira-junior\/","og_site_name":"ADoP","article_publisher":"https:\/\/www.facebook.com\/profile.php?id=61565720170060","article_published_time":"2025-11-21T12:52:41+00:00","og_image":[{"width":2048,"height":1152,"url":"https:\/\/adop.pt\/wp-content\/uploads\/2025\/11\/04.jpeg","type":"image\/jpeg"}],"author":"ricardo-godinho","twitter_card":"summary_large_image","twitter_misc":{"Written by":"ricardo-godinho","Estimated reading time":"3 minutes"},"schema":{"@context":"https:\/\/schema.org","@graph":[{"@type":"Article","@id":"https:\/\/adop.pt\/adop-participou-em-acao-de-sensibilizacao-sobre-prevencao-da-dopagem-na-escola-secundaria-oliveira-junior\/#article","isPartOf":{"@id":"https:\/\/adop.pt\/adop-participou-em-acao-de-sensibilizacao-sobre-prevencao-da-dopagem-na-escola-secundaria-oliveira-junior\/"},"author":{"name":"ricardo-godinho","@id":"https:\/\/adop.pt\/#\/schema\/person\/1611786b65fcf211f0faafbe0349b8ba"},"headline":"ADoP participou em a\u00e7\u00e3o de sensibiliza\u00e7\u00e3o sobre Preven\u00e7\u00e3o da Dopagem na Escola Secund\u00e1ria Oliveira J\u00fanior","datePublished":"2025-11-21T12:52:41+00:00","mainEntityOfPage":{"@id":"https:\/\/adop.pt\/adop-participou-em-acao-de-sensibilizacao-sobre-prevencao-da-dopagem-na-escola-secundaria-oliveira-junior\/"},"wordCount":253,"publisher":{"@id":"https:\/\/adop.pt\/#organization"},"image":{"@id":"https:\/\/adop.pt\/adop-participou-em-acao-de-sensibilizacao-sobre-prevencao-da-dopagem-na-escola-secundaria-oliveira-junior\/#primaryimage"},"thumbnailUrl":"https:\/\/adop.pt\/wp-content\/uploads\/2025\/11\/04.jpeg","articleSection":["Sem categoria"],"inLanguage":"en-GB"},{"@type":"WebPage","@id":"https:\/\/adop.pt\/adop-participou-em-acao-de-sensibilizacao-sobre-prevencao-da-dopagem-na-escola-secundaria-oliveira-junior\/","url":"https:\/\/adop.pt\/adop-participou-em-acao-de-sensibilizacao-sobre-prevencao-da-dopagem-na-escola-secundaria-oliveira-junior\/","name":"ADoP participou em a\u00e7\u00e3o de sensibiliza\u00e7\u00e3o sobre Preven\u00e7\u00e3o da Dopagem na Escola Secund\u00e1ria Oliveira J\u00fanior - ADoP","isPartOf":{"@id":"https:\/\/adop.pt\/#website"},"primaryImageOfPage":{"@id":"https:\/\/adop.pt\/adop-participou-em-acao-de-sensibilizacao-sobre-prevencao-da-dopagem-na-escola-secundaria-oliveira-junior\/#primaryimage"},"image":{"@id":"https:\/\/adop.pt\/adop-participou-em-acao-de-sensibilizacao-sobre-prevencao-da-dopagem-na-escola-secundaria-oliveira-junior\/#primaryimage"},"thumbnailUrl":"https:\/\/adop.pt\/wp-content\/uploads\/2025\/11\/04.jpeg","datePublished":"2025-11-21T12:52:41+00:00","breadcrumb":{"@id":"https:\/\/adop.pt\/adop-participou-em-acao-de-sensibilizacao-sobre-prevencao-da-dopagem-na-escola-secundaria-oliveira-junior\/#breadcrumb"},"inLanguage":"en-GB","potentialAction":[{"@type":"ReadAction","target":["https:\/\/adop.pt\/adop-participou-em-acao-de-sensibilizacao-sobre-prevencao-da-dopagem-na-escola-secundaria-oliveira-junior\/"]}]},{"@type":"ImageObject","inLanguage":"en-GB","@id":"https:\/\/adop.pt\/adop-participou-em-acao-de-sensibilizacao-sobre-prevencao-da-dopagem-na-escola-secundaria-oliveira-junior\/#primaryimage","url":"https:\/\/adop.pt\/wp-content\/uploads\/2025\/11\/04.jpeg","contentUrl":"https:\/\/adop.pt\/wp-content\/uploads\/2025\/11\/04.jpeg","width":2048,"height":1152},{"@type":"BreadcrumbList","@id":"https:\/\/adop.pt\/adop-participou-em-acao-de-sensibilizacao-sobre-prevencao-da-dopagem-na-escola-secundaria-oliveira-junior\/#breadcrumb","itemListElement":[{"@type":"ListItem","position":1,"name":"In\u00edcio","item":"https:\/\/adop.pt\/"},{"@type":"ListItem","position":2,"name":"ADoP participou em a\u00e7\u00e3o de sensibiliza\u00e7\u00e3o sobre Preven\u00e7\u00e3o da Dopagem na Escola Secund\u00e1ria Oliveira J\u00fanior"}]},{"@type":"WebSite","@id":"https:\/\/adop.pt\/#website","url":"https:\/\/adop.pt\/","name":"ADoP","description":"Autoridade Antidopagem de Portugal","publisher":{"@id":"https:\/\/adop.pt\/#organization"},"potentialAction":[{"@type":"SearchAction","target":{"@type":"EntryPoint","urlTemplate":"https:\/\/adop.pt\/?s={search_term_string}"},"query-input":{"@type":"PropertyValueSpecification","valueRequired":true,"valueName":"search_term_string"}}],"inLanguage":"en-GB"},{"@type":"Organization","@id":"https:\/\/adop.pt\/#organization","name":"ADoP","url":"https:\/\/adop.pt\/","logo":{"@type":"ImageObject","inLanguage":"en-GB","@id":"https:\/\/adop.pt\/#\/schema\/logo\/image\/","url":"https:\/\/adop.pt\/wp-content\/uploads\/2021\/11\/cropped-adop-logo-bg.jpg","contentUrl":"https:\/\/adop.pt\/wp-content\/uploads\/2021\/11\/cropped-adop-logo-bg.jpg","width":512,"height":512,"caption":"ADoP"},"image":{"@id":"https:\/\/adop.pt\/#\/schema\/logo\/image\/"},"sameAs":["https:\/\/www.facebook.com\/profile.php?id=61565720170060","https:\/\/www.instagram.com\/antidopagem\/"]},{"@type":"Person","@id":"https:\/\/adop.pt\/#\/schema\/person\/1611786b65fcf211f0faafbe0349b8ba","name":"ricardo-godinho","image":{"@type":"ImageObject","inLanguage":"en-GB","@id":"https:\/\/adop.pt\/#\/schema\/person\/image\/","url":"https:\/\/secure.gravatar.com\/avatar\/1791e2b4e34941471065f464b87f41e7260dab57659ad036e9524d173f1df156?s=96&d=mm&r=g","contentUrl":"https:\/\/secure.gravatar.com\/avatar\/1791e2b4e34941471065f464b87f41e7260dab57659ad036e9524d173f1df156?s=96&d=mm&r=g","caption":"ricardo-godinho"},"url":"https:\/\/adop.pt\/en\/author\/ricardo-godinho\/"}]}},"_links":{"self":[{"href":"https:\/\/adop.pt\/en\/wp-json\/wp\/v2\/posts\/19118","targetHints":{"allow":["GET"]}}],"collection":[{"href":"https:\/\/adop.pt\/en\/wp-json\/wp\/v2\/posts"}],"about":[{"href":"https:\/\/adop.pt\/en\/wp-json\/wp\/v2\/types\/post"}],"author":[{"embeddable":true,"href":"https:\/\/adop.pt\/en\/wp-json\/wp\/v2\/users\/10"}],"replies":[{"embeddable":true,"href":"https:\/\/adop.pt\/en\/wp-json\/wp\/v2\/comments?post=19118"}],"version-history":[{"count":1,"href":"https:\/\/adop.pt\/en\/wp-json\/wp\/v2\/posts\/19118\/revisions"}],"predecessor-version":[{"id":19123,"href":"https:\/\/adop.pt\/en\/wp-json\/wp\/v2\/posts\/19118\/revisions\/19123"}],"wp:featuredmedia":[{"embeddable":true,"href":"https:\/\/adop.pt\/en\/wp-json\/wp\/v2\/media\/19119"}],"wp:attachment":[{"href":"https:\/\/adop.pt\/en\/wp-json\/wp\/v2\/media?parent=19118"}],"wp:term":[{"taxonomy":"category","embeddable":true,"href":"https:\/\/adop.pt\/en\/wp-json\/wp\/v2\/categories?post=19118"},{"taxonomy":"post_tag","embeddable":true,"href":"https:\/\/adop.pt\/en\/wp-json\/wp\/v2\/tags?post=19118"}],"curies":[{"name":"wp","href":"https:\/\/api.w.org\/{rel}","templated":true}]}}