








{"id":19362,"date":"2026-01-13T11:55:13","date_gmt":"2026-01-13T11:55:13","guid":{"rendered":"https:\/\/adop.pt\/?p=19362"},"modified":"2026-01-13T11:55:13","modified_gmt":"2026-01-13T11:55:13","slug":"presenca-da-presidente-da-autoridade-antidopagem-de-portugal-na-tomada-de-posse-dos-orgaos-sociais-da-portugal-activo-2026-2027","status":"publish","type":"post","link":"https:\/\/adop.pt\/en\/presenca-da-presidente-da-autoridade-antidopagem-de-portugal-na-tomada-de-posse-dos-orgaos-sociais-da-portugal-activo-2026-2027\/","title":{"rendered":"Presen\u00e7a da Presidente da Autoridade Antidopagem de Portugal na Tomada de Posse dos \u00d3rg\u00e3os Sociais da Portugal Activo 2026-2027"},"content":{"rendered":"<p>No dia 12 de janeiro de 2026, a Autoridade Antidopagem de Portugal (ADoP) marcou presen\u00e7a na Tomada de Posse dos \u00d3rg\u00e3os Sociais da Portugal Activo para o bi\u00e9nio 2026-2027, atrav\u00e9s da sua Presidente, Doutora Maria Jo\u00e3o Melo Cascais.<\/p>\n<p>Esta participa\u00e7\u00e3o refor\u00e7a a import\u00e2ncia da coopera\u00e7\u00e3o entre as duas institui\u00e7\u00f5es, que partilham objetivos comuns na promo\u00e7\u00e3o da sa\u00fade, da integridade e da pr\u00e1tica desportiva respons\u00e1vel. O protocolo de coopera\u00e7\u00e3o existente entre a ADoP e a Portugal Activo continuar\u00e1 a ser uma base s\u00f3lida para o desenvolvimento de iniciativas conjuntas, nomeadamente na \u00e1rea da forma\u00e7\u00e3o, preven\u00e7\u00e3o e sensibiliza\u00e7\u00e3o para pr\u00e1ticas \u00e9ticas e saud\u00e1veis no desporto e fitness.<\/p>\n<p>A presen\u00e7a da Presidente da ADoP nesta cerim\u00f3nia simboliza o compromisso da Autoridade em trabalhar lado a lado com parceiros estrat\u00e9gicos para tornar Portugal mais ativo, saud\u00e1vel e livre de dopagem, contribuindo para um setor do fitness cada vez mais seguro e orientado para o bem-estar da popula\u00e7\u00e3o.<\/p>\n<p>Com este novo ciclo, renovamos a determina\u00e7\u00e3o de continuar a promover valores de transpar\u00eancia, responsabilidade e sa\u00fade, apoiando projetos que impactem positivamente atletas, profissionais e cidad\u00e3os.<\/p>\n<p>Juntos pelo Desporto!<\/p>\n<p>&nbsp;<\/p>\n<p><img loading=\"lazy\" decoding=\"async\" class=\"alignnone size-medium wp-image-19363\" src=\"https:\/\/adop.pt\/wp-content\/uploads\/2026\/01\/WhatsApp-Image-2026-01-12-at-16.21.28-225x300.jpeg\" alt=\"\" width=\"225\" height=\"300\" \/><\/p>","protected":false},"excerpt":{"rendered":"<p>No dia 12 de janeiro de 2026, a Autoridade Antidopagem de Portugal (ADoP) marcou presen\u00e7a na Tomada de Posse dos \u00d3rg\u00e3os Sociais da Portugal Activo para o bi\u00e9nio 2026-2027, atrav\u00e9s da sua Presidente, Doutora Maria Jo\u00e3o Melo Cascais. Esta participa\u00e7\u00e3o refor\u00e7a a import\u00e2ncia da coopera\u00e7\u00e3o entre as duas institui\u00e7\u00f5es, que partilham objetivos comuns na promo\u00e7\u00e3o [&hellip;]<\/p>","protected":false},"author":10,"featured_media":19363,"comment_status":"closed","ping_status":"closed","sticky":false,"template":"","format":"standard","meta":{"_et_pb_use_builder":"","_et_pb_old_content":"","_et_gb_content_width":"","inline_featured_image":false,"footnotes":""},"categories":[1],"tags":[],"class_list":["post-19362","post","type-post","status-publish","format-standard","has-post-thumbnail","hentry","category-sem-categoria"],"acf":[],"yoast_head":"<!-- This site is optimized with the Yoast SEO plugin v25.4 - https:\/\/yoast.com\/wordpress\/plugins\/seo\/ -->\n<title>Presen\u00e7a da Presidente da Autoridade Antidopagem de Portugal na Tomada de Posse dos \u00d3rg\u00e3os Sociais da Portugal Activo 2026-2027 - ADoP<\/title>\n<meta name=\"robots\" content=\"index, follow, max-snippet:-1, max-image-preview:large, max-video-preview:-1\" \/>\n<link rel=\"canonical\" href=\"https:\/\/adop.pt\/en\/presenca-da-presidente-da-autoridade-antidopagem-de-portugal-na-tomada-de-posse-dos-orgaos-sociais-da-portugal-activo-2026-2027\/\" \/>\n<meta property=\"og:locale\" content=\"en_GB\" \/>\n<meta property=\"og:type\" content=\"article\" \/>\n<meta property=\"og:title\" content=\"Presen\u00e7a da Presidente da Autoridade Antidopagem de Portugal na Tomada de Posse dos \u00d3rg\u00e3os Sociais da Portugal Activo 2026-2027 - ADoP\" \/>\n<meta property=\"og:description\" content=\"No dia 12 de janeiro de 2026, a Autoridade Antidopagem de Portugal (ADoP) marcou presen\u00e7a na Tomada de Posse dos \u00d3rg\u00e3os Sociais da Portugal Activo para o bi\u00e9nio 2026-2027, atrav\u00e9s da sua Presidente, Doutora Maria Jo\u00e3o Melo Cascais. Esta participa\u00e7\u00e3o refor\u00e7a a import\u00e2ncia da coopera\u00e7\u00e3o entre as duas institui\u00e7\u00f5es, que partilham objetivos comuns na promo\u00e7\u00e3o [&hellip;]\" \/>\n<meta property=\"og:url\" content=\"https:\/\/adop.pt\/en\/presenca-da-presidente-da-autoridade-antidopagem-de-portugal-na-tomada-de-posse-dos-orgaos-sociais-da-portugal-activo-2026-2027\/\" \/>\n<meta property=\"og:site_name\" content=\"ADoP\" \/>\n<meta property=\"article:publisher\" content=\"https:\/\/www.facebook.com\/profile.php?id=61565720170060\" \/>\n<meta property=\"article:published_time\" content=\"2026-01-13T11:55:13+00:00\" \/>\n<meta property=\"og:image\" content=\"https:\/\/adop.pt\/wp-content\/uploads\/2026\/01\/WhatsApp-Image-2026-01-12-at-16.21.28.jpeg\" \/>\n\t<meta property=\"og:image:width\" content=\"1200\" \/>\n\t<meta property=\"og:image:height\" content=\"1600\" \/>\n\t<meta property=\"og:image:type\" content=\"image\/jpeg\" \/>\n<meta name=\"author\" content=\"ricardo-godinho\" \/>\n<meta name=\"twitter:card\" content=\"summary_large_image\" \/>\n<meta name=\"twitter:label1\" content=\"Written by\" \/>\n\t<meta name=\"twitter:data1\" content=\"ricardo-godinho\" \/>\n\t<meta name=\"twitter:label2\" content=\"Estimated reading time\" \/>\n\t<meta name=\"twitter:data2\" content=\"2 minutes\" \/>\n<script type=\"application\/ld+json\" class=\"yoast-schema-graph\">{\"@context\":\"https:\/\/schema.org\",\"@graph\":[{\"@type\":\"Article\",\"@id\":\"https:\/\/adop.pt\/presenca-da-presidente-da-autoridade-antidopagem-de-portugal-na-tomada-de-posse-dos-orgaos-sociais-da-portugal-activo-2026-2027\/#article\",\"isPartOf\":{\"@id\":\"https:\/\/adop.pt\/presenca-da-presidente-da-autoridade-antidopagem-de-portugal-na-tomada-de-posse-dos-orgaos-sociais-da-portugal-activo-2026-2027\/\"},\"author\":{\"name\":\"ricardo-godinho\",\"@id\":\"https:\/\/adop.pt\/#\/schema\/person\/1611786b65fcf211f0faafbe0349b8ba\"},\"headline\":\"Presen\u00e7a da Presidente da Autoridade Antidopagem de Portugal na Tomada de Posse dos \u00d3rg\u00e3os Sociais da Portugal Activo 2026-2027\",\"datePublished\":\"2026-01-13T11:55:13+00:00\",\"mainEntityOfPage\":{\"@id\":\"https:\/\/adop.pt\/presenca-da-presidente-da-autoridade-antidopagem-de-portugal-na-tomada-de-posse-dos-orgaos-sociais-da-portugal-activo-2026-2027\/\"},\"wordCount\":232,\"publisher\":{\"@id\":\"https:\/\/adop.pt\/#organization\"},\"image\":{\"@id\":\"https:\/\/adop.pt\/presenca-da-presidente-da-autoridade-antidopagem-de-portugal-na-tomada-de-posse-dos-orgaos-sociais-da-portugal-activo-2026-2027\/#primaryimage\"},\"thumbnailUrl\":\"https:\/\/adop.pt\/wp-content\/uploads\/2026\/01\/WhatsApp-Image-2026-01-12-at-16.21.28.jpeg\",\"articleSection\":[\"Sem categoria\"],\"inLanguage\":\"en-GB\"},{\"@type\":\"WebPage\",\"@id\":\"https:\/\/adop.pt\/presenca-da-presidente-da-autoridade-antidopagem-de-portugal-na-tomada-de-posse-dos-orgaos-sociais-da-portugal-activo-2026-2027\/\",\"url\":\"https:\/\/adop.pt\/presenca-da-presidente-da-autoridade-antidopagem-de-portugal-na-tomada-de-posse-dos-orgaos-sociais-da-portugal-activo-2026-2027\/\",\"name\":\"Presen\u00e7a da Presidente da Autoridade Antidopagem de Portugal na Tomada de Posse dos \u00d3rg\u00e3os Sociais da Portugal Activo 2026-2027 - ADoP\",\"isPartOf\":{\"@id\":\"https:\/\/adop.pt\/#website\"},\"primaryImageOfPage\":{\"@id\":\"https:\/\/adop.pt\/presenca-da-presidente-da-autoridade-antidopagem-de-portugal-na-tomada-de-posse-dos-orgaos-sociais-da-portugal-activo-2026-2027\/#primaryimage\"},\"image\":{\"@id\":\"https:\/\/adop.pt\/presenca-da-presidente-da-autoridade-antidopagem-de-portugal-na-tomada-de-posse-dos-orgaos-sociais-da-portugal-activo-2026-2027\/#primaryimage\"},\"thumbnailUrl\":\"https:\/\/adop.pt\/wp-content\/uploads\/2026\/01\/WhatsApp-Image-2026-01-12-at-16.21.28.jpeg\",\"datePublished\":\"2026-01-13T11:55:13+00:00\",\"breadcrumb\":{\"@id\":\"https:\/\/adop.pt\/presenca-da-presidente-da-autoridade-antidopagem-de-portugal-na-tomada-de-posse-dos-orgaos-sociais-da-portugal-activo-2026-2027\/#breadcrumb\"},\"inLanguage\":\"en-GB\",\"potentialAction\":[{\"@type\":\"ReadAction\",\"target\":[\"https:\/\/adop.pt\/presenca-da-presidente-da-autoridade-antidopagem-de-portugal-na-tomada-de-posse-dos-orgaos-sociais-da-portugal-activo-2026-2027\/\"]}]},{\"@type\":\"ImageObject\",\"inLanguage\":\"en-GB\",\"@id\":\"https:\/\/adop.pt\/presenca-da-presidente-da-autoridade-antidopagem-de-portugal-na-tomada-de-posse-dos-orgaos-sociais-da-portugal-activo-2026-2027\/#primaryimage\",\"url\":\"https:\/\/adop.pt\/wp-content\/uploads\/2026\/01\/WhatsApp-Image-2026-01-12-at-16.21.28.jpeg\",\"contentUrl\":\"https:\/\/adop.pt\/wp-content\/uploads\/2026\/01\/WhatsApp-Image-2026-01-12-at-16.21.28.jpeg\",\"width\":1200,\"height\":1600},{\"@type\":\"BreadcrumbList\",\"@id\":\"https:\/\/adop.pt\/presenca-da-presidente-da-autoridade-antidopagem-de-portugal-na-tomada-de-posse-dos-orgaos-sociais-da-portugal-activo-2026-2027\/#breadcrumb\",\"itemListElement\":[{\"@type\":\"ListItem\",\"position\":1,\"name\":\"In\u00edcio\",\"item\":\"https:\/\/adop.pt\/\"},{\"@type\":\"ListItem\",\"position\":2,\"name\":\"Presen\u00e7a da Presidente da Autoridade Antidopagem de Portugal na Tomada de Posse dos \u00d3rg\u00e3os Sociais da Portugal Activo 2026-2027\"}]},{\"@type\":\"WebSite\",\"@id\":\"https:\/\/adop.pt\/#website\",\"url\":\"https:\/\/adop.pt\/\",\"name\":\"ADoP\",\"description\":\"Autoridade Antidopagem de Portugal\",\"publisher\":{\"@id\":\"https:\/\/adop.pt\/#organization\"},\"potentialAction\":[{\"@type\":\"SearchAction\",\"target\":{\"@type\":\"EntryPoint\",\"urlTemplate\":\"https:\/\/adop.pt\/?s={search_term_string}\"},\"query-input\":{\"@type\":\"PropertyValueSpecification\",\"valueRequired\":true,\"valueName\":\"search_term_string\"}}],\"inLanguage\":\"en-GB\"},{\"@type\":\"Organization\",\"@id\":\"https:\/\/adop.pt\/#organization\",\"name\":\"ADoP\",\"url\":\"https:\/\/adop.pt\/\",\"logo\":{\"@type\":\"ImageObject\",\"inLanguage\":\"en-GB\",\"@id\":\"https:\/\/adop.pt\/#\/schema\/logo\/image\/\",\"url\":\"https:\/\/adop.pt\/wp-content\/uploads\/2021\/11\/cropped-adop-logo-bg.jpg\",\"contentUrl\":\"https:\/\/adop.pt\/wp-content\/uploads\/2021\/11\/cropped-adop-logo-bg.jpg\",\"width\":512,\"height\":512,\"caption\":\"ADoP\"},\"image\":{\"@id\":\"https:\/\/adop.pt\/#\/schema\/logo\/image\/\"},\"sameAs\":[\"https:\/\/www.facebook.com\/profile.php?id=61565720170060\",\"https:\/\/www.instagram.com\/antidopagem\/\"]},{\"@type\":\"Person\",\"@id\":\"https:\/\/adop.pt\/#\/schema\/person\/1611786b65fcf211f0faafbe0349b8ba\",\"name\":\"ricardo-godinho\",\"image\":{\"@type\":\"ImageObject\",\"inLanguage\":\"en-GB\",\"@id\":\"https:\/\/adop.pt\/#\/schema\/person\/image\/\",\"url\":\"https:\/\/secure.gravatar.com\/avatar\/1791e2b4e34941471065f464b87f41e7260dab57659ad036e9524d173f1df156?s=96&d=mm&r=g\",\"contentUrl\":\"https:\/\/secure.gravatar.com\/avatar\/1791e2b4e34941471065f464b87f41e7260dab57659ad036e9524d173f1df156?s=96&d=mm&r=g\",\"caption\":\"ricardo-godinho\"},\"url\":\"https:\/\/adop.pt\/en\/author\/ricardo-godinho\/\"}]}<\/script>\n<!-- \/ Yoast SEO plugin. -->","yoast_head_json":{"title":"Presen\u00e7a da Presidente da Autoridade Antidopagem de Portugal na Tomada de Posse dos \u00d3rg\u00e3os Sociais da Portugal Activo 2026-2027 - ADoP","robots":{"index":"index","follow":"follow","max-snippet":"max-snippet:-1","max-image-preview":"max-image-preview:large","max-video-preview":"max-video-preview:-1"},"canonical":"https:\/\/adop.pt\/en\/presenca-da-presidente-da-autoridade-antidopagem-de-portugal-na-tomada-de-posse-dos-orgaos-sociais-da-portugal-activo-2026-2027\/","og_locale":"en_GB","og_type":"article","og_title":"Presen\u00e7a da Presidente da Autoridade Antidopagem de Portugal na Tomada de Posse dos \u00d3rg\u00e3os Sociais da Portugal Activo 2026-2027 - ADoP","og_description":"No dia 12 de janeiro de 2026, a Autoridade Antidopagem de Portugal (ADoP) marcou presen\u00e7a na Tomada de Posse dos \u00d3rg\u00e3os Sociais da Portugal Activo para o bi\u00e9nio 2026-2027, atrav\u00e9s da sua Presidente, Doutora Maria Jo\u00e3o Melo Cascais. Esta participa\u00e7\u00e3o refor\u00e7a a import\u00e2ncia da coopera\u00e7\u00e3o entre as duas institui\u00e7\u00f5es, que partilham objetivos comuns na promo\u00e7\u00e3o [&hellip;]","og_url":"https:\/\/adop.pt\/en\/presenca-da-presidente-da-autoridade-antidopagem-de-portugal-na-tomada-de-posse-dos-orgaos-sociais-da-portugal-activo-2026-2027\/","og_site_name":"ADoP","article_publisher":"https:\/\/www.facebook.com\/profile.php?id=61565720170060","article_published_time":"2026-01-13T11:55:13+00:00","og_image":[{"width":1200,"height":1600,"url":"https:\/\/adop.pt\/wp-content\/uploads\/2026\/01\/WhatsApp-Image-2026-01-12-at-16.21.28.jpeg","type":"image\/jpeg"}],"author":"ricardo-godinho","twitter_card":"summary_large_image","twitter_misc":{"Written by":"ricardo-godinho","Estimated reading time":"2 minutes"},"schema":{"@context":"https:\/\/schema.org","@graph":[{"@type":"Article","@id":"https:\/\/adop.pt\/presenca-da-presidente-da-autoridade-antidopagem-de-portugal-na-tomada-de-posse-dos-orgaos-sociais-da-portugal-activo-2026-2027\/#article","isPartOf":{"@id":"https:\/\/adop.pt\/presenca-da-presidente-da-autoridade-antidopagem-de-portugal-na-tomada-de-posse-dos-orgaos-sociais-da-portugal-activo-2026-2027\/"},"author":{"name":"ricardo-godinho","@id":"https:\/\/adop.pt\/#\/schema\/person\/1611786b65fcf211f0faafbe0349b8ba"},"headline":"Presen\u00e7a da Presidente da Autoridade Antidopagem de Portugal na Tomada de Posse dos \u00d3rg\u00e3os Sociais da Portugal Activo 2026-2027","datePublished":"2026-01-13T11:55:13+00:00","mainEntityOfPage":{"@id":"https:\/\/adop.pt\/presenca-da-presidente-da-autoridade-antidopagem-de-portugal-na-tomada-de-posse-dos-orgaos-sociais-da-portugal-activo-2026-2027\/"},"wordCount":232,"publisher":{"@id":"https:\/\/adop.pt\/#organization"},"image":{"@id":"https:\/\/adop.pt\/presenca-da-presidente-da-autoridade-antidopagem-de-portugal-na-tomada-de-posse-dos-orgaos-sociais-da-portugal-activo-2026-2027\/#primaryimage"},"thumbnailUrl":"https:\/\/adop.pt\/wp-content\/uploads\/2026\/01\/WhatsApp-Image-2026-01-12-at-16.21.28.jpeg","articleSection":["Sem categoria"],"inLanguage":"en-GB"},{"@type":"WebPage","@id":"https:\/\/adop.pt\/presenca-da-presidente-da-autoridade-antidopagem-de-portugal-na-tomada-de-posse-dos-orgaos-sociais-da-portugal-activo-2026-2027\/","url":"https:\/\/adop.pt\/presenca-da-presidente-da-autoridade-antidopagem-de-portugal-na-tomada-de-posse-dos-orgaos-sociais-da-portugal-activo-2026-2027\/","name":"Presen\u00e7a da Presidente da Autoridade Antidopagem de Portugal na Tomada de Posse dos \u00d3rg\u00e3os Sociais da Portugal Activo 2026-2027 - ADoP","isPartOf":{"@id":"https:\/\/adop.pt\/#website"},"primaryImageOfPage":{"@id":"https:\/\/adop.pt\/presenca-da-presidente-da-autoridade-antidopagem-de-portugal-na-tomada-de-posse-dos-orgaos-sociais-da-portugal-activo-2026-2027\/#primaryimage"},"image":{"@id":"https:\/\/adop.pt\/presenca-da-presidente-da-autoridade-antidopagem-de-portugal-na-tomada-de-posse-dos-orgaos-sociais-da-portugal-activo-2026-2027\/#primaryimage"},"thumbnailUrl":"https:\/\/adop.pt\/wp-content\/uploads\/2026\/01\/WhatsApp-Image-2026-01-12-at-16.21.28.jpeg","datePublished":"2026-01-13T11:55:13+00:00","breadcrumb":{"@id":"https:\/\/adop.pt\/presenca-da-presidente-da-autoridade-antidopagem-de-portugal-na-tomada-de-posse-dos-orgaos-sociais-da-portugal-activo-2026-2027\/#breadcrumb"},"inLanguage":"en-GB","potentialAction":[{"@type":"ReadAction","target":["https:\/\/adop.pt\/presenca-da-presidente-da-autoridade-antidopagem-de-portugal-na-tomada-de-posse-dos-orgaos-sociais-da-portugal-activo-2026-2027\/"]}]},{"@type":"ImageObject","inLanguage":"en-GB","@id":"https:\/\/adop.pt\/presenca-da-presidente-da-autoridade-antidopagem-de-portugal-na-tomada-de-posse-dos-orgaos-sociais-da-portugal-activo-2026-2027\/#primaryimage","url":"https:\/\/adop.pt\/wp-content\/uploads\/2026\/01\/WhatsApp-Image-2026-01-12-at-16.21.28.jpeg","contentUrl":"https:\/\/adop.pt\/wp-content\/uploads\/2026\/01\/WhatsApp-Image-2026-01-12-at-16.21.28.jpeg","width":1200,"height":1600},{"@type":"BreadcrumbList","@id":"https:\/\/adop.pt\/presenca-da-presidente-da-autoridade-antidopagem-de-portugal-na-tomada-de-posse-dos-orgaos-sociais-da-portugal-activo-2026-2027\/#breadcrumb","itemListElement":[{"@type":"ListItem","position":1,"name":"In\u00edcio","item":"https:\/\/adop.pt\/"},{"@type":"ListItem","position":2,"name":"Presen\u00e7a da Presidente da Autoridade Antidopagem de Portugal na Tomada de Posse dos \u00d3rg\u00e3os Sociais da Portugal Activo 2026-2027"}]},{"@type":"WebSite","@id":"https:\/\/adop.pt\/#website","url":"https:\/\/adop.pt\/","name":"ADoP","description":"Autoridade Antidopagem de Portugal","publisher":{"@id":"https:\/\/adop.pt\/#organization"},"potentialAction":[{"@type":"SearchAction","target":{"@type":"EntryPoint","urlTemplate":"https:\/\/adop.pt\/?s={search_term_string}"},"query-input":{"@type":"PropertyValueSpecification","valueRequired":true,"valueName":"search_term_string"}}],"inLanguage":"en-GB"},{"@type":"Organization","@id":"https:\/\/adop.pt\/#organization","name":"ADoP","url":"https:\/\/adop.pt\/","logo":{"@type":"ImageObject","inLanguage":"en-GB","@id":"https:\/\/adop.pt\/#\/schema\/logo\/image\/","url":"https:\/\/adop.pt\/wp-content\/uploads\/2021\/11\/cropped-adop-logo-bg.jpg","contentUrl":"https:\/\/adop.pt\/wp-content\/uploads\/2021\/11\/cropped-adop-logo-bg.jpg","width":512,"height":512,"caption":"ADoP"},"image":{"@id":"https:\/\/adop.pt\/#\/schema\/logo\/image\/"},"sameAs":["https:\/\/www.facebook.com\/profile.php?id=61565720170060","https:\/\/www.instagram.com\/antidopagem\/"]},{"@type":"Person","@id":"https:\/\/adop.pt\/#\/schema\/person\/1611786b65fcf211f0faafbe0349b8ba","name":"ricardo-godinho","image":{"@type":"ImageObject","inLanguage":"en-GB","@id":"https:\/\/adop.pt\/#\/schema\/person\/image\/","url":"https:\/\/secure.gravatar.com\/avatar\/1791e2b4e34941471065f464b87f41e7260dab57659ad036e9524d173f1df156?s=96&d=mm&r=g","contentUrl":"https:\/\/secure.gravatar.com\/avatar\/1791e2b4e34941471065f464b87f41e7260dab57659ad036e9524d173f1df156?s=96&d=mm&r=g","caption":"ricardo-godinho"},"url":"https:\/\/adop.pt\/en\/author\/ricardo-godinho\/"}]}},"_links":{"self":[{"href":"https:\/\/adop.pt\/en\/wp-json\/wp\/v2\/posts\/19362","targetHints":{"allow":["GET"]}}],"collection":[{"href":"https:\/\/adop.pt\/en\/wp-json\/wp\/v2\/posts"}],"about":[{"href":"https:\/\/adop.pt\/en\/wp-json\/wp\/v2\/types\/post"}],"author":[{"embeddable":true,"href":"https:\/\/adop.pt\/en\/wp-json\/wp\/v2\/users\/10"}],"replies":[{"embeddable":true,"href":"https:\/\/adop.pt\/en\/wp-json\/wp\/v2\/comments?post=19362"}],"version-history":[{"count":1,"href":"https:\/\/adop.pt\/en\/wp-json\/wp\/v2\/posts\/19362\/revisions"}],"predecessor-version":[{"id":19364,"href":"https:\/\/adop.pt\/en\/wp-json\/wp\/v2\/posts\/19362\/revisions\/19364"}],"wp:featuredmedia":[{"embeddable":true,"href":"https:\/\/adop.pt\/en\/wp-json\/wp\/v2\/media\/19363"}],"wp:attachment":[{"href":"https:\/\/adop.pt\/en\/wp-json\/wp\/v2\/media?parent=19362"}],"wp:term":[{"taxonomy":"category","embeddable":true,"href":"https:\/\/adop.pt\/en\/wp-json\/wp\/v2\/categories?post=19362"},{"taxonomy":"post_tag","embeddable":true,"href":"https:\/\/adop.pt\/en\/wp-json\/wp\/v2\/tags?post=19362"}],"curies":[{"name":"wp","href":"https:\/\/api.w.org\/{rel}","templated":true}]}}