








{"id":19392,"date":"2026-01-21T12:58:13","date_gmt":"2026-01-21T12:58:13","guid":{"rendered":"https:\/\/adop.pt\/?p=19392"},"modified":"2026-01-21T12:58:13","modified_gmt":"2026-01-21T12:58:13","slug":"presidente-da-adop-presente-no-kick-off-do-plano-nacional-de-desenvolvimento-desportivo","status":"publish","type":"post","link":"https:\/\/adop.pt\/en\/presidente-da-adop-presente-no-kick-off-do-plano-nacional-de-desenvolvimento-desportivo\/","title":{"rendered":"Presidente da ADoP presente no Kick\u2011off do Plano Nacional de Desenvolvimento Desportivo"},"content":{"rendered":"<p>A Presidente da Autoridade Antidopagem de Portugal (ADoP), Doutora Maria Jo\u00e3o Melo Cascais, marcou presen\u00e7a no Kick\u2011off do Plano Nacional de Desenvolvimento Desportivo (PNDD), que teve lugar ontem no Batalha Centro de Cinema, no Porto. O evento assinalou o arranque formal de uma estrat\u00e9gia nacional de longo prazo que pretende transformar o futuro do desporto em Portugal.<\/p>\n<p>A sess\u00e3o contou com a participa\u00e7\u00e3o de diversas entidades p\u00fablicas e representantes do setor desportivo, evidenciando o compromisso conjunto na promo\u00e7\u00e3o de um desporto mais forte, mais inclusivo e mais justo em todo o territ\u00f3rio.<\/p>\n<p>A presen\u00e7a da Presidente da ADoP refor\u00e7ou a import\u00e2ncia de integrar a preven\u00e7\u00e3o da dopagem, a integridade desportiva e a educa\u00e7\u00e3o \u00e9tica como pilares essenciais desta nova vis\u00e3o estrat\u00e9gica.<\/p>\n<p>A presen\u00e7a da ADoP neste momento estrat\u00e9gico simboliza a integra\u00e7\u00e3o plena da \u00e9tica, seguran\u00e7a e responsabilidade nas pol\u00edticas desportivas nacionais, assegurando que o crescimento do setor caminha lado a lado com a prote\u00e7\u00e3o da verdade desportiva e a promo\u00e7\u00e3o de uma cultura de desporto limpo.<\/p>\n<p>O PNDD, agora oficialmente iniciado, pretende consolidar uma transforma\u00e7\u00e3o abrangente para os pr\u00f3ximos anos: um desporto mais pr\u00f3ximo das pessoas, mais igualit\u00e1rio e sustentado por conhecimento, construindo uma base s\u00f3lida para as novas gera\u00e7\u00f5es de atletas, treinadores e comunidades desportivas.<\/p>\n<p>Juntos pelo Desporto!!<\/p>","protected":false},"excerpt":{"rendered":"<p>A Presidente da Autoridade Antidopagem de Portugal (ADoP), Doutora Maria Jo\u00e3o Melo Cascais, marcou presen\u00e7a no Kick\u2011off do Plano Nacional de Desenvolvimento Desportivo (PNDD), que teve lugar ontem no Batalha Centro de Cinema, no Porto. O evento assinalou o arranque formal de uma estrat\u00e9gia nacional de longo prazo que pretende transformar o futuro do desporto [&hellip;]<\/p>","protected":false},"author":10,"featured_media":0,"comment_status":"closed","ping_status":"closed","sticky":false,"template":"","format":"standard","meta":{"_et_pb_use_builder":"","_et_pb_old_content":"","_et_gb_content_width":"","inline_featured_image":false,"footnotes":""},"categories":[1],"tags":[],"class_list":["post-19392","post","type-post","status-publish","format-standard","hentry","category-sem-categoria"],"acf":[],"yoast_head":"<!-- This site is optimized with the Yoast SEO plugin v25.4 - https:\/\/yoast.com\/wordpress\/plugins\/seo\/ -->\n<title>Presidente da ADoP presente no Kick\u2011off do Plano Nacional de Desenvolvimento Desportivo - ADoP<\/title>\n<meta name=\"robots\" content=\"index, follow, max-snippet:-1, max-image-preview:large, max-video-preview:-1\" \/>\n<link rel=\"canonical\" href=\"https:\/\/adop.pt\/en\/presidente-da-adop-presente-no-kick-off-do-plano-nacional-de-desenvolvimento-desportivo\/\" \/>\n<meta property=\"og:locale\" content=\"en_GB\" \/>\n<meta property=\"og:type\" content=\"article\" \/>\n<meta property=\"og:title\" content=\"Presidente da ADoP presente no Kick\u2011off do Plano Nacional de Desenvolvimento Desportivo - ADoP\" \/>\n<meta property=\"og:description\" content=\"A Presidente da Autoridade Antidopagem de Portugal (ADoP), Doutora Maria Jo\u00e3o Melo Cascais, marcou presen\u00e7a no Kick\u2011off do Plano Nacional de Desenvolvimento Desportivo (PNDD), que teve lugar ontem no Batalha Centro de Cinema, no Porto. O evento assinalou o arranque formal de uma estrat\u00e9gia nacional de longo prazo que pretende transformar o futuro do desporto [&hellip;]\" \/>\n<meta property=\"og:url\" content=\"https:\/\/adop.pt\/en\/presidente-da-adop-presente-no-kick-off-do-plano-nacional-de-desenvolvimento-desportivo\/\" \/>\n<meta property=\"og:site_name\" content=\"ADoP\" \/>\n<meta property=\"article:publisher\" content=\"https:\/\/www.facebook.com\/profile.php?id=61565720170060\" \/>\n<meta property=\"article:published_time\" content=\"2026-01-21T12:58:13+00:00\" \/>\n<meta name=\"author\" content=\"ricardo-godinho\" \/>\n<meta name=\"twitter:card\" content=\"summary_large_image\" \/>\n<meta name=\"twitter:label1\" content=\"Written by\" \/>\n\t<meta name=\"twitter:data1\" content=\"ricardo-godinho\" \/>\n\t<meta name=\"twitter:label2\" content=\"Estimated reading time\" \/>\n\t<meta name=\"twitter:data2\" content=\"2 minutes\" \/>\n<script type=\"application\/ld+json\" class=\"yoast-schema-graph\">{\"@context\":\"https:\/\/schema.org\",\"@graph\":[{\"@type\":\"Article\",\"@id\":\"https:\/\/adop.pt\/presidente-da-adop-presente-no-kick-off-do-plano-nacional-de-desenvolvimento-desportivo\/#article\",\"isPartOf\":{\"@id\":\"https:\/\/adop.pt\/presidente-da-adop-presente-no-kick-off-do-plano-nacional-de-desenvolvimento-desportivo\/\"},\"author\":{\"name\":\"ricardo-godinho\",\"@id\":\"https:\/\/adop.pt\/#\/schema\/person\/1611786b65fcf211f0faafbe0349b8ba\"},\"headline\":\"Presidente da ADoP presente no Kick\u2011off do Plano Nacional de Desenvolvimento Desportivo\",\"datePublished\":\"2026-01-21T12:58:13+00:00\",\"mainEntityOfPage\":{\"@id\":\"https:\/\/adop.pt\/presidente-da-adop-presente-no-kick-off-do-plano-nacional-de-desenvolvimento-desportivo\/\"},\"wordCount\":251,\"publisher\":{\"@id\":\"https:\/\/adop.pt\/#organization\"},\"articleSection\":[\"Sem categoria\"],\"inLanguage\":\"en-GB\"},{\"@type\":\"WebPage\",\"@id\":\"https:\/\/adop.pt\/presidente-da-adop-presente-no-kick-off-do-plano-nacional-de-desenvolvimento-desportivo\/\",\"url\":\"https:\/\/adop.pt\/presidente-da-adop-presente-no-kick-off-do-plano-nacional-de-desenvolvimento-desportivo\/\",\"name\":\"Presidente da ADoP presente no Kick\u2011off do Plano Nacional de Desenvolvimento Desportivo - ADoP\",\"isPartOf\":{\"@id\":\"https:\/\/adop.pt\/#website\"},\"datePublished\":\"2026-01-21T12:58:13+00:00\",\"breadcrumb\":{\"@id\":\"https:\/\/adop.pt\/presidente-da-adop-presente-no-kick-off-do-plano-nacional-de-desenvolvimento-desportivo\/#breadcrumb\"},\"inLanguage\":\"en-GB\",\"potentialAction\":[{\"@type\":\"ReadAction\",\"target\":[\"https:\/\/adop.pt\/presidente-da-adop-presente-no-kick-off-do-plano-nacional-de-desenvolvimento-desportivo\/\"]}]},{\"@type\":\"BreadcrumbList\",\"@id\":\"https:\/\/adop.pt\/presidente-da-adop-presente-no-kick-off-do-plano-nacional-de-desenvolvimento-desportivo\/#breadcrumb\",\"itemListElement\":[{\"@type\":\"ListItem\",\"position\":1,\"name\":\"In\u00edcio\",\"item\":\"https:\/\/adop.pt\/\"},{\"@type\":\"ListItem\",\"position\":2,\"name\":\"Presidente da ADoP presente no Kick\u2011off do Plano Nacional de Desenvolvimento Desportivo\"}]},{\"@type\":\"WebSite\",\"@id\":\"https:\/\/adop.pt\/#website\",\"url\":\"https:\/\/adop.pt\/\",\"name\":\"ADoP\",\"description\":\"Autoridade Antidopagem de Portugal\",\"publisher\":{\"@id\":\"https:\/\/adop.pt\/#organization\"},\"potentialAction\":[{\"@type\":\"SearchAction\",\"target\":{\"@type\":\"EntryPoint\",\"urlTemplate\":\"https:\/\/adop.pt\/?s={search_term_string}\"},\"query-input\":{\"@type\":\"PropertyValueSpecification\",\"valueRequired\":true,\"valueName\":\"search_term_string\"}}],\"inLanguage\":\"en-GB\"},{\"@type\":\"Organization\",\"@id\":\"https:\/\/adop.pt\/#organization\",\"name\":\"ADoP\",\"url\":\"https:\/\/adop.pt\/\",\"logo\":{\"@type\":\"ImageObject\",\"inLanguage\":\"en-GB\",\"@id\":\"https:\/\/adop.pt\/#\/schema\/logo\/image\/\",\"url\":\"https:\/\/adop.pt\/wp-content\/uploads\/2021\/11\/cropped-adop-logo-bg.jpg\",\"contentUrl\":\"https:\/\/adop.pt\/wp-content\/uploads\/2021\/11\/cropped-adop-logo-bg.jpg\",\"width\":512,\"height\":512,\"caption\":\"ADoP\"},\"image\":{\"@id\":\"https:\/\/adop.pt\/#\/schema\/logo\/image\/\"},\"sameAs\":[\"https:\/\/www.facebook.com\/profile.php?id=61565720170060\",\"https:\/\/www.instagram.com\/antidopagem\/\"]},{\"@type\":\"Person\",\"@id\":\"https:\/\/adop.pt\/#\/schema\/person\/1611786b65fcf211f0faafbe0349b8ba\",\"name\":\"ricardo-godinho\",\"image\":{\"@type\":\"ImageObject\",\"inLanguage\":\"en-GB\",\"@id\":\"https:\/\/adop.pt\/#\/schema\/person\/image\/\",\"url\":\"https:\/\/secure.gravatar.com\/avatar\/1791e2b4e34941471065f464b87f41e7260dab57659ad036e9524d173f1df156?s=96&d=mm&r=g\",\"contentUrl\":\"https:\/\/secure.gravatar.com\/avatar\/1791e2b4e34941471065f464b87f41e7260dab57659ad036e9524d173f1df156?s=96&d=mm&r=g\",\"caption\":\"ricardo-godinho\"},\"url\":\"https:\/\/adop.pt\/en\/author\/ricardo-godinho\/\"}]}<\/script>\n<!-- \/ Yoast SEO plugin. -->","yoast_head_json":{"title":"Presidente da ADoP presente no Kick\u2011off do Plano Nacional de Desenvolvimento Desportivo - ADoP","robots":{"index":"index","follow":"follow","max-snippet":"max-snippet:-1","max-image-preview":"max-image-preview:large","max-video-preview":"max-video-preview:-1"},"canonical":"https:\/\/adop.pt\/en\/presidente-da-adop-presente-no-kick-off-do-plano-nacional-de-desenvolvimento-desportivo\/","og_locale":"en_GB","og_type":"article","og_title":"Presidente da ADoP presente no Kick\u2011off do Plano Nacional de Desenvolvimento Desportivo - ADoP","og_description":"A Presidente da Autoridade Antidopagem de Portugal (ADoP), Doutora Maria Jo\u00e3o Melo Cascais, marcou presen\u00e7a no Kick\u2011off do Plano Nacional de Desenvolvimento Desportivo (PNDD), que teve lugar ontem no Batalha Centro de Cinema, no Porto. O evento assinalou o arranque formal de uma estrat\u00e9gia nacional de longo prazo que pretende transformar o futuro do desporto [&hellip;]","og_url":"https:\/\/adop.pt\/en\/presidente-da-adop-presente-no-kick-off-do-plano-nacional-de-desenvolvimento-desportivo\/","og_site_name":"ADoP","article_publisher":"https:\/\/www.facebook.com\/profile.php?id=61565720170060","article_published_time":"2026-01-21T12:58:13+00:00","author":"ricardo-godinho","twitter_card":"summary_large_image","twitter_misc":{"Written by":"ricardo-godinho","Estimated reading time":"2 minutes"},"schema":{"@context":"https:\/\/schema.org","@graph":[{"@type":"Article","@id":"https:\/\/adop.pt\/presidente-da-adop-presente-no-kick-off-do-plano-nacional-de-desenvolvimento-desportivo\/#article","isPartOf":{"@id":"https:\/\/adop.pt\/presidente-da-adop-presente-no-kick-off-do-plano-nacional-de-desenvolvimento-desportivo\/"},"author":{"name":"ricardo-godinho","@id":"https:\/\/adop.pt\/#\/schema\/person\/1611786b65fcf211f0faafbe0349b8ba"},"headline":"Presidente da ADoP presente no Kick\u2011off do Plano Nacional de Desenvolvimento Desportivo","datePublished":"2026-01-21T12:58:13+00:00","mainEntityOfPage":{"@id":"https:\/\/adop.pt\/presidente-da-adop-presente-no-kick-off-do-plano-nacional-de-desenvolvimento-desportivo\/"},"wordCount":251,"publisher":{"@id":"https:\/\/adop.pt\/#organization"},"articleSection":["Sem categoria"],"inLanguage":"en-GB"},{"@type":"WebPage","@id":"https:\/\/adop.pt\/presidente-da-adop-presente-no-kick-off-do-plano-nacional-de-desenvolvimento-desportivo\/","url":"https:\/\/adop.pt\/presidente-da-adop-presente-no-kick-off-do-plano-nacional-de-desenvolvimento-desportivo\/","name":"Presidente da ADoP presente no Kick\u2011off do Plano Nacional de Desenvolvimento Desportivo - ADoP","isPartOf":{"@id":"https:\/\/adop.pt\/#website"},"datePublished":"2026-01-21T12:58:13+00:00","breadcrumb":{"@id":"https:\/\/adop.pt\/presidente-da-adop-presente-no-kick-off-do-plano-nacional-de-desenvolvimento-desportivo\/#breadcrumb"},"inLanguage":"en-GB","potentialAction":[{"@type":"ReadAction","target":["https:\/\/adop.pt\/presidente-da-adop-presente-no-kick-off-do-plano-nacional-de-desenvolvimento-desportivo\/"]}]},{"@type":"BreadcrumbList","@id":"https:\/\/adop.pt\/presidente-da-adop-presente-no-kick-off-do-plano-nacional-de-desenvolvimento-desportivo\/#breadcrumb","itemListElement":[{"@type":"ListItem","position":1,"name":"In\u00edcio","item":"https:\/\/adop.pt\/"},{"@type":"ListItem","position":2,"name":"Presidente da ADoP presente no Kick\u2011off do Plano Nacional de Desenvolvimento Desportivo"}]},{"@type":"WebSite","@id":"https:\/\/adop.pt\/#website","url":"https:\/\/adop.pt\/","name":"ADoP","description":"Autoridade Antidopagem de Portugal","publisher":{"@id":"https:\/\/adop.pt\/#organization"},"potentialAction":[{"@type":"SearchAction","target":{"@type":"EntryPoint","urlTemplate":"https:\/\/adop.pt\/?s={search_term_string}"},"query-input":{"@type":"PropertyValueSpecification","valueRequired":true,"valueName":"search_term_string"}}],"inLanguage":"en-GB"},{"@type":"Organization","@id":"https:\/\/adop.pt\/#organization","name":"ADoP","url":"https:\/\/adop.pt\/","logo":{"@type":"ImageObject","inLanguage":"en-GB","@id":"https:\/\/adop.pt\/#\/schema\/logo\/image\/","url":"https:\/\/adop.pt\/wp-content\/uploads\/2021\/11\/cropped-adop-logo-bg.jpg","contentUrl":"https:\/\/adop.pt\/wp-content\/uploads\/2021\/11\/cropped-adop-logo-bg.jpg","width":512,"height":512,"caption":"ADoP"},"image":{"@id":"https:\/\/adop.pt\/#\/schema\/logo\/image\/"},"sameAs":["https:\/\/www.facebook.com\/profile.php?id=61565720170060","https:\/\/www.instagram.com\/antidopagem\/"]},{"@type":"Person","@id":"https:\/\/adop.pt\/#\/schema\/person\/1611786b65fcf211f0faafbe0349b8ba","name":"ricardo-godinho","image":{"@type":"ImageObject","inLanguage":"en-GB","@id":"https:\/\/adop.pt\/#\/schema\/person\/image\/","url":"https:\/\/secure.gravatar.com\/avatar\/1791e2b4e34941471065f464b87f41e7260dab57659ad036e9524d173f1df156?s=96&d=mm&r=g","contentUrl":"https:\/\/secure.gravatar.com\/avatar\/1791e2b4e34941471065f464b87f41e7260dab57659ad036e9524d173f1df156?s=96&d=mm&r=g","caption":"ricardo-godinho"},"url":"https:\/\/adop.pt\/en\/author\/ricardo-godinho\/"}]}},"_links":{"self":[{"href":"https:\/\/adop.pt\/en\/wp-json\/wp\/v2\/posts\/19392","targetHints":{"allow":["GET"]}}],"collection":[{"href":"https:\/\/adop.pt\/en\/wp-json\/wp\/v2\/posts"}],"about":[{"href":"https:\/\/adop.pt\/en\/wp-json\/wp\/v2\/types\/post"}],"author":[{"embeddable":true,"href":"https:\/\/adop.pt\/en\/wp-json\/wp\/v2\/users\/10"}],"replies":[{"embeddable":true,"href":"https:\/\/adop.pt\/en\/wp-json\/wp\/v2\/comments?post=19392"}],"version-history":[{"count":1,"href":"https:\/\/adop.pt\/en\/wp-json\/wp\/v2\/posts\/19392\/revisions"}],"predecessor-version":[{"id":19394,"href":"https:\/\/adop.pt\/en\/wp-json\/wp\/v2\/posts\/19392\/revisions\/19394"}],"wp:attachment":[{"href":"https:\/\/adop.pt\/en\/wp-json\/wp\/v2\/media?parent=19392"}],"wp:term":[{"taxonomy":"category","embeddable":true,"href":"https:\/\/adop.pt\/en\/wp-json\/wp\/v2\/categories?post=19392"},{"taxonomy":"post_tag","embeddable":true,"href":"https:\/\/adop.pt\/en\/wp-json\/wp\/v2\/tags?post=19392"}],"curies":[{"name":"wp","href":"https:\/\/api.w.org\/{rel}","templated":true}]}}