








{"id":2692,"date":"2023-05-13T16:04:21","date_gmt":"2023-05-13T16:04:21","guid":{"rendered":"https:\/\/adop.pt\/?p=2692"},"modified":"2023-08-02T16:19:34","modified_gmt":"2023-08-02T16:19:34","slug":"2o-workshop-de-prevencao-de-dopagem-na-federacao-portuguesa-de-portugal","status":"publish","type":"post","link":"https:\/\/adop.pt\/en\/2o-workshop-de-prevencao-de-dopagem-na-federacao-portuguesa-de-portugal\/","title":{"rendered":"2\u00ba Workshop de preven\u00e7\u00e3o de dopagem na Federa\u00e7\u00e3o Portuguesa de Futebol"},"content":{"rendered":"<p style=\"text-align: justify; line-height: 200%; background: white;\"><span style=\"font-size: 10.0pt; line-height: 200%; font-family: 'Lucida Sans',sans-serif;\">No passado dia 13 de maio de 2023 a ADoP esteve representada pelo seu Diretor Executivo, Doutor Ant\u00f3nio J\u00falio Nunes, pelo respons\u00e1vel pela \u00e1rea da Educa\u00e7\u00e3o, Dr. Carlos Santos, pela Presidente da Comiss\u00e3o de Autoriza\u00e7\u00e3o de Utiliza\u00e7\u00e3o Terap\u00eautica, Dra. Maria Jo\u00e3o Cascais, pela respons\u00e1vel pelo Sistema de Localiza\u00e7\u00e3o Dra. Sofia Neves, pelos respons\u00e1veis do Programa Nacional Antidopagem T\u00e2nia Godinho e M\u00e1rio Paulo e ainda pelos Respons\u00e1veis de Controlo de Dopagem T\u00e9cnicos de An\u00e1lises Cl\u00ednicas Romeu Belo e Jos\u00e9 Constantino, na Cidade do Futebol, o 2\u00ba workshop sob o tema Educa\u00e7\u00e3o Antidopagem, organiza\u00e7\u00e3o conjunta entre a ADoP e a Federa\u00e7\u00e3o Portuguesa de Futebol.<\/span><\/p>\n<p style=\"text-align: justify; line-height: 200%; background: white;\"><span style=\"font-size: 10.0pt; line-height: 200%; font-family: 'Lucida Sans',sans-serif;\">Este workshop foi dirigido pelo Coordenador Clinico da Federa\u00e7\u00e3o Portuguesa de Futebol, Doutor Paulo Beckert e coordenada pelo m\u00e9dico da Federa\u00e7\u00e3o Dr. Jos\u00e9 Pedro Marques.<\/span><\/p>\n<p style=\"text-align: justify; line-height: 200%; background: white;\"><span style=\"font-size: 10.0pt; line-height: 200%; font-family: 'Lucida Sans',sans-serif;\">Durante a sess\u00e3o foram abordados v\u00e1rios temas, nomeadamente o Programa Nacional Antidopagem, as estat\u00edsticas de dopagem em Portugal, a responsabilidade objetiva, a calendariza\u00e7\u00e3o dos controlos de dopagem, os tipos de controlos de dopagem, o funcionamento do passaporte biol\u00f3gico, a plataforma inform\u00e1tica ADAMS, o sistema de localiza\u00e7\u00e3o, entre outros.<\/span><\/p>\n<p style=\"text-align: justify; line-height: 200%; background: white;\"><span style=\"font-size: 10.0pt; line-height: 200%; font-family: 'Lucida Sans',sans-serif;\">O principal objetivo da sess\u00e3o foi dotar todos os participantes n\u00e3o s\u00f3 das compet\u00eancias necess\u00e1rias para um correto desempenho das suas fun\u00e7\u00f5es, mas tamb\u00e9m do conhecimento relativo \u00e0 luta levada a cabo pela Ag\u00eancia Mundial Antidopagem e por todas as autoridades nacionais e internacionais na luta contra o uso de subst\u00e2ncias dopantes no desporto.<\/span><\/p>\n<p style=\"text-align: justify; line-height: 200%; background: white;\"><span style=\"font-size: 10.0pt; line-height: 200%; font-family: 'Lucida Sans',sans-serif;\">A preserva\u00e7\u00e3o da verdade desportiva e a preserva\u00e7\u00e3o da sa\u00fade dos atletas de poss\u00edveis comportamentos de risco no \u00e2mbito da problem\u00e1tica associada \u00e0 dopagem no desporto \u00e9 o \u00fanico caminho para a exist\u00eancia de um desporto \u00edntegro, justo e saud\u00e1vel.<\/span><\/p>","protected":false},"excerpt":{"rendered":"<p>No passado dia 13 de maio de 2023 a ADoP esteve representada pelo seu Diretor Executivo, Doutor Ant\u00f3nio J\u00falio Nunes, pelo respons\u00e1vel pela \u00e1rea da Educa\u00e7\u00e3o, Dr. Carlos Santos, pela Presidente da Comiss\u00e3o de Autoriza\u00e7\u00e3o de Utiliza\u00e7\u00e3o Terap\u00eautica, Dra. Maria Jo\u00e3o Cascais, pela respons\u00e1vel pelo Sistema de Localiza\u00e7\u00e3o Dra. Sofia Neves, pelos respons\u00e1veis do Programa [&hellip;]<\/p>","protected":false},"author":6,"featured_media":2693,"comment_status":"open","ping_status":"open","sticky":false,"template":"","format":"standard","meta":{"_et_pb_use_builder":"","_et_pb_old_content":"","_et_gb_content_width":"","inline_featured_image":false,"footnotes":""},"categories":[1],"tags":[],"class_list":["post-2692","post","type-post","status-publish","format-standard","has-post-thumbnail","hentry","category-sem-categoria"],"acf":[],"yoast_head":"<!-- This site is optimized with the Yoast SEO plugin v25.4 - https:\/\/yoast.com\/wordpress\/plugins\/seo\/ -->\n<title>2\u00ba Workshop de preven\u00e7\u00e3o de dopagem na Federa\u00e7\u00e3o Portuguesa de Futebol - ADoP<\/title>\n<meta name=\"robots\" content=\"index, follow, max-snippet:-1, max-image-preview:large, max-video-preview:-1\" \/>\n<link rel=\"canonical\" href=\"https:\/\/adop.pt\/en\/2o-workshop-de-prevencao-de-dopagem-na-federacao-portuguesa-de-portugal\/\" \/>\n<meta property=\"og:locale\" content=\"en_GB\" \/>\n<meta property=\"og:type\" content=\"article\" \/>\n<meta property=\"og:title\" content=\"2\u00ba Workshop de preven\u00e7\u00e3o de dopagem na Federa\u00e7\u00e3o Portuguesa de Futebol - ADoP\" \/>\n<meta property=\"og:description\" content=\"No passado dia 13 de maio de 2023 a ADoP esteve representada pelo seu Diretor Executivo, Doutor Ant\u00f3nio J\u00falio Nunes, pelo respons\u00e1vel pela \u00e1rea da Educa\u00e7\u00e3o, Dr. Carlos Santos, pela Presidente da Comiss\u00e3o de Autoriza\u00e7\u00e3o de Utiliza\u00e7\u00e3o Terap\u00eautica, Dra. Maria Jo\u00e3o Cascais, pela respons\u00e1vel pelo Sistema de Localiza\u00e7\u00e3o Dra. Sofia Neves, pelos respons\u00e1veis do Programa [&hellip;]\" \/>\n<meta property=\"og:url\" content=\"https:\/\/adop.pt\/en\/2o-workshop-de-prevencao-de-dopagem-na-federacao-portuguesa-de-portugal\/\" \/>\n<meta property=\"og:site_name\" content=\"ADoP\" \/>\n<meta property=\"article:publisher\" content=\"https:\/\/www.facebook.com\/profile.php?id=61565720170060\" \/>\n<meta property=\"article:published_time\" content=\"2023-05-13T16:04:21+00:00\" \/>\n<meta property=\"article:modified_time\" content=\"2023-08-02T16:19:34+00:00\" \/>\n<meta property=\"og:image\" content=\"https:\/\/adop.pt\/wp-content\/uploads\/2023\/06\/32-13.05.2023-Formacao-FPF-foto-1.jpg\" \/>\n\t<meta property=\"og:image:width\" content=\"1327\" \/>\n\t<meta property=\"og:image:height\" content=\"1234\" \/>\n\t<meta property=\"og:image:type\" content=\"image\/jpeg\" \/>\n<meta name=\"author\" content=\"antonio.julio\" \/>\n<meta name=\"twitter:card\" content=\"summary_large_image\" \/>\n<meta name=\"twitter:label1\" content=\"Written by\" \/>\n\t<meta name=\"twitter:data1\" content=\"antonio.julio\" \/>\n\t<meta name=\"twitter:label2\" content=\"Estimated reading time\" \/>\n\t<meta name=\"twitter:data2\" content=\"2 minutes\" \/>\n<script type=\"application\/ld+json\" class=\"yoast-schema-graph\">{\"@context\":\"https:\/\/schema.org\",\"@graph\":[{\"@type\":\"Article\",\"@id\":\"https:\/\/adop.pt\/2o-workshop-de-prevencao-de-dopagem-na-federacao-portuguesa-de-portugal\/#article\",\"isPartOf\":{\"@id\":\"https:\/\/adop.pt\/2o-workshop-de-prevencao-de-dopagem-na-federacao-portuguesa-de-portugal\/\"},\"author\":{\"name\":\"antonio.julio\",\"@id\":\"https:\/\/adop.pt\/#\/schema\/person\/6a977ced654b0290ff214a3b5b8020e2\"},\"headline\":\"2\u00ba Workshop de preven\u00e7\u00e3o de dopagem na Federa\u00e7\u00e3o Portuguesa de Futebol\",\"datePublished\":\"2023-05-13T16:04:21+00:00\",\"dateModified\":\"2023-08-02T16:19:34+00:00\",\"mainEntityOfPage\":{\"@id\":\"https:\/\/adop.pt\/2o-workshop-de-prevencao-de-dopagem-na-federacao-portuguesa-de-portugal\/\"},\"wordCount\":321,\"commentCount\":0,\"publisher\":{\"@id\":\"https:\/\/adop.pt\/#organization\"},\"image\":{\"@id\":\"https:\/\/adop.pt\/2o-workshop-de-prevencao-de-dopagem-na-federacao-portuguesa-de-portugal\/#primaryimage\"},\"thumbnailUrl\":\"https:\/\/adop.pt\/wp-content\/uploads\/2023\/06\/32-13.05.2023-Formacao-FPF-foto-1.jpg\",\"articleSection\":[\"Sem categoria\"],\"inLanguage\":\"en-GB\",\"potentialAction\":[{\"@type\":\"CommentAction\",\"name\":\"Comment\",\"target\":[\"https:\/\/adop.pt\/2o-workshop-de-prevencao-de-dopagem-na-federacao-portuguesa-de-portugal\/#respond\"]}]},{\"@type\":\"WebPage\",\"@id\":\"https:\/\/adop.pt\/2o-workshop-de-prevencao-de-dopagem-na-federacao-portuguesa-de-portugal\/\",\"url\":\"https:\/\/adop.pt\/2o-workshop-de-prevencao-de-dopagem-na-federacao-portuguesa-de-portugal\/\",\"name\":\"2\u00ba Workshop de preven\u00e7\u00e3o de dopagem na Federa\u00e7\u00e3o Portuguesa de Futebol - ADoP\",\"isPartOf\":{\"@id\":\"https:\/\/adop.pt\/#website\"},\"primaryImageOfPage\":{\"@id\":\"https:\/\/adop.pt\/2o-workshop-de-prevencao-de-dopagem-na-federacao-portuguesa-de-portugal\/#primaryimage\"},\"image\":{\"@id\":\"https:\/\/adop.pt\/2o-workshop-de-prevencao-de-dopagem-na-federacao-portuguesa-de-portugal\/#primaryimage\"},\"thumbnailUrl\":\"https:\/\/adop.pt\/wp-content\/uploads\/2023\/06\/32-13.05.2023-Formacao-FPF-foto-1.jpg\",\"datePublished\":\"2023-05-13T16:04:21+00:00\",\"dateModified\":\"2023-08-02T16:19:34+00:00\",\"breadcrumb\":{\"@id\":\"https:\/\/adop.pt\/2o-workshop-de-prevencao-de-dopagem-na-federacao-portuguesa-de-portugal\/#breadcrumb\"},\"inLanguage\":\"en-GB\",\"potentialAction\":[{\"@type\":\"ReadAction\",\"target\":[\"https:\/\/adop.pt\/2o-workshop-de-prevencao-de-dopagem-na-federacao-portuguesa-de-portugal\/\"]}]},{\"@type\":\"ImageObject\",\"inLanguage\":\"en-GB\",\"@id\":\"https:\/\/adop.pt\/2o-workshop-de-prevencao-de-dopagem-na-federacao-portuguesa-de-portugal\/#primaryimage\",\"url\":\"https:\/\/adop.pt\/wp-content\/uploads\/2023\/06\/32-13.05.2023-Formacao-FPF-foto-1.jpg\",\"contentUrl\":\"https:\/\/adop.pt\/wp-content\/uploads\/2023\/06\/32-13.05.2023-Formacao-FPF-foto-1.jpg\",\"width\":1327,\"height\":1234},{\"@type\":\"BreadcrumbList\",\"@id\":\"https:\/\/adop.pt\/2o-workshop-de-prevencao-de-dopagem-na-federacao-portuguesa-de-portugal\/#breadcrumb\",\"itemListElement\":[{\"@type\":\"ListItem\",\"position\":1,\"name\":\"In\u00edcio\",\"item\":\"https:\/\/adop.pt\/\"},{\"@type\":\"ListItem\",\"position\":2,\"name\":\"2\u00ba Workshop de preven\u00e7\u00e3o de dopagem na Federa\u00e7\u00e3o Portuguesa de Futebol\"}]},{\"@type\":\"WebSite\",\"@id\":\"https:\/\/adop.pt\/#website\",\"url\":\"https:\/\/adop.pt\/\",\"name\":\"ADoP\",\"description\":\"Autoridade Antidopagem de Portugal\",\"publisher\":{\"@id\":\"https:\/\/adop.pt\/#organization\"},\"potentialAction\":[{\"@type\":\"SearchAction\",\"target\":{\"@type\":\"EntryPoint\",\"urlTemplate\":\"https:\/\/adop.pt\/?s={search_term_string}\"},\"query-input\":{\"@type\":\"PropertyValueSpecification\",\"valueRequired\":true,\"valueName\":\"search_term_string\"}}],\"inLanguage\":\"en-GB\"},{\"@type\":\"Organization\",\"@id\":\"https:\/\/adop.pt\/#organization\",\"name\":\"ADoP\",\"url\":\"https:\/\/adop.pt\/\",\"logo\":{\"@type\":\"ImageObject\",\"inLanguage\":\"en-GB\",\"@id\":\"https:\/\/adop.pt\/#\/schema\/logo\/image\/\",\"url\":\"https:\/\/adop.pt\/wp-content\/uploads\/2021\/11\/cropped-adop-logo-bg.jpg\",\"contentUrl\":\"https:\/\/adop.pt\/wp-content\/uploads\/2021\/11\/cropped-adop-logo-bg.jpg\",\"width\":512,\"height\":512,\"caption\":\"ADoP\"},\"image\":{\"@id\":\"https:\/\/adop.pt\/#\/schema\/logo\/image\/\"},\"sameAs\":[\"https:\/\/www.facebook.com\/profile.php?id=61565720170060\",\"https:\/\/www.instagram.com\/antidopagem\/\"]},{\"@type\":\"Person\",\"@id\":\"https:\/\/adop.pt\/#\/schema\/person\/6a977ced654b0290ff214a3b5b8020e2\",\"name\":\"antonio.julio\",\"image\":{\"@type\":\"ImageObject\",\"inLanguage\":\"en-GB\",\"@id\":\"https:\/\/adop.pt\/#\/schema\/person\/image\/\",\"url\":\"https:\/\/secure.gravatar.com\/avatar\/5c824edfff1d6fb076cd0787ede5bc9ad08e9cb733351dacf2929935ebde46d1?s=96&d=mm&r=g\",\"contentUrl\":\"https:\/\/secure.gravatar.com\/avatar\/5c824edfff1d6fb076cd0787ede5bc9ad08e9cb733351dacf2929935ebde46d1?s=96&d=mm&r=g\",\"caption\":\"antonio.julio\"},\"sameAs\":[\"http:\/\/ds-dev\"],\"url\":\"https:\/\/adop.pt\/en\/author\/antonio-julio\/\"}]}<\/script>\n<!-- \/ Yoast SEO plugin. -->","yoast_head_json":{"title":"2\u00ba Workshop de preven\u00e7\u00e3o de dopagem na Federa\u00e7\u00e3o Portuguesa de Futebol - ADoP","robots":{"index":"index","follow":"follow","max-snippet":"max-snippet:-1","max-image-preview":"max-image-preview:large","max-video-preview":"max-video-preview:-1"},"canonical":"https:\/\/adop.pt\/en\/2o-workshop-de-prevencao-de-dopagem-na-federacao-portuguesa-de-portugal\/","og_locale":"en_GB","og_type":"article","og_title":"2\u00ba Workshop de preven\u00e7\u00e3o de dopagem na Federa\u00e7\u00e3o Portuguesa de Futebol - ADoP","og_description":"No passado dia 13 de maio de 2023 a ADoP esteve representada pelo seu Diretor Executivo, Doutor Ant\u00f3nio J\u00falio Nunes, pelo respons\u00e1vel pela \u00e1rea da Educa\u00e7\u00e3o, Dr. Carlos Santos, pela Presidente da Comiss\u00e3o de Autoriza\u00e7\u00e3o de Utiliza\u00e7\u00e3o Terap\u00eautica, Dra. Maria Jo\u00e3o Cascais, pela respons\u00e1vel pelo Sistema de Localiza\u00e7\u00e3o Dra. Sofia Neves, pelos respons\u00e1veis do Programa [&hellip;]","og_url":"https:\/\/adop.pt\/en\/2o-workshop-de-prevencao-de-dopagem-na-federacao-portuguesa-de-portugal\/","og_site_name":"ADoP","article_publisher":"https:\/\/www.facebook.com\/profile.php?id=61565720170060","article_published_time":"2023-05-13T16:04:21+00:00","article_modified_time":"2023-08-02T16:19:34+00:00","og_image":[{"width":1327,"height":1234,"url":"https:\/\/adop.pt\/wp-content\/uploads\/2023\/06\/32-13.05.2023-Formacao-FPF-foto-1.jpg","type":"image\/jpeg"}],"author":"antonio.julio","twitter_card":"summary_large_image","twitter_misc":{"Written by":"antonio.julio","Estimated reading time":"2 minutes"},"schema":{"@context":"https:\/\/schema.org","@graph":[{"@type":"Article","@id":"https:\/\/adop.pt\/2o-workshop-de-prevencao-de-dopagem-na-federacao-portuguesa-de-portugal\/#article","isPartOf":{"@id":"https:\/\/adop.pt\/2o-workshop-de-prevencao-de-dopagem-na-federacao-portuguesa-de-portugal\/"},"author":{"name":"antonio.julio","@id":"https:\/\/adop.pt\/#\/schema\/person\/6a977ced654b0290ff214a3b5b8020e2"},"headline":"2\u00ba Workshop de preven\u00e7\u00e3o de dopagem na Federa\u00e7\u00e3o Portuguesa de Futebol","datePublished":"2023-05-13T16:04:21+00:00","dateModified":"2023-08-02T16:19:34+00:00","mainEntityOfPage":{"@id":"https:\/\/adop.pt\/2o-workshop-de-prevencao-de-dopagem-na-federacao-portuguesa-de-portugal\/"},"wordCount":321,"commentCount":0,"publisher":{"@id":"https:\/\/adop.pt\/#organization"},"image":{"@id":"https:\/\/adop.pt\/2o-workshop-de-prevencao-de-dopagem-na-federacao-portuguesa-de-portugal\/#primaryimage"},"thumbnailUrl":"https:\/\/adop.pt\/wp-content\/uploads\/2023\/06\/32-13.05.2023-Formacao-FPF-foto-1.jpg","articleSection":["Sem categoria"],"inLanguage":"en-GB","potentialAction":[{"@type":"CommentAction","name":"Comment","target":["https:\/\/adop.pt\/2o-workshop-de-prevencao-de-dopagem-na-federacao-portuguesa-de-portugal\/#respond"]}]},{"@type":"WebPage","@id":"https:\/\/adop.pt\/2o-workshop-de-prevencao-de-dopagem-na-federacao-portuguesa-de-portugal\/","url":"https:\/\/adop.pt\/2o-workshop-de-prevencao-de-dopagem-na-federacao-portuguesa-de-portugal\/","name":"2\u00ba Workshop de preven\u00e7\u00e3o de dopagem na Federa\u00e7\u00e3o Portuguesa de Futebol - ADoP","isPartOf":{"@id":"https:\/\/adop.pt\/#website"},"primaryImageOfPage":{"@id":"https:\/\/adop.pt\/2o-workshop-de-prevencao-de-dopagem-na-federacao-portuguesa-de-portugal\/#primaryimage"},"image":{"@id":"https:\/\/adop.pt\/2o-workshop-de-prevencao-de-dopagem-na-federacao-portuguesa-de-portugal\/#primaryimage"},"thumbnailUrl":"https:\/\/adop.pt\/wp-content\/uploads\/2023\/06\/32-13.05.2023-Formacao-FPF-foto-1.jpg","datePublished":"2023-05-13T16:04:21+00:00","dateModified":"2023-08-02T16:19:34+00:00","breadcrumb":{"@id":"https:\/\/adop.pt\/2o-workshop-de-prevencao-de-dopagem-na-federacao-portuguesa-de-portugal\/#breadcrumb"},"inLanguage":"en-GB","potentialAction":[{"@type":"ReadAction","target":["https:\/\/adop.pt\/2o-workshop-de-prevencao-de-dopagem-na-federacao-portuguesa-de-portugal\/"]}]},{"@type":"ImageObject","inLanguage":"en-GB","@id":"https:\/\/adop.pt\/2o-workshop-de-prevencao-de-dopagem-na-federacao-portuguesa-de-portugal\/#primaryimage","url":"https:\/\/adop.pt\/wp-content\/uploads\/2023\/06\/32-13.05.2023-Formacao-FPF-foto-1.jpg","contentUrl":"https:\/\/adop.pt\/wp-content\/uploads\/2023\/06\/32-13.05.2023-Formacao-FPF-foto-1.jpg","width":1327,"height":1234},{"@type":"BreadcrumbList","@id":"https:\/\/adop.pt\/2o-workshop-de-prevencao-de-dopagem-na-federacao-portuguesa-de-portugal\/#breadcrumb","itemListElement":[{"@type":"ListItem","position":1,"name":"In\u00edcio","item":"https:\/\/adop.pt\/"},{"@type":"ListItem","position":2,"name":"2\u00ba Workshop de preven\u00e7\u00e3o de dopagem na Federa\u00e7\u00e3o Portuguesa de Futebol"}]},{"@type":"WebSite","@id":"https:\/\/adop.pt\/#website","url":"https:\/\/adop.pt\/","name":"ADoP","description":"Autoridade Antidopagem de Portugal","publisher":{"@id":"https:\/\/adop.pt\/#organization"},"potentialAction":[{"@type":"SearchAction","target":{"@type":"EntryPoint","urlTemplate":"https:\/\/adop.pt\/?s={search_term_string}"},"query-input":{"@type":"PropertyValueSpecification","valueRequired":true,"valueName":"search_term_string"}}],"inLanguage":"en-GB"},{"@type":"Organization","@id":"https:\/\/adop.pt\/#organization","name":"ADoP","url":"https:\/\/adop.pt\/","logo":{"@type":"ImageObject","inLanguage":"en-GB","@id":"https:\/\/adop.pt\/#\/schema\/logo\/image\/","url":"https:\/\/adop.pt\/wp-content\/uploads\/2021\/11\/cropped-adop-logo-bg.jpg","contentUrl":"https:\/\/adop.pt\/wp-content\/uploads\/2021\/11\/cropped-adop-logo-bg.jpg","width":512,"height":512,"caption":"ADoP"},"image":{"@id":"https:\/\/adop.pt\/#\/schema\/logo\/image\/"},"sameAs":["https:\/\/www.facebook.com\/profile.php?id=61565720170060","https:\/\/www.instagram.com\/antidopagem\/"]},{"@type":"Person","@id":"https:\/\/adop.pt\/#\/schema\/person\/6a977ced654b0290ff214a3b5b8020e2","name":"antonio.julio","image":{"@type":"ImageObject","inLanguage":"en-GB","@id":"https:\/\/adop.pt\/#\/schema\/person\/image\/","url":"https:\/\/secure.gravatar.com\/avatar\/5c824edfff1d6fb076cd0787ede5bc9ad08e9cb733351dacf2929935ebde46d1?s=96&d=mm&r=g","contentUrl":"https:\/\/secure.gravatar.com\/avatar\/5c824edfff1d6fb076cd0787ede5bc9ad08e9cb733351dacf2929935ebde46d1?s=96&d=mm&r=g","caption":"antonio.julio"},"sameAs":["http:\/\/ds-dev"],"url":"https:\/\/adop.pt\/en\/author\/antonio-julio\/"}]}},"_links":{"self":[{"href":"https:\/\/adop.pt\/en\/wp-json\/wp\/v2\/posts\/2692","targetHints":{"allow":["GET"]}}],"collection":[{"href":"https:\/\/adop.pt\/en\/wp-json\/wp\/v2\/posts"}],"about":[{"href":"https:\/\/adop.pt\/en\/wp-json\/wp\/v2\/types\/post"}],"author":[{"embeddable":true,"href":"https:\/\/adop.pt\/en\/wp-json\/wp\/v2\/users\/6"}],"replies":[{"embeddable":true,"href":"https:\/\/adop.pt\/en\/wp-json\/wp\/v2\/comments?post=2692"}],"version-history":[{"count":4,"href":"https:\/\/adop.pt\/en\/wp-json\/wp\/v2\/posts\/2692\/revisions"}],"predecessor-version":[{"id":2822,"href":"https:\/\/adop.pt\/en\/wp-json\/wp\/v2\/posts\/2692\/revisions\/2822"}],"wp:featuredmedia":[{"embeddable":true,"href":"https:\/\/adop.pt\/en\/wp-json\/wp\/v2\/media\/2693"}],"wp:attachment":[{"href":"https:\/\/adop.pt\/en\/wp-json\/wp\/v2\/media?parent=2692"}],"wp:term":[{"taxonomy":"category","embeddable":true,"href":"https:\/\/adop.pt\/en\/wp-json\/wp\/v2\/categories?post=2692"},{"taxonomy":"post_tag","embeddable":true,"href":"https:\/\/adop.pt\/en\/wp-json\/wp\/v2\/tags?post=2692"}],"curies":[{"name":"wp","href":"https:\/\/api.w.org\/{rel}","templated":true}]}}