








{"id":35132,"date":"2026-04-28T11:14:41","date_gmt":"2026-04-28T11:14:41","guid":{"rendered":"https:\/\/adop.pt\/?p=35132"},"modified":"2026-04-28T11:14:41","modified_gmt":"2026-04-28T11:14:41","slug":"adop-representada-em-conferencia-internacional-da-wada-sobre-a-rede-global-de-inteligencia-e-investigacoes-antidopagem","status":"publish","type":"post","link":"https:\/\/adop.pt\/en\/adop-representada-em-conferencia-internacional-da-wada-sobre-a-rede-global-de-inteligencia-e-investigacoes-antidopagem\/","title":{"rendered":"ADoP representada em confer\u00eancia internacional da WADA sobre a Rede Global de Intelig\u00eancia e Investiga\u00e7\u00f5es Antidopagem"},"content":{"rendered":"<p>A Autoridade Antidopagem de Portugal (ADoP) participou, no passado dia 17 de abril, na confer\u00eancia que assinalou o encerramento da fase de expans\u00e3o da Global Anti-Doping Intelligence and Investigations Network (GAIIN) nas regi\u00f5es da \u00c1sia e Oce\u00e2nia, realizada em Delhi, \u00cdndia.<\/p>\n<p>A ADoP esteve representada pelo seu Diretor Executivo, Doutor Ant\u00f3nio J\u00falio Nunes, tendo o evento sido organizado no \u00e2mbito da Ag\u00eancia Mundial Antidopagem (WADA) e contado com a presen\u00e7a do Presidente da WADA, Witold Ba\u0144ka, do Diretor do Departamento de Intelig\u00eancia e Investiga\u00e7\u00f5es da WADA, G\u00fcnter Younger, e do Diretor do Gabinete do Presidente e das Rela\u00e7\u00f5es Institucionais da WADA, Rafal Piechota, entre outros representantes de organiza\u00e7\u00f5es antidopagem e autoridades de aplica\u00e7\u00e3o da lei.<\/p>\n<p>Esta participa\u00e7\u00e3o constituiu uma oportunidade particularmente relevante para o refor\u00e7o da coopera\u00e7\u00e3o internacional no dom\u00ednio da intelig\u00eancia e investiga\u00e7\u00f5es antidopagem, permitindo a partilha de experi\u00eancias, o aprofundamento de conhecimentos e o fortalecimento de contactos estrat\u00e9gicos para futuras a\u00e7\u00f5es de investiga\u00e7\u00e3o, numa \u00e1rea cada vez mais dependente de abordagens colaborativas e transnacionais.<\/p>\n<p>No decurso do evento, foi igualmente destacada a atribui\u00e7\u00e3o de uma distin\u00e7\u00e3o, em representa\u00e7\u00e3o da INTERPOL, ao Inspetor Francisco Portugal, reconhecimento merecido e motivo de especial orgulho para Portugal, sublinhando o contributo nacional no combate \u00e0 criminalidade associada \u00e0 dopagem.<\/p>\n<p>A Autoridade Antidopagem de Portugal manifesta ainda o seu agradecimento \u00e0 Indian Anti-Doping Authority pela excelente organiza\u00e7\u00e3o da confer\u00eancia, assim como \u00e0 equipa da WADA, nomeadamente John McLaughlin, Aude Rappaz e Mathieu Holz, pelo trabalho cont\u00ednuo e significativo desenvolvido no refor\u00e7o da coopera\u00e7\u00e3o entre autoridades antidopagem e for\u00e7as de seguran\u00e7a.<\/p>\n<p>A ADoP reafirma, deste modo, o seu compromisso com uma luta antidopagem integrada, sustentada e baseada na coopera\u00e7\u00e3o internacional, em prol da integridade desportiva e da prote\u00e7\u00e3o de um Desporto Limpo.<\/p>\n<p>Juntos pelo Desporto!<\/p>\n<p>&nbsp;<\/p>\n<p><img loading=\"lazy\" decoding=\"async\" class=\"alignnone size-medium wp-image-35133\" src=\"https:\/\/adop.pt\/wp-content\/uploads\/2026\/04\/16-300x157.jpeg\" alt=\"\" width=\"300\" height=\"157\" \/> <img loading=\"lazy\" decoding=\"async\" class=\"alignnone size-medium wp-image-35134\" src=\"https:\/\/adop.pt\/wp-content\/uploads\/2026\/04\/17-200x300.jpeg\" alt=\"\" width=\"200\" height=\"300\" \/><\/p>","protected":false},"excerpt":{"rendered":"<p>A Autoridade Antidopagem de Portugal (ADoP) participou, no passado dia 17 de abril, na confer\u00eancia que assinalou o encerramento da fase de expans\u00e3o da Global Anti-Doping Intelligence and Investigations Network (GAIIN) nas regi\u00f5es da \u00c1sia e Oce\u00e2nia, realizada em Delhi, \u00cdndia. A ADoP esteve representada pelo seu Diretor Executivo, Doutor Ant\u00f3nio J\u00falio Nunes, tendo o [&hellip;]<\/p>","protected":false},"author":10,"featured_media":35134,"comment_status":"closed","ping_status":"closed","sticky":false,"template":"","format":"standard","meta":{"_et_pb_use_builder":"","_et_pb_old_content":"","_et_gb_content_width":"","inline_featured_image":false,"footnotes":""},"categories":[1],"tags":[],"class_list":["post-35132","post","type-post","status-publish","format-standard","has-post-thumbnail","hentry","category-sem-categoria"],"acf":[],"yoast_head":"<!-- This site is optimized with the Yoast SEO plugin v25.4 - https:\/\/yoast.com\/wordpress\/plugins\/seo\/ -->\n<title>ADoP representada em confer\u00eancia internacional da WADA sobre a Rede Global de Intelig\u00eancia e Investiga\u00e7\u00f5es Antidopagem - ADoP<\/title>\n<meta name=\"robots\" content=\"index, follow, max-snippet:-1, max-image-preview:large, max-video-preview:-1\" \/>\n<link rel=\"canonical\" href=\"https:\/\/adop.pt\/en\/adop-representada-em-conferencia-internacional-da-wada-sobre-a-rede-global-de-inteligencia-e-investigacoes-antidopagem\/\" \/>\n<meta property=\"og:locale\" content=\"en_GB\" \/>\n<meta property=\"og:type\" content=\"article\" \/>\n<meta property=\"og:title\" content=\"ADoP representada em confer\u00eancia internacional da WADA sobre a Rede Global de Intelig\u00eancia e Investiga\u00e7\u00f5es Antidopagem - ADoP\" \/>\n<meta property=\"og:description\" content=\"A Autoridade Antidopagem de Portugal (ADoP) participou, no passado dia 17 de abril, na confer\u00eancia que assinalou o encerramento da fase de expans\u00e3o da Global Anti-Doping Intelligence and Investigations Network (GAIIN) nas regi\u00f5es da \u00c1sia e Oce\u00e2nia, realizada em Delhi, \u00cdndia. A ADoP esteve representada pelo seu Diretor Executivo, Doutor Ant\u00f3nio J\u00falio Nunes, tendo o [&hellip;]\" \/>\n<meta property=\"og:url\" content=\"https:\/\/adop.pt\/en\/adop-representada-em-conferencia-internacional-da-wada-sobre-a-rede-global-de-inteligencia-e-investigacoes-antidopagem\/\" \/>\n<meta property=\"og:site_name\" content=\"ADoP\" \/>\n<meta property=\"article:publisher\" content=\"https:\/\/www.facebook.com\/profile.php?id=61565720170060\" \/>\n<meta property=\"article:published_time\" content=\"2026-04-28T11:14:41+00:00\" \/>\n<meta property=\"og:image\" content=\"https:\/\/adop.pt\/wp-content\/uploads\/2026\/04\/17.jpeg\" \/>\n\t<meta property=\"og:image:width\" content=\"809\" \/>\n\t<meta property=\"og:image:height\" content=\"1212\" \/>\n\t<meta property=\"og:image:type\" content=\"image\/jpeg\" \/>\n<meta name=\"author\" content=\"ricardo-godinho\" \/>\n<meta name=\"twitter:card\" content=\"summary_large_image\" \/>\n<meta name=\"twitter:label1\" content=\"Written by\" \/>\n\t<meta name=\"twitter:data1\" content=\"ricardo-godinho\" \/>\n\t<meta name=\"twitter:label2\" content=\"Estimated reading time\" \/>\n\t<meta name=\"twitter:data2\" content=\"3 minutes\" \/>\n<script type=\"application\/ld+json\" class=\"yoast-schema-graph\">{\"@context\":\"https:\/\/schema.org\",\"@graph\":[{\"@type\":\"Article\",\"@id\":\"https:\/\/adop.pt\/adop-representada-em-conferencia-internacional-da-wada-sobre-a-rede-global-de-inteligencia-e-investigacoes-antidopagem\/#article\",\"isPartOf\":{\"@id\":\"https:\/\/adop.pt\/adop-representada-em-conferencia-internacional-da-wada-sobre-a-rede-global-de-inteligencia-e-investigacoes-antidopagem\/\"},\"author\":{\"name\":\"ricardo-godinho\",\"@id\":\"https:\/\/adop.pt\/#\/schema\/person\/1611786b65fcf211f0faafbe0349b8ba\"},\"headline\":\"ADoP representada em confer\u00eancia internacional da WADA sobre a Rede Global de Intelig\u00eancia e Investiga\u00e7\u00f5es Antidopagem\",\"datePublished\":\"2026-04-28T11:14:41+00:00\",\"mainEntityOfPage\":{\"@id\":\"https:\/\/adop.pt\/adop-representada-em-conferencia-internacional-da-wada-sobre-a-rede-global-de-inteligencia-e-investigacoes-antidopagem\/\"},\"wordCount\":342,\"publisher\":{\"@id\":\"https:\/\/adop.pt\/#organization\"},\"image\":{\"@id\":\"https:\/\/adop.pt\/adop-representada-em-conferencia-internacional-da-wada-sobre-a-rede-global-de-inteligencia-e-investigacoes-antidopagem\/#primaryimage\"},\"thumbnailUrl\":\"https:\/\/adop.pt\/wp-content\/uploads\/2026\/04\/17.jpeg\",\"articleSection\":[\"Sem categoria\"],\"inLanguage\":\"en-GB\"},{\"@type\":\"WebPage\",\"@id\":\"https:\/\/adop.pt\/adop-representada-em-conferencia-internacional-da-wada-sobre-a-rede-global-de-inteligencia-e-investigacoes-antidopagem\/\",\"url\":\"https:\/\/adop.pt\/adop-representada-em-conferencia-internacional-da-wada-sobre-a-rede-global-de-inteligencia-e-investigacoes-antidopagem\/\",\"name\":\"ADoP representada em confer\u00eancia internacional da WADA sobre a Rede Global de Intelig\u00eancia e Investiga\u00e7\u00f5es Antidopagem - ADoP\",\"isPartOf\":{\"@id\":\"https:\/\/adop.pt\/#website\"},\"primaryImageOfPage\":{\"@id\":\"https:\/\/adop.pt\/adop-representada-em-conferencia-internacional-da-wada-sobre-a-rede-global-de-inteligencia-e-investigacoes-antidopagem\/#primaryimage\"},\"image\":{\"@id\":\"https:\/\/adop.pt\/adop-representada-em-conferencia-internacional-da-wada-sobre-a-rede-global-de-inteligencia-e-investigacoes-antidopagem\/#primaryimage\"},\"thumbnailUrl\":\"https:\/\/adop.pt\/wp-content\/uploads\/2026\/04\/17.jpeg\",\"datePublished\":\"2026-04-28T11:14:41+00:00\",\"breadcrumb\":{\"@id\":\"https:\/\/adop.pt\/adop-representada-em-conferencia-internacional-da-wada-sobre-a-rede-global-de-inteligencia-e-investigacoes-antidopagem\/#breadcrumb\"},\"inLanguage\":\"en-GB\",\"potentialAction\":[{\"@type\":\"ReadAction\",\"target\":[\"https:\/\/adop.pt\/adop-representada-em-conferencia-internacional-da-wada-sobre-a-rede-global-de-inteligencia-e-investigacoes-antidopagem\/\"]}]},{\"@type\":\"ImageObject\",\"inLanguage\":\"en-GB\",\"@id\":\"https:\/\/adop.pt\/adop-representada-em-conferencia-internacional-da-wada-sobre-a-rede-global-de-inteligencia-e-investigacoes-antidopagem\/#primaryimage\",\"url\":\"https:\/\/adop.pt\/wp-content\/uploads\/2026\/04\/17.jpeg\",\"contentUrl\":\"https:\/\/adop.pt\/wp-content\/uploads\/2026\/04\/17.jpeg\",\"width\":809,\"height\":1212},{\"@type\":\"BreadcrumbList\",\"@id\":\"https:\/\/adop.pt\/adop-representada-em-conferencia-internacional-da-wada-sobre-a-rede-global-de-inteligencia-e-investigacoes-antidopagem\/#breadcrumb\",\"itemListElement\":[{\"@type\":\"ListItem\",\"position\":1,\"name\":\"In\u00edcio\",\"item\":\"https:\/\/adop.pt\/\"},{\"@type\":\"ListItem\",\"position\":2,\"name\":\"ADoP representada em confer\u00eancia internacional da WADA sobre a Rede Global de Intelig\u00eancia e Investiga\u00e7\u00f5es Antidopagem\"}]},{\"@type\":\"WebSite\",\"@id\":\"https:\/\/adop.pt\/#website\",\"url\":\"https:\/\/adop.pt\/\",\"name\":\"ADoP\",\"description\":\"Autoridade Antidopagem de Portugal\",\"publisher\":{\"@id\":\"https:\/\/adop.pt\/#organization\"},\"potentialAction\":[{\"@type\":\"SearchAction\",\"target\":{\"@type\":\"EntryPoint\",\"urlTemplate\":\"https:\/\/adop.pt\/?s={search_term_string}\"},\"query-input\":{\"@type\":\"PropertyValueSpecification\",\"valueRequired\":true,\"valueName\":\"search_term_string\"}}],\"inLanguage\":\"en-GB\"},{\"@type\":\"Organization\",\"@id\":\"https:\/\/adop.pt\/#organization\",\"name\":\"ADoP\",\"url\":\"https:\/\/adop.pt\/\",\"logo\":{\"@type\":\"ImageObject\",\"inLanguage\":\"en-GB\",\"@id\":\"https:\/\/adop.pt\/#\/schema\/logo\/image\/\",\"url\":\"https:\/\/adop.pt\/wp-content\/uploads\/2021\/11\/cropped-adop-logo-bg.jpg\",\"contentUrl\":\"https:\/\/adop.pt\/wp-content\/uploads\/2021\/11\/cropped-adop-logo-bg.jpg\",\"width\":512,\"height\":512,\"caption\":\"ADoP\"},\"image\":{\"@id\":\"https:\/\/adop.pt\/#\/schema\/logo\/image\/\"},\"sameAs\":[\"https:\/\/www.facebook.com\/profile.php?id=61565720170060\",\"https:\/\/www.instagram.com\/antidopagem\/\"]},{\"@type\":\"Person\",\"@id\":\"https:\/\/adop.pt\/#\/schema\/person\/1611786b65fcf211f0faafbe0349b8ba\",\"name\":\"ricardo-godinho\",\"image\":{\"@type\":\"ImageObject\",\"inLanguage\":\"en-GB\",\"@id\":\"https:\/\/adop.pt\/#\/schema\/person\/image\/\",\"url\":\"https:\/\/secure.gravatar.com\/avatar\/1791e2b4e34941471065f464b87f41e7260dab57659ad036e9524d173f1df156?s=96&d=mm&r=g\",\"contentUrl\":\"https:\/\/secure.gravatar.com\/avatar\/1791e2b4e34941471065f464b87f41e7260dab57659ad036e9524d173f1df156?s=96&d=mm&r=g\",\"caption\":\"ricardo-godinho\"},\"url\":\"https:\/\/adop.pt\/en\/author\/ricardo-godinho\/\"}]}<\/script>\n<!-- \/ Yoast SEO plugin. -->","yoast_head_json":{"title":"ADoP representada em confer\u00eancia internacional da WADA sobre a Rede Global de Intelig\u00eancia e Investiga\u00e7\u00f5es Antidopagem - ADoP","robots":{"index":"index","follow":"follow","max-snippet":"max-snippet:-1","max-image-preview":"max-image-preview:large","max-video-preview":"max-video-preview:-1"},"canonical":"https:\/\/adop.pt\/en\/adop-representada-em-conferencia-internacional-da-wada-sobre-a-rede-global-de-inteligencia-e-investigacoes-antidopagem\/","og_locale":"en_GB","og_type":"article","og_title":"ADoP representada em confer\u00eancia internacional da WADA sobre a Rede Global de Intelig\u00eancia e Investiga\u00e7\u00f5es Antidopagem - ADoP","og_description":"A Autoridade Antidopagem de Portugal (ADoP) participou, no passado dia 17 de abril, na confer\u00eancia que assinalou o encerramento da fase de expans\u00e3o da Global Anti-Doping Intelligence and Investigations Network (GAIIN) nas regi\u00f5es da \u00c1sia e Oce\u00e2nia, realizada em Delhi, \u00cdndia. A ADoP esteve representada pelo seu Diretor Executivo, Doutor Ant\u00f3nio J\u00falio Nunes, tendo o [&hellip;]","og_url":"https:\/\/adop.pt\/en\/adop-representada-em-conferencia-internacional-da-wada-sobre-a-rede-global-de-inteligencia-e-investigacoes-antidopagem\/","og_site_name":"ADoP","article_publisher":"https:\/\/www.facebook.com\/profile.php?id=61565720170060","article_published_time":"2026-04-28T11:14:41+00:00","og_image":[{"width":809,"height":1212,"url":"https:\/\/adop.pt\/wp-content\/uploads\/2026\/04\/17.jpeg","type":"image\/jpeg"}],"author":"ricardo-godinho","twitter_card":"summary_large_image","twitter_misc":{"Written by":"ricardo-godinho","Estimated reading time":"3 minutes"},"schema":{"@context":"https:\/\/schema.org","@graph":[{"@type":"Article","@id":"https:\/\/adop.pt\/adop-representada-em-conferencia-internacional-da-wada-sobre-a-rede-global-de-inteligencia-e-investigacoes-antidopagem\/#article","isPartOf":{"@id":"https:\/\/adop.pt\/adop-representada-em-conferencia-internacional-da-wada-sobre-a-rede-global-de-inteligencia-e-investigacoes-antidopagem\/"},"author":{"name":"ricardo-godinho","@id":"https:\/\/adop.pt\/#\/schema\/person\/1611786b65fcf211f0faafbe0349b8ba"},"headline":"ADoP representada em confer\u00eancia internacional da WADA sobre a Rede Global de Intelig\u00eancia e Investiga\u00e7\u00f5es Antidopagem","datePublished":"2026-04-28T11:14:41+00:00","mainEntityOfPage":{"@id":"https:\/\/adop.pt\/adop-representada-em-conferencia-internacional-da-wada-sobre-a-rede-global-de-inteligencia-e-investigacoes-antidopagem\/"},"wordCount":342,"publisher":{"@id":"https:\/\/adop.pt\/#organization"},"image":{"@id":"https:\/\/adop.pt\/adop-representada-em-conferencia-internacional-da-wada-sobre-a-rede-global-de-inteligencia-e-investigacoes-antidopagem\/#primaryimage"},"thumbnailUrl":"https:\/\/adop.pt\/wp-content\/uploads\/2026\/04\/17.jpeg","articleSection":["Sem categoria"],"inLanguage":"en-GB"},{"@type":"WebPage","@id":"https:\/\/adop.pt\/adop-representada-em-conferencia-internacional-da-wada-sobre-a-rede-global-de-inteligencia-e-investigacoes-antidopagem\/","url":"https:\/\/adop.pt\/adop-representada-em-conferencia-internacional-da-wada-sobre-a-rede-global-de-inteligencia-e-investigacoes-antidopagem\/","name":"ADoP representada em confer\u00eancia internacional da WADA sobre a Rede Global de Intelig\u00eancia e Investiga\u00e7\u00f5es Antidopagem - ADoP","isPartOf":{"@id":"https:\/\/adop.pt\/#website"},"primaryImageOfPage":{"@id":"https:\/\/adop.pt\/adop-representada-em-conferencia-internacional-da-wada-sobre-a-rede-global-de-inteligencia-e-investigacoes-antidopagem\/#primaryimage"},"image":{"@id":"https:\/\/adop.pt\/adop-representada-em-conferencia-internacional-da-wada-sobre-a-rede-global-de-inteligencia-e-investigacoes-antidopagem\/#primaryimage"},"thumbnailUrl":"https:\/\/adop.pt\/wp-content\/uploads\/2026\/04\/17.jpeg","datePublished":"2026-04-28T11:14:41+00:00","breadcrumb":{"@id":"https:\/\/adop.pt\/adop-representada-em-conferencia-internacional-da-wada-sobre-a-rede-global-de-inteligencia-e-investigacoes-antidopagem\/#breadcrumb"},"inLanguage":"en-GB","potentialAction":[{"@type":"ReadAction","target":["https:\/\/adop.pt\/adop-representada-em-conferencia-internacional-da-wada-sobre-a-rede-global-de-inteligencia-e-investigacoes-antidopagem\/"]}]},{"@type":"ImageObject","inLanguage":"en-GB","@id":"https:\/\/adop.pt\/adop-representada-em-conferencia-internacional-da-wada-sobre-a-rede-global-de-inteligencia-e-investigacoes-antidopagem\/#primaryimage","url":"https:\/\/adop.pt\/wp-content\/uploads\/2026\/04\/17.jpeg","contentUrl":"https:\/\/adop.pt\/wp-content\/uploads\/2026\/04\/17.jpeg","width":809,"height":1212},{"@type":"BreadcrumbList","@id":"https:\/\/adop.pt\/adop-representada-em-conferencia-internacional-da-wada-sobre-a-rede-global-de-inteligencia-e-investigacoes-antidopagem\/#breadcrumb","itemListElement":[{"@type":"ListItem","position":1,"name":"In\u00edcio","item":"https:\/\/adop.pt\/"},{"@type":"ListItem","position":2,"name":"ADoP representada em confer\u00eancia internacional da WADA sobre a Rede Global de Intelig\u00eancia e Investiga\u00e7\u00f5es Antidopagem"}]},{"@type":"WebSite","@id":"https:\/\/adop.pt\/#website","url":"https:\/\/adop.pt\/","name":"ADoP","description":"Autoridade Antidopagem de Portugal","publisher":{"@id":"https:\/\/adop.pt\/#organization"},"potentialAction":[{"@type":"SearchAction","target":{"@type":"EntryPoint","urlTemplate":"https:\/\/adop.pt\/?s={search_term_string}"},"query-input":{"@type":"PropertyValueSpecification","valueRequired":true,"valueName":"search_term_string"}}],"inLanguage":"en-GB"},{"@type":"Organization","@id":"https:\/\/adop.pt\/#organization","name":"ADoP","url":"https:\/\/adop.pt\/","logo":{"@type":"ImageObject","inLanguage":"en-GB","@id":"https:\/\/adop.pt\/#\/schema\/logo\/image\/","url":"https:\/\/adop.pt\/wp-content\/uploads\/2021\/11\/cropped-adop-logo-bg.jpg","contentUrl":"https:\/\/adop.pt\/wp-content\/uploads\/2021\/11\/cropped-adop-logo-bg.jpg","width":512,"height":512,"caption":"ADoP"},"image":{"@id":"https:\/\/adop.pt\/#\/schema\/logo\/image\/"},"sameAs":["https:\/\/www.facebook.com\/profile.php?id=61565720170060","https:\/\/www.instagram.com\/antidopagem\/"]},{"@type":"Person","@id":"https:\/\/adop.pt\/#\/schema\/person\/1611786b65fcf211f0faafbe0349b8ba","name":"ricardo-godinho","image":{"@type":"ImageObject","inLanguage":"en-GB","@id":"https:\/\/adop.pt\/#\/schema\/person\/image\/","url":"https:\/\/secure.gravatar.com\/avatar\/1791e2b4e34941471065f464b87f41e7260dab57659ad036e9524d173f1df156?s=96&d=mm&r=g","contentUrl":"https:\/\/secure.gravatar.com\/avatar\/1791e2b4e34941471065f464b87f41e7260dab57659ad036e9524d173f1df156?s=96&d=mm&r=g","caption":"ricardo-godinho"},"url":"https:\/\/adop.pt\/en\/author\/ricardo-godinho\/"}]}},"_links":{"self":[{"href":"https:\/\/adop.pt\/en\/wp-json\/wp\/v2\/posts\/35132","targetHints":{"allow":["GET"]}}],"collection":[{"href":"https:\/\/adop.pt\/en\/wp-json\/wp\/v2\/posts"}],"about":[{"href":"https:\/\/adop.pt\/en\/wp-json\/wp\/v2\/types\/post"}],"author":[{"embeddable":true,"href":"https:\/\/adop.pt\/en\/wp-json\/wp\/v2\/users\/10"}],"replies":[{"embeddable":true,"href":"https:\/\/adop.pt\/en\/wp-json\/wp\/v2\/comments?post=35132"}],"version-history":[{"count":1,"href":"https:\/\/adop.pt\/en\/wp-json\/wp\/v2\/posts\/35132\/revisions"}],"predecessor-version":[{"id":35135,"href":"https:\/\/adop.pt\/en\/wp-json\/wp\/v2\/posts\/35132\/revisions\/35135"}],"wp:featuredmedia":[{"embeddable":true,"href":"https:\/\/adop.pt\/en\/wp-json\/wp\/v2\/media\/35134"}],"wp:attachment":[{"href":"https:\/\/adop.pt\/en\/wp-json\/wp\/v2\/media?parent=35132"}],"wp:term":[{"taxonomy":"category","embeddable":true,"href":"https:\/\/adop.pt\/en\/wp-json\/wp\/v2\/categories?post=35132"},{"taxonomy":"post_tag","embeddable":true,"href":"https:\/\/adop.pt\/en\/wp-json\/wp\/v2\/tags?post=35132"}],"curies":[{"name":"wp","href":"https:\/\/api.w.org\/{rel}","templated":true}]}}