








{"id":3654,"date":"2024-11-26T17:05:15","date_gmt":"2024-11-26T17:05:15","guid":{"rendered":"https:\/\/adop.pt\/?p=3654"},"modified":"2024-11-26T17:05:15","modified_gmt":"2024-11-26T17:05:15","slug":"adop-no-record-summit-75-anos-ao-servico-do-desporto","status":"publish","type":"post","link":"https:\/\/adop.pt\/en\/adop-no-record-summit-75-anos-ao-servico-do-desporto\/","title":{"rendered":"ADoP no Record Summit &#8211; 75 anos ao servi\u00e7o do Desporto"},"content":{"rendered":"<p>A Autoridade Antidopagem de Portugal esteve ontem presente na Record Summit, evento que assinalou os 75 anos do Jornal Record, importante ve\u00edculo de comunica\u00e7\u00e3o no Desporto e na Sociedade.<br \/>\nEstivemos representados pelo nosso Diretor Executivo Doutor Ant\u00f3nio J\u00falio Nunes, que teve oportunidade de representar e salientar a import\u00e2ncia do papel da ADoP no Desporto Nacional.<\/p>\n<p>Importante e relevante a presen\u00e7a e discurso de Sua Excel\u00eancia o Ministro dos Assuntos Parlamentares Doutor Pedro Duarte, que proferiu um brilhante discurso sobre os valores que protegem e promovem a integridade no desporto.<\/p>\n<p>No seu discurso, destacou a import\u00e2ncia de preservar o Esp\u00edrito Desportivo e os princ\u00edpios \u00e9ticos que sustentam a pr\u00e1tica do desporto, enfatizando a necessidade de combater a corrup\u00e7\u00e3o, a discrimina\u00e7\u00e3o e outras amea\u00e7as que possam comprometer a ess\u00eancia do Desporto.<\/p>\n<p>Pediu ainda unidade entre entidades governamentais, organiza\u00e7\u00f5es desportivas e sociedade civil para garantir que esses valores sejam protegidos e transmitidos \u00e0s gera\u00e7\u00f5es futuras.<\/p>\n<p>A ADoP estar\u00e1 sempre na linha da frente desta miss\u00e3o!!<\/p>\n<p>Juntos pelo Desporto!!<\/p>\n<p>#adop #antidopingportugal #wada #cleansport #playtrue #antidopagem #AntiDoping #ita<img loading=\"lazy\" decoding=\"async\" class=\"alignnone size-medium wp-image-3655\" src=\"https:\/\/adop.pt\/wp-content\/uploads\/2024\/11\/IMG-20241126-WA0009-182x300.jpg\" alt=\"\" width=\"182\" height=\"300\" \/> <img loading=\"lazy\" decoding=\"async\" class=\"alignnone size-medium wp-image-3656\" src=\"https:\/\/adop.pt\/wp-content\/uploads\/2024\/11\/IMG-20241126-WA0010-234x300.jpg\" alt=\"\" width=\"234\" height=\"300\" \/> <img loading=\"lazy\" decoding=\"async\" class=\"alignnone size-medium wp-image-3657\" src=\"https:\/\/adop.pt\/wp-content\/uploads\/2024\/11\/IMG-20241126-WA0008-181x300.jpg\" alt=\"\" width=\"181\" height=\"300\" \/> <img loading=\"lazy\" decoding=\"async\" class=\"alignnone size-medium wp-image-3658\" src=\"https:\/\/adop.pt\/wp-content\/uploads\/2024\/11\/IMG-20241126-WA0007-232x300.jpg\" alt=\"\" width=\"232\" height=\"300\" \/> <img loading=\"lazy\" decoding=\"async\" class=\"alignnone size-medium wp-image-3659\" src=\"https:\/\/adop.pt\/wp-content\/uploads\/2024\/11\/IMG-20241126-WA0006-228x300.jpg\" alt=\"\" width=\"228\" height=\"300\" \/> <img loading=\"lazy\" decoding=\"async\" class=\"alignnone size-medium wp-image-3660\" src=\"https:\/\/adop.pt\/wp-content\/uploads\/2024\/11\/IMG-20241126-WA0005-275x300.jpg\" alt=\"\" width=\"275\" height=\"300\" \/><\/p>","protected":false},"excerpt":{"rendered":"<p>A Autoridade Antidopagem de Portugal esteve ontem presente na Record Summit, evento que assinalou os 75 anos do Jornal Record, importante ve\u00edculo de comunica\u00e7\u00e3o no Desporto e na Sociedade. Estivemos representados pelo nosso Diretor Executivo Doutor Ant\u00f3nio J\u00falio Nunes, que teve oportunidade de representar e salientar a import\u00e2ncia do papel da ADoP no Desporto Nacional. [&hellip;]<\/p>","protected":false},"author":5,"featured_media":3655,"comment_status":"open","ping_status":"open","sticky":false,"template":"","format":"standard","meta":{"_et_pb_use_builder":"","_et_pb_old_content":"","_et_gb_content_width":"","inline_featured_image":false,"footnotes":""},"categories":[1],"tags":[],"class_list":["post-3654","post","type-post","status-publish","format-standard","has-post-thumbnail","hentry","category-sem-categoria"],"acf":[],"yoast_head":"<!-- This site is optimized with the Yoast SEO plugin v25.4 - https:\/\/yoast.com\/wordpress\/plugins\/seo\/ -->\n<title>ADoP no Record Summit - 75 anos ao servi\u00e7o do Desporto - ADoP<\/title>\n<meta name=\"robots\" content=\"index, follow, max-snippet:-1, max-image-preview:large, max-video-preview:-1\" \/>\n<link rel=\"canonical\" href=\"https:\/\/adop.pt\/en\/adop-no-record-summit-75-anos-ao-servico-do-desporto\/\" \/>\n<meta property=\"og:locale\" content=\"en_GB\" \/>\n<meta property=\"og:type\" content=\"article\" \/>\n<meta property=\"og:title\" content=\"ADoP no Record Summit - 75 anos ao servi\u00e7o do Desporto - ADoP\" \/>\n<meta property=\"og:description\" content=\"A Autoridade Antidopagem de Portugal esteve ontem presente na Record Summit, evento que assinalou os 75 anos do Jornal Record, importante ve\u00edculo de comunica\u00e7\u00e3o no Desporto e na Sociedade. Estivemos representados pelo nosso Diretor Executivo Doutor Ant\u00f3nio J\u00falio Nunes, que teve oportunidade de representar e salientar a import\u00e2ncia do papel da ADoP no Desporto Nacional. [&hellip;]\" \/>\n<meta property=\"og:url\" content=\"https:\/\/adop.pt\/en\/adop-no-record-summit-75-anos-ao-servico-do-desporto\/\" \/>\n<meta property=\"og:site_name\" content=\"ADoP\" \/>\n<meta property=\"article:publisher\" content=\"https:\/\/www.facebook.com\/profile.php?id=61565720170060\" \/>\n<meta property=\"article:published_time\" content=\"2024-11-26T17:05:15+00:00\" \/>\n<meta property=\"og:image\" content=\"https:\/\/adop.pt\/wp-content\/uploads\/2024\/11\/IMG-20241126-WA0009.jpg\" \/>\n\t<meta property=\"og:image:width\" content=\"969\" \/>\n\t<meta property=\"og:image:height\" content=\"1600\" \/>\n\t<meta property=\"og:image:type\" content=\"image\/jpeg\" \/>\n<meta name=\"author\" content=\"carlos.santos\" \/>\n<meta name=\"twitter:card\" content=\"summary_large_image\" \/>\n<meta name=\"twitter:label1\" content=\"Written by\" \/>\n\t<meta name=\"twitter:data1\" content=\"carlos.santos\" \/>\n\t<meta name=\"twitter:label2\" content=\"Estimated reading time\" \/>\n\t<meta name=\"twitter:data2\" content=\"3 minutes\" \/>\n<script type=\"application\/ld+json\" class=\"yoast-schema-graph\">{\"@context\":\"https:\/\/schema.org\",\"@graph\":[{\"@type\":\"Article\",\"@id\":\"https:\/\/adop.pt\/adop-no-record-summit-75-anos-ao-servico-do-desporto\/#article\",\"isPartOf\":{\"@id\":\"https:\/\/adop.pt\/adop-no-record-summit-75-anos-ao-servico-do-desporto\/\"},\"author\":{\"name\":\"carlos.santos\",\"@id\":\"https:\/\/adop.pt\/#\/schema\/person\/b98187728be24c234000e3a08f383b89\"},\"headline\":\"ADoP no Record Summit &#8211; 75 anos ao servi\u00e7o do Desporto\",\"datePublished\":\"2024-11-26T17:05:15+00:00\",\"mainEntityOfPage\":{\"@id\":\"https:\/\/adop.pt\/adop-no-record-summit-75-anos-ao-servico-do-desporto\/\"},\"wordCount\":201,\"commentCount\":0,\"publisher\":{\"@id\":\"https:\/\/adop.pt\/#organization\"},\"image\":{\"@id\":\"https:\/\/adop.pt\/adop-no-record-summit-75-anos-ao-servico-do-desporto\/#primaryimage\"},\"thumbnailUrl\":\"https:\/\/adop.pt\/wp-content\/uploads\/2024\/11\/IMG-20241126-WA0009.jpg\",\"articleSection\":[\"Sem categoria\"],\"inLanguage\":\"en-GB\",\"potentialAction\":[{\"@type\":\"CommentAction\",\"name\":\"Comment\",\"target\":[\"https:\/\/adop.pt\/adop-no-record-summit-75-anos-ao-servico-do-desporto\/#respond\"]}]},{\"@type\":\"WebPage\",\"@id\":\"https:\/\/adop.pt\/adop-no-record-summit-75-anos-ao-servico-do-desporto\/\",\"url\":\"https:\/\/adop.pt\/adop-no-record-summit-75-anos-ao-servico-do-desporto\/\",\"name\":\"ADoP no Record Summit - 75 anos ao servi\u00e7o do Desporto - ADoP\",\"isPartOf\":{\"@id\":\"https:\/\/adop.pt\/#website\"},\"primaryImageOfPage\":{\"@id\":\"https:\/\/adop.pt\/adop-no-record-summit-75-anos-ao-servico-do-desporto\/#primaryimage\"},\"image\":{\"@id\":\"https:\/\/adop.pt\/adop-no-record-summit-75-anos-ao-servico-do-desporto\/#primaryimage\"},\"thumbnailUrl\":\"https:\/\/adop.pt\/wp-content\/uploads\/2024\/11\/IMG-20241126-WA0009.jpg\",\"datePublished\":\"2024-11-26T17:05:15+00:00\",\"breadcrumb\":{\"@id\":\"https:\/\/adop.pt\/adop-no-record-summit-75-anos-ao-servico-do-desporto\/#breadcrumb\"},\"inLanguage\":\"en-GB\",\"potentialAction\":[{\"@type\":\"ReadAction\",\"target\":[\"https:\/\/adop.pt\/adop-no-record-summit-75-anos-ao-servico-do-desporto\/\"]}]},{\"@type\":\"ImageObject\",\"inLanguage\":\"en-GB\",\"@id\":\"https:\/\/adop.pt\/adop-no-record-summit-75-anos-ao-servico-do-desporto\/#primaryimage\",\"url\":\"https:\/\/adop.pt\/wp-content\/uploads\/2024\/11\/IMG-20241126-WA0009.jpg\",\"contentUrl\":\"https:\/\/adop.pt\/wp-content\/uploads\/2024\/11\/IMG-20241126-WA0009.jpg\",\"width\":969,\"height\":1600},{\"@type\":\"BreadcrumbList\",\"@id\":\"https:\/\/adop.pt\/adop-no-record-summit-75-anos-ao-servico-do-desporto\/#breadcrumb\",\"itemListElement\":[{\"@type\":\"ListItem\",\"position\":1,\"name\":\"In\u00edcio\",\"item\":\"https:\/\/adop.pt\/\"},{\"@type\":\"ListItem\",\"position\":2,\"name\":\"ADoP no Record Summit &#8211; 75 anos ao servi\u00e7o do Desporto\"}]},{\"@type\":\"WebSite\",\"@id\":\"https:\/\/adop.pt\/#website\",\"url\":\"https:\/\/adop.pt\/\",\"name\":\"ADoP\",\"description\":\"Autoridade Antidopagem de Portugal\",\"publisher\":{\"@id\":\"https:\/\/adop.pt\/#organization\"},\"potentialAction\":[{\"@type\":\"SearchAction\",\"target\":{\"@type\":\"EntryPoint\",\"urlTemplate\":\"https:\/\/adop.pt\/?s={search_term_string}\"},\"query-input\":{\"@type\":\"PropertyValueSpecification\",\"valueRequired\":true,\"valueName\":\"search_term_string\"}}],\"inLanguage\":\"en-GB\"},{\"@type\":\"Organization\",\"@id\":\"https:\/\/adop.pt\/#organization\",\"name\":\"ADoP\",\"url\":\"https:\/\/adop.pt\/\",\"logo\":{\"@type\":\"ImageObject\",\"inLanguage\":\"en-GB\",\"@id\":\"https:\/\/adop.pt\/#\/schema\/logo\/image\/\",\"url\":\"https:\/\/adop.pt\/wp-content\/uploads\/2021\/11\/cropped-adop-logo-bg.jpg\",\"contentUrl\":\"https:\/\/adop.pt\/wp-content\/uploads\/2021\/11\/cropped-adop-logo-bg.jpg\",\"width\":512,\"height\":512,\"caption\":\"ADoP\"},\"image\":{\"@id\":\"https:\/\/adop.pt\/#\/schema\/logo\/image\/\"},\"sameAs\":[\"https:\/\/www.facebook.com\/profile.php?id=61565720170060\",\"https:\/\/www.instagram.com\/antidopagem\/\"]},{\"@type\":\"Person\",\"@id\":\"https:\/\/adop.pt\/#\/schema\/person\/b98187728be24c234000e3a08f383b89\",\"name\":\"carlos.santos\",\"image\":{\"@type\":\"ImageObject\",\"inLanguage\":\"en-GB\",\"@id\":\"https:\/\/adop.pt\/#\/schema\/person\/image\/\",\"url\":\"https:\/\/secure.gravatar.com\/avatar\/c49c68bc6498f62a8b1a53400a01ab6909ba53a5ad2bf91c4137b8d78d27907b?s=96&d=mm&r=g\",\"contentUrl\":\"https:\/\/secure.gravatar.com\/avatar\/c49c68bc6498f62a8b1a53400a01ab6909ba53a5ad2bf91c4137b8d78d27907b?s=96&d=mm&r=g\",\"caption\":\"carlos.santos\"},\"sameAs\":[\"http:\/\/ds-dev\"],\"url\":\"https:\/\/adop.pt\/en\/author\/carlos-santos\/\"}]}<\/script>\n<!-- \/ Yoast SEO plugin. -->","yoast_head_json":{"title":"ADoP no Record Summit - 75 anos ao servi\u00e7o do Desporto - ADoP","robots":{"index":"index","follow":"follow","max-snippet":"max-snippet:-1","max-image-preview":"max-image-preview:large","max-video-preview":"max-video-preview:-1"},"canonical":"https:\/\/adop.pt\/en\/adop-no-record-summit-75-anos-ao-servico-do-desporto\/","og_locale":"en_GB","og_type":"article","og_title":"ADoP no Record Summit - 75 anos ao servi\u00e7o do Desporto - ADoP","og_description":"A Autoridade Antidopagem de Portugal esteve ontem presente na Record Summit, evento que assinalou os 75 anos do Jornal Record, importante ve\u00edculo de comunica\u00e7\u00e3o no Desporto e na Sociedade. Estivemos representados pelo nosso Diretor Executivo Doutor Ant\u00f3nio J\u00falio Nunes, que teve oportunidade de representar e salientar a import\u00e2ncia do papel da ADoP no Desporto Nacional. [&hellip;]","og_url":"https:\/\/adop.pt\/en\/adop-no-record-summit-75-anos-ao-servico-do-desporto\/","og_site_name":"ADoP","article_publisher":"https:\/\/www.facebook.com\/profile.php?id=61565720170060","article_published_time":"2024-11-26T17:05:15+00:00","og_image":[{"width":969,"height":1600,"url":"https:\/\/adop.pt\/wp-content\/uploads\/2024\/11\/IMG-20241126-WA0009.jpg","type":"image\/jpeg"}],"author":"carlos.santos","twitter_card":"summary_large_image","twitter_misc":{"Written by":"carlos.santos","Estimated reading time":"3 minutes"},"schema":{"@context":"https:\/\/schema.org","@graph":[{"@type":"Article","@id":"https:\/\/adop.pt\/adop-no-record-summit-75-anos-ao-servico-do-desporto\/#article","isPartOf":{"@id":"https:\/\/adop.pt\/adop-no-record-summit-75-anos-ao-servico-do-desporto\/"},"author":{"name":"carlos.santos","@id":"https:\/\/adop.pt\/#\/schema\/person\/b98187728be24c234000e3a08f383b89"},"headline":"ADoP no Record Summit &#8211; 75 anos ao servi\u00e7o do Desporto","datePublished":"2024-11-26T17:05:15+00:00","mainEntityOfPage":{"@id":"https:\/\/adop.pt\/adop-no-record-summit-75-anos-ao-servico-do-desporto\/"},"wordCount":201,"commentCount":0,"publisher":{"@id":"https:\/\/adop.pt\/#organization"},"image":{"@id":"https:\/\/adop.pt\/adop-no-record-summit-75-anos-ao-servico-do-desporto\/#primaryimage"},"thumbnailUrl":"https:\/\/adop.pt\/wp-content\/uploads\/2024\/11\/IMG-20241126-WA0009.jpg","articleSection":["Sem categoria"],"inLanguage":"en-GB","potentialAction":[{"@type":"CommentAction","name":"Comment","target":["https:\/\/adop.pt\/adop-no-record-summit-75-anos-ao-servico-do-desporto\/#respond"]}]},{"@type":"WebPage","@id":"https:\/\/adop.pt\/adop-no-record-summit-75-anos-ao-servico-do-desporto\/","url":"https:\/\/adop.pt\/adop-no-record-summit-75-anos-ao-servico-do-desporto\/","name":"ADoP no Record Summit - 75 anos ao servi\u00e7o do Desporto - ADoP","isPartOf":{"@id":"https:\/\/adop.pt\/#website"},"primaryImageOfPage":{"@id":"https:\/\/adop.pt\/adop-no-record-summit-75-anos-ao-servico-do-desporto\/#primaryimage"},"image":{"@id":"https:\/\/adop.pt\/adop-no-record-summit-75-anos-ao-servico-do-desporto\/#primaryimage"},"thumbnailUrl":"https:\/\/adop.pt\/wp-content\/uploads\/2024\/11\/IMG-20241126-WA0009.jpg","datePublished":"2024-11-26T17:05:15+00:00","breadcrumb":{"@id":"https:\/\/adop.pt\/adop-no-record-summit-75-anos-ao-servico-do-desporto\/#breadcrumb"},"inLanguage":"en-GB","potentialAction":[{"@type":"ReadAction","target":["https:\/\/adop.pt\/adop-no-record-summit-75-anos-ao-servico-do-desporto\/"]}]},{"@type":"ImageObject","inLanguage":"en-GB","@id":"https:\/\/adop.pt\/adop-no-record-summit-75-anos-ao-servico-do-desporto\/#primaryimage","url":"https:\/\/adop.pt\/wp-content\/uploads\/2024\/11\/IMG-20241126-WA0009.jpg","contentUrl":"https:\/\/adop.pt\/wp-content\/uploads\/2024\/11\/IMG-20241126-WA0009.jpg","width":969,"height":1600},{"@type":"BreadcrumbList","@id":"https:\/\/adop.pt\/adop-no-record-summit-75-anos-ao-servico-do-desporto\/#breadcrumb","itemListElement":[{"@type":"ListItem","position":1,"name":"In\u00edcio","item":"https:\/\/adop.pt\/"},{"@type":"ListItem","position":2,"name":"ADoP no Record Summit &#8211; 75 anos ao servi\u00e7o do Desporto"}]},{"@type":"WebSite","@id":"https:\/\/adop.pt\/#website","url":"https:\/\/adop.pt\/","name":"ADoP","description":"Autoridade Antidopagem de Portugal","publisher":{"@id":"https:\/\/adop.pt\/#organization"},"potentialAction":[{"@type":"SearchAction","target":{"@type":"EntryPoint","urlTemplate":"https:\/\/adop.pt\/?s={search_term_string}"},"query-input":{"@type":"PropertyValueSpecification","valueRequired":true,"valueName":"search_term_string"}}],"inLanguage":"en-GB"},{"@type":"Organization","@id":"https:\/\/adop.pt\/#organization","name":"ADoP","url":"https:\/\/adop.pt\/","logo":{"@type":"ImageObject","inLanguage":"en-GB","@id":"https:\/\/adop.pt\/#\/schema\/logo\/image\/","url":"https:\/\/adop.pt\/wp-content\/uploads\/2021\/11\/cropped-adop-logo-bg.jpg","contentUrl":"https:\/\/adop.pt\/wp-content\/uploads\/2021\/11\/cropped-adop-logo-bg.jpg","width":512,"height":512,"caption":"ADoP"},"image":{"@id":"https:\/\/adop.pt\/#\/schema\/logo\/image\/"},"sameAs":["https:\/\/www.facebook.com\/profile.php?id=61565720170060","https:\/\/www.instagram.com\/antidopagem\/"]},{"@type":"Person","@id":"https:\/\/adop.pt\/#\/schema\/person\/b98187728be24c234000e3a08f383b89","name":"carlos.santos","image":{"@type":"ImageObject","inLanguage":"en-GB","@id":"https:\/\/adop.pt\/#\/schema\/person\/image\/","url":"https:\/\/secure.gravatar.com\/avatar\/c49c68bc6498f62a8b1a53400a01ab6909ba53a5ad2bf91c4137b8d78d27907b?s=96&d=mm&r=g","contentUrl":"https:\/\/secure.gravatar.com\/avatar\/c49c68bc6498f62a8b1a53400a01ab6909ba53a5ad2bf91c4137b8d78d27907b?s=96&d=mm&r=g","caption":"carlos.santos"},"sameAs":["http:\/\/ds-dev"],"url":"https:\/\/adop.pt\/en\/author\/carlos-santos\/"}]}},"_links":{"self":[{"href":"https:\/\/adop.pt\/en\/wp-json\/wp\/v2\/posts\/3654","targetHints":{"allow":["GET"]}}],"collection":[{"href":"https:\/\/adop.pt\/en\/wp-json\/wp\/v2\/posts"}],"about":[{"href":"https:\/\/adop.pt\/en\/wp-json\/wp\/v2\/types\/post"}],"author":[{"embeddable":true,"href":"https:\/\/adop.pt\/en\/wp-json\/wp\/v2\/users\/5"}],"replies":[{"embeddable":true,"href":"https:\/\/adop.pt\/en\/wp-json\/wp\/v2\/comments?post=3654"}],"version-history":[{"count":1,"href":"https:\/\/adop.pt\/en\/wp-json\/wp\/v2\/posts\/3654\/revisions"}],"predecessor-version":[{"id":3661,"href":"https:\/\/adop.pt\/en\/wp-json\/wp\/v2\/posts\/3654\/revisions\/3661"}],"wp:featuredmedia":[{"embeddable":true,"href":"https:\/\/adop.pt\/en\/wp-json\/wp\/v2\/media\/3655"}],"wp:attachment":[{"href":"https:\/\/adop.pt\/en\/wp-json\/wp\/v2\/media?parent=3654"}],"wp:term":[{"taxonomy":"category","embeddable":true,"href":"https:\/\/adop.pt\/en\/wp-json\/wp\/v2\/categories?post=3654"},{"taxonomy":"post_tag","embeddable":true,"href":"https:\/\/adop.pt\/en\/wp-json\/wp\/v2\/tags?post=3654"}],"curies":[{"name":"wp","href":"https:\/\/api.w.org\/{rel}","templated":true}]}}