








{"id":3846,"date":"2024-12-16T15:39:56","date_gmt":"2024-12-16T15:39:56","guid":{"rendered":"https:\/\/adop.pt\/?p=3846"},"modified":"2024-12-20T18:24:34","modified_gmt":"2024-12-20T18:24:34","slug":"adop-na-conferencia-tolerancia-zero-a-todas-as-formas-de-violencia-e-abuso","status":"publish","type":"post","link":"https:\/\/adop.pt\/en\/adop-na-conferencia-tolerancia-zero-a-todas-as-formas-de-violencia-e-abuso\/","title":{"rendered":"ADoP na Confer\u00eancia &#8220;Toler\u00e2ncia Zero a todas as formas de viol\u00eancia e abuso"},"content":{"rendered":"<p>A Autoridade Antidopagem de Portugal esteve representada pelo seu Presidente, Dr. Manuel Brito, na Confer\u00eancia &#8220;Toler\u00e2ncia Zero \u00e0 todas as formas de viol\u00eancia e abuso, organizado pelo Comit\u00e9 Ol\u00edmpico de Portugal, no passado dia 12 de Dezembro. Est\u00e1 Confer\u00eancia foi a final, de um programa dinamizado pelo COP com o lema &#8220;Pelo Respeito&#8221;.<\/p>\n<p>&nbsp;<\/p>\n<p>Juntos, pelo Desporto!<\/p>\n<p><img loading=\"lazy\" decoding=\"async\" class=\"alignnone size-medium wp-image-3848\" src=\"https:\/\/adop.pt\/wp-content\/uploads\/2024\/12\/IMG-20241216-WA0002-300x148.jpg\" alt=\"\" width=\"300\" height=\"148\" \/><\/p>","protected":false},"excerpt":{"rendered":"<p>A Autoridade Antidopagem de Portugal esteve representada pelo seu Presidente, Dr. Manuel Brito, na Confer\u00eancia &#8220;Toler\u00e2ncia Zero \u00e0 todas as formas de viol\u00eancia e abuso, organizado pelo Comit\u00e9 Ol\u00edmpico de Portugal, no passado dia 12 de Dezembro. Est\u00e1 Confer\u00eancia foi a final, de um programa dinamizado pelo COP com o lema &#8220;Pelo Respeito&#8221;. &nbsp; Juntos, [&hellip;]<\/p>","protected":false},"author":5,"featured_media":3848,"comment_status":"closed","ping_status":"closed","sticky":false,"template":"","format":"standard","meta":{"_et_pb_use_builder":"","_et_pb_old_content":"","_et_gb_content_width":"","inline_featured_image":false,"footnotes":""},"categories":[1],"tags":[],"class_list":["post-3846","post","type-post","status-publish","format-standard","has-post-thumbnail","hentry","category-sem-categoria"],"acf":[],"yoast_head":"<!-- This site is optimized with the Yoast SEO plugin v25.4 - https:\/\/yoast.com\/wordpress\/plugins\/seo\/ -->\n<title>ADoP na Confer\u00eancia &quot;Toler\u00e2ncia Zero a todas as formas de viol\u00eancia e abuso - ADoP<\/title>\n<meta name=\"robots\" content=\"index, follow, max-snippet:-1, max-image-preview:large, max-video-preview:-1\" \/>\n<link rel=\"canonical\" href=\"https:\/\/adop.pt\/en\/adop-na-conferencia-tolerancia-zero-a-todas-as-formas-de-violencia-e-abuso\/\" \/>\n<meta property=\"og:locale\" content=\"en_GB\" \/>\n<meta property=\"og:type\" content=\"article\" \/>\n<meta property=\"og:title\" content=\"ADoP na Confer\u00eancia &quot;Toler\u00e2ncia Zero a todas as formas de viol\u00eancia e abuso - ADoP\" \/>\n<meta property=\"og:description\" content=\"A Autoridade Antidopagem de Portugal esteve representada pelo seu Presidente, Dr. Manuel Brito, na Confer\u00eancia &#8220;Toler\u00e2ncia Zero \u00e0 todas as formas de viol\u00eancia e abuso, organizado pelo Comit\u00e9 Ol\u00edmpico de Portugal, no passado dia 12 de Dezembro. Est\u00e1 Confer\u00eancia foi a final, de um programa dinamizado pelo COP com o lema &#8220;Pelo Respeito&#8221;. &nbsp; Juntos, [&hellip;]\" \/>\n<meta property=\"og:url\" content=\"https:\/\/adop.pt\/en\/adop-na-conferencia-tolerancia-zero-a-todas-as-formas-de-violencia-e-abuso\/\" \/>\n<meta property=\"og:site_name\" content=\"ADoP\" \/>\n<meta property=\"article:publisher\" content=\"https:\/\/www.facebook.com\/profile.php?id=61565720170060\" \/>\n<meta property=\"article:published_time\" content=\"2024-12-16T15:39:56+00:00\" \/>\n<meta property=\"article:modified_time\" content=\"2024-12-20T18:24:34+00:00\" \/>\n<meta property=\"og:image\" content=\"https:\/\/adop.pt\/wp-content\/uploads\/2024\/12\/IMG-20241216-WA0002.jpg\" \/>\n\t<meta property=\"og:image:width\" content=\"679\" \/>\n\t<meta property=\"og:image:height\" content=\"335\" \/>\n\t<meta property=\"og:image:type\" content=\"image\/jpeg\" \/>\n<meta name=\"author\" content=\"carlos.santos\" \/>\n<meta name=\"twitter:card\" content=\"summary_large_image\" \/>\n<meta name=\"twitter:label1\" content=\"Written by\" \/>\n\t<meta name=\"twitter:data1\" content=\"carlos.santos\" \/>\n\t<meta name=\"twitter:label2\" content=\"Estimated reading time\" \/>\n\t<meta name=\"twitter:data2\" content=\"1 minute\" \/>\n<script type=\"application\/ld+json\" class=\"yoast-schema-graph\">{\"@context\":\"https:\/\/schema.org\",\"@graph\":[{\"@type\":\"Article\",\"@id\":\"https:\/\/adop.pt\/adop-na-conferencia-tolerancia-zero-a-todas-as-formas-de-violencia-e-abuso\/#article\",\"isPartOf\":{\"@id\":\"https:\/\/adop.pt\/adop-na-conferencia-tolerancia-zero-a-todas-as-formas-de-violencia-e-abuso\/\"},\"author\":{\"name\":\"carlos.santos\",\"@id\":\"https:\/\/adop.pt\/#\/schema\/person\/b98187728be24c234000e3a08f383b89\"},\"headline\":\"ADoP na Confer\u00eancia &#8220;Toler\u00e2ncia Zero a todas as formas de viol\u00eancia e abuso\",\"datePublished\":\"2024-12-16T15:39:56+00:00\",\"dateModified\":\"2024-12-20T18:24:34+00:00\",\"mainEntityOfPage\":{\"@id\":\"https:\/\/adop.pt\/adop-na-conferencia-tolerancia-zero-a-todas-as-formas-de-violencia-e-abuso\/\"},\"wordCount\":76,\"publisher\":{\"@id\":\"https:\/\/adop.pt\/#organization\"},\"image\":{\"@id\":\"https:\/\/adop.pt\/adop-na-conferencia-tolerancia-zero-a-todas-as-formas-de-violencia-e-abuso\/#primaryimage\"},\"thumbnailUrl\":\"https:\/\/adop.pt\/wp-content\/uploads\/2024\/12\/IMG-20241216-WA0002.jpg\",\"articleSection\":[\"Sem categoria\"],\"inLanguage\":\"en-GB\"},{\"@type\":\"WebPage\",\"@id\":\"https:\/\/adop.pt\/adop-na-conferencia-tolerancia-zero-a-todas-as-formas-de-violencia-e-abuso\/\",\"url\":\"https:\/\/adop.pt\/adop-na-conferencia-tolerancia-zero-a-todas-as-formas-de-violencia-e-abuso\/\",\"name\":\"ADoP na Confer\u00eancia \\\"Toler\u00e2ncia Zero a todas as formas de viol\u00eancia e abuso - ADoP\",\"isPartOf\":{\"@id\":\"https:\/\/adop.pt\/#website\"},\"primaryImageOfPage\":{\"@id\":\"https:\/\/adop.pt\/adop-na-conferencia-tolerancia-zero-a-todas-as-formas-de-violencia-e-abuso\/#primaryimage\"},\"image\":{\"@id\":\"https:\/\/adop.pt\/adop-na-conferencia-tolerancia-zero-a-todas-as-formas-de-violencia-e-abuso\/#primaryimage\"},\"thumbnailUrl\":\"https:\/\/adop.pt\/wp-content\/uploads\/2024\/12\/IMG-20241216-WA0002.jpg\",\"datePublished\":\"2024-12-16T15:39:56+00:00\",\"dateModified\":\"2024-12-20T18:24:34+00:00\",\"breadcrumb\":{\"@id\":\"https:\/\/adop.pt\/adop-na-conferencia-tolerancia-zero-a-todas-as-formas-de-violencia-e-abuso\/#breadcrumb\"},\"inLanguage\":\"en-GB\",\"potentialAction\":[{\"@type\":\"ReadAction\",\"target\":[\"https:\/\/adop.pt\/adop-na-conferencia-tolerancia-zero-a-todas-as-formas-de-violencia-e-abuso\/\"]}]},{\"@type\":\"ImageObject\",\"inLanguage\":\"en-GB\",\"@id\":\"https:\/\/adop.pt\/adop-na-conferencia-tolerancia-zero-a-todas-as-formas-de-violencia-e-abuso\/#primaryimage\",\"url\":\"https:\/\/adop.pt\/wp-content\/uploads\/2024\/12\/IMG-20241216-WA0002.jpg\",\"contentUrl\":\"https:\/\/adop.pt\/wp-content\/uploads\/2024\/12\/IMG-20241216-WA0002.jpg\",\"width\":679,\"height\":335},{\"@type\":\"BreadcrumbList\",\"@id\":\"https:\/\/adop.pt\/adop-na-conferencia-tolerancia-zero-a-todas-as-formas-de-violencia-e-abuso\/#breadcrumb\",\"itemListElement\":[{\"@type\":\"ListItem\",\"position\":1,\"name\":\"In\u00edcio\",\"item\":\"https:\/\/adop.pt\/\"},{\"@type\":\"ListItem\",\"position\":2,\"name\":\"ADoP na Confer\u00eancia &#8220;Toler\u00e2ncia Zero a todas as formas de viol\u00eancia e abuso\"}]},{\"@type\":\"WebSite\",\"@id\":\"https:\/\/adop.pt\/#website\",\"url\":\"https:\/\/adop.pt\/\",\"name\":\"ADoP\",\"description\":\"Autoridade Antidopagem de Portugal\",\"publisher\":{\"@id\":\"https:\/\/adop.pt\/#organization\"},\"potentialAction\":[{\"@type\":\"SearchAction\",\"target\":{\"@type\":\"EntryPoint\",\"urlTemplate\":\"https:\/\/adop.pt\/?s={search_term_string}\"},\"query-input\":{\"@type\":\"PropertyValueSpecification\",\"valueRequired\":true,\"valueName\":\"search_term_string\"}}],\"inLanguage\":\"en-GB\"},{\"@type\":\"Organization\",\"@id\":\"https:\/\/adop.pt\/#organization\",\"name\":\"ADoP\",\"url\":\"https:\/\/adop.pt\/\",\"logo\":{\"@type\":\"ImageObject\",\"inLanguage\":\"en-GB\",\"@id\":\"https:\/\/adop.pt\/#\/schema\/logo\/image\/\",\"url\":\"https:\/\/adop.pt\/wp-content\/uploads\/2021\/11\/cropped-adop-logo-bg.jpg\",\"contentUrl\":\"https:\/\/adop.pt\/wp-content\/uploads\/2021\/11\/cropped-adop-logo-bg.jpg\",\"width\":512,\"height\":512,\"caption\":\"ADoP\"},\"image\":{\"@id\":\"https:\/\/adop.pt\/#\/schema\/logo\/image\/\"},\"sameAs\":[\"https:\/\/www.facebook.com\/profile.php?id=61565720170060\",\"https:\/\/www.instagram.com\/antidopagem\/\"]},{\"@type\":\"Person\",\"@id\":\"https:\/\/adop.pt\/#\/schema\/person\/b98187728be24c234000e3a08f383b89\",\"name\":\"carlos.santos\",\"image\":{\"@type\":\"ImageObject\",\"inLanguage\":\"en-GB\",\"@id\":\"https:\/\/adop.pt\/#\/schema\/person\/image\/\",\"url\":\"https:\/\/secure.gravatar.com\/avatar\/c49c68bc6498f62a8b1a53400a01ab6909ba53a5ad2bf91c4137b8d78d27907b?s=96&d=mm&r=g\",\"contentUrl\":\"https:\/\/secure.gravatar.com\/avatar\/c49c68bc6498f62a8b1a53400a01ab6909ba53a5ad2bf91c4137b8d78d27907b?s=96&d=mm&r=g\",\"caption\":\"carlos.santos\"},\"sameAs\":[\"http:\/\/ds-dev\"],\"url\":\"https:\/\/adop.pt\/en\/author\/carlos-santos\/\"}]}<\/script>\n<!-- \/ Yoast SEO plugin. -->","yoast_head_json":{"title":"ADoP na Confer\u00eancia \"Toler\u00e2ncia Zero a todas as formas de viol\u00eancia e abuso - ADoP","robots":{"index":"index","follow":"follow","max-snippet":"max-snippet:-1","max-image-preview":"max-image-preview:large","max-video-preview":"max-video-preview:-1"},"canonical":"https:\/\/adop.pt\/en\/adop-na-conferencia-tolerancia-zero-a-todas-as-formas-de-violencia-e-abuso\/","og_locale":"en_GB","og_type":"article","og_title":"ADoP na Confer\u00eancia \"Toler\u00e2ncia Zero a todas as formas de viol\u00eancia e abuso - ADoP","og_description":"A Autoridade Antidopagem de Portugal esteve representada pelo seu Presidente, Dr. Manuel Brito, na Confer\u00eancia &#8220;Toler\u00e2ncia Zero \u00e0 todas as formas de viol\u00eancia e abuso, organizado pelo Comit\u00e9 Ol\u00edmpico de Portugal, no passado dia 12 de Dezembro. Est\u00e1 Confer\u00eancia foi a final, de um programa dinamizado pelo COP com o lema &#8220;Pelo Respeito&#8221;. &nbsp; Juntos, [&hellip;]","og_url":"https:\/\/adop.pt\/en\/adop-na-conferencia-tolerancia-zero-a-todas-as-formas-de-violencia-e-abuso\/","og_site_name":"ADoP","article_publisher":"https:\/\/www.facebook.com\/profile.php?id=61565720170060","article_published_time":"2024-12-16T15:39:56+00:00","article_modified_time":"2024-12-20T18:24:34+00:00","og_image":[{"width":679,"height":335,"url":"https:\/\/adop.pt\/wp-content\/uploads\/2024\/12\/IMG-20241216-WA0002.jpg","type":"image\/jpeg"}],"author":"carlos.santos","twitter_card":"summary_large_image","twitter_misc":{"Written by":"carlos.santos","Estimated reading time":"1 minute"},"schema":{"@context":"https:\/\/schema.org","@graph":[{"@type":"Article","@id":"https:\/\/adop.pt\/adop-na-conferencia-tolerancia-zero-a-todas-as-formas-de-violencia-e-abuso\/#article","isPartOf":{"@id":"https:\/\/adop.pt\/adop-na-conferencia-tolerancia-zero-a-todas-as-formas-de-violencia-e-abuso\/"},"author":{"name":"carlos.santos","@id":"https:\/\/adop.pt\/#\/schema\/person\/b98187728be24c234000e3a08f383b89"},"headline":"ADoP na Confer\u00eancia &#8220;Toler\u00e2ncia Zero a todas as formas de viol\u00eancia e abuso","datePublished":"2024-12-16T15:39:56+00:00","dateModified":"2024-12-20T18:24:34+00:00","mainEntityOfPage":{"@id":"https:\/\/adop.pt\/adop-na-conferencia-tolerancia-zero-a-todas-as-formas-de-violencia-e-abuso\/"},"wordCount":76,"publisher":{"@id":"https:\/\/adop.pt\/#organization"},"image":{"@id":"https:\/\/adop.pt\/adop-na-conferencia-tolerancia-zero-a-todas-as-formas-de-violencia-e-abuso\/#primaryimage"},"thumbnailUrl":"https:\/\/adop.pt\/wp-content\/uploads\/2024\/12\/IMG-20241216-WA0002.jpg","articleSection":["Sem categoria"],"inLanguage":"en-GB"},{"@type":"WebPage","@id":"https:\/\/adop.pt\/adop-na-conferencia-tolerancia-zero-a-todas-as-formas-de-violencia-e-abuso\/","url":"https:\/\/adop.pt\/adop-na-conferencia-tolerancia-zero-a-todas-as-formas-de-violencia-e-abuso\/","name":"ADoP na Confer\u00eancia \"Toler\u00e2ncia Zero a todas as formas de viol\u00eancia e abuso - ADoP","isPartOf":{"@id":"https:\/\/adop.pt\/#website"},"primaryImageOfPage":{"@id":"https:\/\/adop.pt\/adop-na-conferencia-tolerancia-zero-a-todas-as-formas-de-violencia-e-abuso\/#primaryimage"},"image":{"@id":"https:\/\/adop.pt\/adop-na-conferencia-tolerancia-zero-a-todas-as-formas-de-violencia-e-abuso\/#primaryimage"},"thumbnailUrl":"https:\/\/adop.pt\/wp-content\/uploads\/2024\/12\/IMG-20241216-WA0002.jpg","datePublished":"2024-12-16T15:39:56+00:00","dateModified":"2024-12-20T18:24:34+00:00","breadcrumb":{"@id":"https:\/\/adop.pt\/adop-na-conferencia-tolerancia-zero-a-todas-as-formas-de-violencia-e-abuso\/#breadcrumb"},"inLanguage":"en-GB","potentialAction":[{"@type":"ReadAction","target":["https:\/\/adop.pt\/adop-na-conferencia-tolerancia-zero-a-todas-as-formas-de-violencia-e-abuso\/"]}]},{"@type":"ImageObject","inLanguage":"en-GB","@id":"https:\/\/adop.pt\/adop-na-conferencia-tolerancia-zero-a-todas-as-formas-de-violencia-e-abuso\/#primaryimage","url":"https:\/\/adop.pt\/wp-content\/uploads\/2024\/12\/IMG-20241216-WA0002.jpg","contentUrl":"https:\/\/adop.pt\/wp-content\/uploads\/2024\/12\/IMG-20241216-WA0002.jpg","width":679,"height":335},{"@type":"BreadcrumbList","@id":"https:\/\/adop.pt\/adop-na-conferencia-tolerancia-zero-a-todas-as-formas-de-violencia-e-abuso\/#breadcrumb","itemListElement":[{"@type":"ListItem","position":1,"name":"In\u00edcio","item":"https:\/\/adop.pt\/"},{"@type":"ListItem","position":2,"name":"ADoP na Confer\u00eancia &#8220;Toler\u00e2ncia Zero a todas as formas de viol\u00eancia e abuso"}]},{"@type":"WebSite","@id":"https:\/\/adop.pt\/#website","url":"https:\/\/adop.pt\/","name":"ADoP","description":"Autoridade Antidopagem de Portugal","publisher":{"@id":"https:\/\/adop.pt\/#organization"},"potentialAction":[{"@type":"SearchAction","target":{"@type":"EntryPoint","urlTemplate":"https:\/\/adop.pt\/?s={search_term_string}"},"query-input":{"@type":"PropertyValueSpecification","valueRequired":true,"valueName":"search_term_string"}}],"inLanguage":"en-GB"},{"@type":"Organization","@id":"https:\/\/adop.pt\/#organization","name":"ADoP","url":"https:\/\/adop.pt\/","logo":{"@type":"ImageObject","inLanguage":"en-GB","@id":"https:\/\/adop.pt\/#\/schema\/logo\/image\/","url":"https:\/\/adop.pt\/wp-content\/uploads\/2021\/11\/cropped-adop-logo-bg.jpg","contentUrl":"https:\/\/adop.pt\/wp-content\/uploads\/2021\/11\/cropped-adop-logo-bg.jpg","width":512,"height":512,"caption":"ADoP"},"image":{"@id":"https:\/\/adop.pt\/#\/schema\/logo\/image\/"},"sameAs":["https:\/\/www.facebook.com\/profile.php?id=61565720170060","https:\/\/www.instagram.com\/antidopagem\/"]},{"@type":"Person","@id":"https:\/\/adop.pt\/#\/schema\/person\/b98187728be24c234000e3a08f383b89","name":"carlos.santos","image":{"@type":"ImageObject","inLanguage":"en-GB","@id":"https:\/\/adop.pt\/#\/schema\/person\/image\/","url":"https:\/\/secure.gravatar.com\/avatar\/c49c68bc6498f62a8b1a53400a01ab6909ba53a5ad2bf91c4137b8d78d27907b?s=96&d=mm&r=g","contentUrl":"https:\/\/secure.gravatar.com\/avatar\/c49c68bc6498f62a8b1a53400a01ab6909ba53a5ad2bf91c4137b8d78d27907b?s=96&d=mm&r=g","caption":"carlos.santos"},"sameAs":["http:\/\/ds-dev"],"url":"https:\/\/adop.pt\/en\/author\/carlos-santos\/"}]}},"_links":{"self":[{"href":"https:\/\/adop.pt\/en\/wp-json\/wp\/v2\/posts\/3846","targetHints":{"allow":["GET"]}}],"collection":[{"href":"https:\/\/adop.pt\/en\/wp-json\/wp\/v2\/posts"}],"about":[{"href":"https:\/\/adop.pt\/en\/wp-json\/wp\/v2\/types\/post"}],"author":[{"embeddable":true,"href":"https:\/\/adop.pt\/en\/wp-json\/wp\/v2\/users\/5"}],"replies":[{"embeddable":true,"href":"https:\/\/adop.pt\/en\/wp-json\/wp\/v2\/comments?post=3846"}],"version-history":[{"count":2,"href":"https:\/\/adop.pt\/en\/wp-json\/wp\/v2\/posts\/3846\/revisions"}],"predecessor-version":[{"id":3871,"href":"https:\/\/adop.pt\/en\/wp-json\/wp\/v2\/posts\/3846\/revisions\/3871"}],"wp:featuredmedia":[{"embeddable":true,"href":"https:\/\/adop.pt\/en\/wp-json\/wp\/v2\/media\/3848"}],"wp:attachment":[{"href":"https:\/\/adop.pt\/en\/wp-json\/wp\/v2\/media?parent=3846"}],"wp:term":[{"taxonomy":"category","embeddable":true,"href":"https:\/\/adop.pt\/en\/wp-json\/wp\/v2\/categories?post=3846"},{"taxonomy":"post_tag","embeddable":true,"href":"https:\/\/adop.pt\/en\/wp-json\/wp\/v2\/tags?post=3846"}],"curies":[{"name":"wp","href":"https:\/\/api.w.org\/{rel}","templated":true}]}}